{"id":5720,"date":"2014-02-26T10:47:07","date_gmt":"2014-02-26T13:47:07","guid":{"rendered":"http:\/\/anprotec.org.br\/site\/?p=5720"},"modified":"2014-02-26T10:48:05","modified_gmt":"2014-02-26T13:48:05","slug":"votacao-da-pec-290-foi-cancelada","status":"publish","type":"post","link":"https:\/\/anprotec.org.br\/site\/2014\/02\/votacao-da-pec-290-foi-cancelada\/","title":{"rendered":"Vota\u00e7\u00e3o da PEC 290 foi cancelada"},"content":{"rendered":"<p style=\"text-align: justify\"><img decoding=\"async\" loading=\"lazy\" class=\"alignleft size-thumbnail wp-image-3940\" alt=\"lei-reduzida\" src=\"https:\/\/anprotec.org.br\/site\/wp-content\/uploads\/2013\/09\/lei-reduzida-270x160.jpg\" width=\"270\" height=\"160\" \/>Devido \u00e0 obstru\u00e7\u00e3o de v\u00e1rios partidos e pela falta de qu\u00f3rum, o presidente da C\u00e2mara, Henrique Eduardo Alves, cancelou as vota\u00e7\u00f5es da sess\u00e3o extraordin\u00e1ria desta ter\u00e7a-feira (25). Os partidos decidiram entrar em obstru\u00e7\u00e3o devido \u00e0 decis\u00e3o do presidente de n\u00e3o incluir na pauta o requerimento do l\u00edder do PSDB, deputado Antonio Imbassahy (BA), que pede a cria\u00e7\u00e3o de comiss\u00e3o externa para acompanhar investiga\u00e7\u00f5es efetuadas na Holanda sobre a den\u00fancia de que funcion\u00e1rios da Petrobras teriam recebido propina da empresa SBM Offshore, que aluga plataformas flutuantes a companhias petrol\u00edferas.<\/p>\n<p style=\"text-align: justify\">\n<p style=\"text-align: justify\">Para votar esse requerimento, Alves marcou sess\u00e3o extraordin\u00e1ria do Plen\u00e1rio para as 11 horas desta quarta-feira. \u201cCumpriremos a pauta acertada com os senhores l\u00edderes, e esse requerimento ser\u00e1 o primeiro item\u201d, afirmou o presidente.<\/p>\n<p style=\"text-align: justify\">\n<p style=\"text-align: justify\">Na sess\u00e3o desta ter\u00e7a-feira, tamb\u00e9m seriam votadas as seguintes propostas: o requerimento de urg\u00eancia para o Projeto de Resolu\u00e7\u00e3o 204\/13, do deputado Ricardo Izar (PSD-SP), que cria a Comiss\u00e3o Parlamentar de Inqu\u00e9rito (CPI) sobre maus-tratos de animais; o requerimento de urg\u00eancia para o Projeto de Lei <a href=\"http:\/\/www2.camara.leg.br\/camaranoticias\/noticias\/TRABALHO-E-PREVIDENCIA\/438948-TRABALHO-APROVA-PAGAMENTO-DE-ACUMULO-DE-OFICIOS-POR-MEMBROS-DO-MPU.html\" target=\"_blank\">2201\/11<\/a>, do Minist\u00e9rio P\u00fablico da Uni\u00e3o (MPU), que cria a gratifica\u00e7\u00e3o por exerc\u00edcio cumulativo de of\u00edcios dos membros do MPU; e a Proposta de Emenda \u00e0 Constitui\u00e7\u00e3o (PEC) <a href=\"http:\/\/www2.camara.leg.br\/camaranoticias\/noticias\/CIENCIA-E-TECNOLOGIA\/455312-PEC-QUE-INCENTIVA-CIENCIA,-TECNOLOGIA-E-INOVACAO-RECEBE-PARECER-FAVORAVEL.html\" target=\"_blank\">290\/13<\/a>, da deputada Margarida Salom\u00e3o (PT-MG), que muda v\u00e1rios dispositivos constitucionais para melhorar a articula\u00e7\u00e3o entre o Estado e as institui\u00e7\u00f5es de pesquisa com o objetivo de estimular o desenvolvimento cient\u00edfico, tecnol\u00f3gico e a inova\u00e7\u00e3o.<\/p>\n<p style=\"text-align: justify\">\n<p style=\"text-align: justify\"><strong>Sess\u00f5es de quarta-feira<\/strong><\/p>\n<p style=\"text-align: justify\">A pauta da sess\u00e3o das 11 horas inclui o requerimento do l\u00edder do PSDB e as seis propostas que trancam a pauta das sess\u00f5es ordin\u00e1rias do Plen\u00e1rio &#8211; entre elas, o marco civil da internet. Em seguida, haver\u00e1 outra sess\u00e3o extraordin\u00e1ria para analisar o novo C\u00f3digo de Processo Civil (CPC).<\/p>\n<p style=\"text-align: justify\">\n<p style=\"text-align: justify\">* Com informa\u00e7\u00f5es da Ag\u00eancia C\u00e2mara<\/p>\n","protected":false},"excerpt":{"rendered":"<p><!--:pt-->Obstru\u00e7\u00e3o de v\u00e1rios partidos e falta de qu\u00f3rum fizeram o presidente da C\u00e2mara cancelar as vota\u00e7\u00f5es da sess\u00e3o extraordin\u00e1ria de ter\u00e7a-feira, incluindo a emenda constitucional sobre CT&amp;I. <!--:--><\/p>\n","protected":false},"author":8,"featured_media":3940,"comment_status":"open","ping_status":"open","sticky":false,"template":"","format":"standard","meta":{"footnotes":"","_links_to":"","_links_to_target":""},"categories":[3],"tags":[],"calendar":[],"_links":{"self":[{"href":"https:\/\/anprotec.org.br\/site\/wp-json\/wp\/v2\/posts\/5720"}],"collection":[{"href":"https:\/\/anprotec.org.br\/site\/wp-json\/wp\/v2\/posts"}],"about":[{"href":"https:\/\/anprotec.org.br\/site\/wp-json\/wp\/v2\/types\/post"}],"author":[{"embeddable":true,"href":"https:\/\/anprotec.org.br\/site\/wp-json\/wp\/v2\/users\/8"}],"replies":[{"embeddable":true,"href":"https:\/\/anprotec.org.br\/site\/wp-json\/wp\/v2\/comments?post=5720"}],"version-history":[{"count":3,"href":"https:\/\/anprotec.org.br\/site\/wp-json\/wp\/v2\/posts\/5720\/revisions"}],"predecessor-version":[{"id":5723,"href":"https:\/\/anprotec.org.br\/site\/wp-json\/wp\/v2\/posts\/5720\/revisions\/5723"}],"wp:featuredmedia":[{"embeddable":true,"href":"https:\/\/anprotec.org.br\/site\/wp-json\/wp\/v2\/media\/3940"}],"wp:attachment":[{"href":"https:\/\/anprotec.org.br\/site\/wp-json\/wp\/v2\/media?parent=5720"}],"wp:term":[{"taxonomy":"category","embeddable":true,"href":"https:\/\/anprotec.org.br\/site\/wp-json\/wp\/v2\/categories?post=5720"},{"taxonomy":"post_tag","embeddable":true,"href":"https:\/\/anprotec.org.br\/site\/wp-json\/wp\/v2\/tags?post=5720"},{"taxonomy":"calendar","embeddable":true,"href":"https:\/\/anprotec.org.br\/site\/wp-json\/wp\/v2\/calendar?post=5720"}],"curies":[{"name":"wp","href":"https:\/\/api.w.org\/{rel}","templated":true}]}}