{"id":57151,"date":"2025-09-09T14:18:48","date_gmt":"2025-09-09T17:18:48","guid":{"rendered":"https:\/\/anprotec.org.br\/site\/?p=57151"},"modified":"2025-09-09T15:32:42","modified_gmt":"2025-09-09T18:32:42","slug":"delegacao-brasileira-inicia-missao-internacional-china-com-assinatura-de-cartas-de-intencoes-no-china-brics-siip","status":"publish","type":"post","link":"https:\/\/anprotec.org.br\/site\/2025\/09\/delegacao-brasileira-inicia-missao-internacional-china-com-assinatura-de-cartas-de-intencoes-no-china-brics-siip\/","title":{"rendered":"Delega\u00e7\u00e3o brasileira inicia Miss\u00e3o Internacional China com assinatura de Cartas de Inten\u00e7\u00f5es no China-BRICS SIIP"},"content":{"rendered":"<div class=\"wp-block-image\"><img decoding=\"async\" loading=\"lazy\" class=\"wpa-warning wpa-image-missing-alt aligncenter wp-image-57156 size-full\" src=\"https:\/\/anprotec.org.br\/site\/wp-content\/uploads\/2025\/09\/DSC00880-e1757437851156.jpg\" alt=\"\" width=\"700\" height=\"466\" data-warning=\"Missing alt text\" \/><\/div>\n<p>&nbsp;<\/p>\n<p><span style=\"font-weight: 400;\">A Miss\u00e3o Internacional China 2025, organizada pela Anprotec em parceria com o Sebrae, o Minist\u00e9rio das Rela\u00e7\u00f5es Exteriores (MRE) e o Programa Diplomacia para a Inova\u00e7\u00e3o, come\u00e7ou nesta segunda-feira, 8 de setembro, com a participa\u00e7\u00e3o de representantes de 27 institui\u00e7\u00f5es brasileiras de ci\u00eancia, tecnologia e inova\u00e7\u00e3o.<\/span><\/p>\n<p><span style=\"font-weight: 400;\">Logo no primeiro dia, a delega\u00e7\u00e3o visitou o China-BRICS Science and Innovation Incubation Park (China-BRICS SIIP), em Xiamen, onde 12 ambientes de inova\u00e7\u00e3o brasileiros formalizaram a assinatura de Cartas de Inten\u00e7\u00f5es de coopera\u00e7\u00e3o com a institui\u00e7\u00e3o chinesa. Os acordos estabelecem bases para iniciativas de soft landing, internacionaliza\u00e7\u00e3o de startups, programas conjuntos de acelera\u00e7\u00e3o, apoio regulat\u00f3rio e facilita\u00e7\u00e3o de conex\u00f5es com investidores e empresas.<\/span><\/p>\n<p><span style=\"font-weight: 400;\">\u201cA assinatura desses acordos demonstra, de forma muito clara, a relev\u00e2ncia da miss\u00e3o. Eles evidenciam como a Anprotec trabalha para gerar valor concreto aos seus associados, articulando oportunidades que ampliam a presen\u00e7a internacional e fortalecem a inser\u00e7\u00e3o do ecossistema brasileiro nas principais agendas globais de inova\u00e7\u00e3o\u201d, destacou Adriana Ferreira de Faria, presidente da Anprotec.<\/span><\/p>\n<p><span style=\"font-weight: 400;\">As institui\u00e7\u00f5es signat\u00e1rias foram:<\/span><\/p>\n<ul>\n<li style=\"font-weight: 400;\" aria-level=\"1\"><span style=\"font-weight: 400;\">Universidade Federal de Pernambuco (UFPE)<\/span><\/li>\n<li style=\"font-weight: 400;\" aria-level=\"1\"><span style=\"font-weight: 400;\">Universidade Estadual do Tocantins (Unitins)<\/span><\/li>\n<li style=\"font-weight: 400;\" aria-level=\"1\"><span style=\"font-weight: 400;\">Universidade do Vale do Rio dos Sinos (Unisinos)<\/span><\/li>\n<li style=\"font-weight: 400;\" aria-level=\"1\"><span style=\"font-weight: 400;\">Universidade Federal de Vi\u00e7osa (UFV) \/ Parque Tecnol\u00f3gico de Vi\u00e7osa (tecnoPARQ)<\/span><\/li>\n<li style=\"font-weight: 400;\" aria-level=\"1\"><span style=\"font-weight: 400;\">Parque Cient\u00edfico e Tecnol\u00f3gico da Universidade Federal de Juiz de Fora (PartecJF\/UFJF)<\/span><\/li>\n<li style=\"font-weight: 400;\" aria-level=\"1\"><span style=\"font-weight: 400;\">Parque de Inova\u00e7\u00e3o Tecnol\u00f3gica de S\u00e3o Jos\u00e9 dos Campos (PIT)<\/span><\/li>\n<li style=\"font-weight: 400;\" aria-level=\"1\"><span style=\"font-weight: 400;\">Rede Nacional de Ensino e Pesquisa (RNP)<\/span><\/li>\n<li style=\"font-weight: 400;\" aria-level=\"1\"><span style=\"font-weight: 400;\">Instituto Federal de Educa\u00e7\u00e3o, Ci\u00eancia e Tecnologia do Cear\u00e1 (IFCE)<\/span><\/li>\n<li style=\"font-weight: 400;\" aria-level=\"1\"><span style=\"font-weight: 400;\">Parque Cient\u00edfico e Tecnol\u00f3gico da Pontif\u00edcia Universidade Cat\u00f3lica do Rio Grande do Sul (Tecnopuc)<\/span><\/li>\n<li style=\"font-weight: 400;\" aria-level=\"1\"><span style=\"font-weight: 400;\">Ag\u00eancia de Inova\u00e7\u00e3o Inova Unicamp, da Universidade Estadual de Campinas (Unicamp)<\/span><\/li>\n<li style=\"font-weight: 400;\" aria-level=\"1\"><span style=\"font-weight: 400;\">Pontif\u00edcia Universidade Cat\u00f3lica de Campinas (PUC-Campinas)<\/span><\/li>\n<li style=\"font-weight: 400;\" aria-level=\"1\"><span style=\"font-weight: 400;\">Pontif\u00edcia Universidade Cat\u00f3lica do Paran\u00e1 (PUCPR)<\/span><\/li>\n<\/ul>\n<p>&nbsp;<\/p>\n<p><span style=\"font-weight: 400;\">Durante a visita, os participantes tamb\u00e9m conheceram projetos inovadores apoiados pelo China-BRICS SIIP, como o Huajin (Pollution Abatement Initiative), o Lance (Smart Transportation Project), a New Silk Road (Malaysia Big Data Project) e a Tianwei Technology (Satellite Communication).<\/span><\/p>\n<p><b>Articula\u00e7\u00e3o da Anprotec<\/b><\/p>\n<p><span style=\"font-weight: 400;\">A aproxima\u00e7\u00e3o entre os ecossistemas de inova\u00e7\u00e3o do Brasil e da China vem sendo constru\u00edda h\u00e1 mais de um ano. Em novembro de 2024, a Anprotec participou do lan\u00e7amento da China-BRICS Science and Innovation Incubation Network for the New Era, em Xiamen, iniciativa que busca fortalecer a coopera\u00e7\u00e3o internacional em \u00e1reas estrat\u00e9gicas como energias renov\u00e1veis, biotecnologia, blockchain e TIC.<\/span><\/p>\n<p><span style=\"font-weight: 400;\">Desde ent\u00e3o, a Anprotec tem trabalhado para identificar perfis de institui\u00e7\u00f5es brasileiras aptas a se conectar ao China-BRICS SIIP, consolidando uma agenda de internacionaliza\u00e7\u00e3o que, j\u00e1 no primeiro dia da miss\u00e3o, resultou na assinatura de 12 novas parcerias.<\/span><\/p>\n<p><span style=\"font-weight: 400;\">\u201cA assinatura dessas Cartas de Inten\u00e7\u00f5es confirma o reconhecimento internacional da Anprotec, que h\u00e1 quase duas d\u00e9cadas realiza miss\u00f5es internacionais para conectar o Brasil \u00e0s principais agendas globais de ci\u00eancia, tecnologia e inova\u00e7\u00e3o. Hoje, consolidamos um trabalho que refor\u00e7a a credibilidade da associa\u00e7\u00e3o e amplia as oportunidades de coopera\u00e7\u00e3o para nossos associados\u201d, afirmou Lu\u00eds Gustavo Peles, consultor de projetos da Anprotec e l\u00edder das iniciativas de internacionaliza\u00e7\u00e3o da associa\u00e7\u00e3o.<\/span><\/p>\n<p><b>Continuidade da miss\u00e3o<\/b><\/p>\n<p><span style=\"font-weight: 400;\">At\u00e9 o dia 19 de setembro, a delega\u00e7\u00e3o visitar\u00e1 institui\u00e7\u00f5es de refer\u00eancia em Xiamen e Pequim, incluindo a Base de Inova\u00e7\u00e3o do BRICS, al\u00e9m de participar da 42\u00aa Confer\u00eancia Mundial da IASP (International Association of Science Parks and Areas of Innovation), o principal encontro global de parques cient\u00edficos e \u00e1reas de inova\u00e7\u00e3o, que come\u00e7a na pr\u00f3xima semana, em Pequim.<\/span><\/p>\n<p>As fotos de todos representantes durante as assinaturas est\u00e3o dispon\u00edveis no <a href=\"https:\/\/www.instagram.com\/p\/DOY_4IujgyN\/?img_index=1\">Instagram<\/a> e <a href=\"https:\/\/www.linkedin.com\/feed\/update\/urn:li:activity:7371244344827248640\">LinkedIn<\/a> da Anprotec.<\/p>\n","protected":false},"excerpt":{"rendered":"<p>&nbsp; A Miss\u00e3o Internacional China 2025, organizada pela Anprotec em<span class=\"excerpt-hellip\"> [\u2026]<\/span><\/p>\n","protected":false},"author":8,"featured_media":57166,"comment_status":"closed","ping_status":"closed","sticky":false,"template":"","format":"standard","meta":{"footnotes":"","_links_to":"","_links_to_target":""},"categories":[395,413,3],"tags":[],"calendar":[],"_links":{"self":[{"href":"https:\/\/anprotec.org.br\/site\/wp-json\/wp\/v2\/posts\/57151"}],"collection":[{"href":"https:\/\/anprotec.org.br\/site\/wp-json\/wp\/v2\/posts"}],"about":[{"href":"https:\/\/anprotec.org.br\/site\/wp-json\/wp\/v2\/types\/post"}],"author":[{"embeddable":true,"href":"https:\/\/anprotec.org.br\/site\/wp-json\/wp\/v2\/users\/8"}],"replies":[{"embeddable":true,"href":"https:\/\/anprotec.org.br\/site\/wp-json\/wp\/v2\/comments?post=57151"}],"version-history":[{"count":2,"href":"https:\/\/anprotec.org.br\/site\/wp-json\/wp\/v2\/posts\/57151\/revisions"}],"predecessor-version":[{"id":57170,"href":"https:\/\/anprotec.org.br\/site\/wp-json\/wp\/v2\/posts\/57151\/revisions\/57170"}],"wp:featuredmedia":[{"embeddable":true,"href":"https:\/\/anprotec.org.br\/site\/wp-json\/wp\/v2\/media\/57166"}],"wp:attachment":[{"href":"https:\/\/anprotec.org.br\/site\/wp-json\/wp\/v2\/media?parent=57151"}],"wp:term":[{"taxonomy":"category","embeddable":true,"href":"https:\/\/anprotec.org.br\/site\/wp-json\/wp\/v2\/categories?post=57151"},{"taxonomy":"post_tag","embeddable":true,"href":"https:\/\/anprotec.org.br\/site\/wp-json\/wp\/v2\/tags?post=57151"},{"taxonomy":"calendar","embeddable":true,"href":"https:\/\/anprotec.org.br\/site\/wp-json\/wp\/v2\/calendar?post=57151"}],"curies":[{"name":"wp","href":"https:\/\/api.w.org\/{rel}","templated":true}]}}