{"id":5706,"date":"2014-02-25T11:35:06","date_gmt":"2014-02-25T14:35:06","guid":{"rendered":"http:\/\/anprotec.org.br\/site\/?p=5706"},"modified":"2014-02-25T11:48:38","modified_gmt":"2014-02-25T14:48:38","slug":"abvcap-promove-workshop-para-al","status":"publish","type":"post","link":"https:\/\/anprotec.org.br\/site\/2014\/02\/abvcap-promove-workshop-para-al\/","title":{"rendered":"<!--:pt-->Abvcap promove workshop para AL e Caribe <!--:-->"},"content":{"rendered":"<p><!--:pt--><\/p>\n<p style=\"text-align: justify\"><img decoding=\"async\" loading=\"lazy\" class=\"alignleft size-thumbnail wp-image-5707\" alt=\"workshop abvcap\" src=\"https:\/\/anprotec.org.br\/site\/wp-content\/uploads\/2014\/02\/workshop-abvcap-270x160.jpg\" width=\"270\" height=\"160\" \/>Nos dias 16 e 17 de abril, a Associa\u00e7\u00e3o Brasileira de Private Equity &amp; Venture Capital (ABVCAP) promover\u00e1 o Workshop Regional para Am\u00e9rica Latina e Caribe, no Rio de Janeiro, com apoio do Comit\u00ea de Aquisi\u00e7\u00f5es e Fus\u00f5es (CAF), BM&amp;F Bovespa e Anprotec.<b> <\/b>O objetivo \u00e9 divulgar a experi\u00eancia brasileira de representa\u00e7\u00e3o e fomento da ind\u00fastria de <i>private equity<\/i>, <i>seed<\/i> e <i>venture capital<\/i>, promovendo interc\u00e2mbio com institui\u00e7\u00f5es latino-americanas que tamb\u00e9m atuam nesse segmento, para que cooperem ente si e se fortale\u00e7am em seus respectivos pa\u00edses e na regi\u00e3o como um todo.<\/p>\n<p style=\"text-align: justify\">Na programa\u00e7\u00e3o, diversos pain\u00e9is v\u00e3o abordar o panorama e o marco legal da ind\u00fastria de investimentos no Brasil, o papel da Abvcap e de entidades de fomento e desenvolvimento nacionais, dentre outros temas. Por isso, gestores de parques e incubadoras s\u00e3o parte do p\u00fablico alvo.<\/p>\n<p style=\"text-align: justify\">As inscri\u00e7\u00f5es s\u00e3o gratuitas e podem ser feitas at\u00e9 o dia 14 de mar\u00e7o. Para se inscrever, \u00e9 necess\u00e1rio preencher esse <a href=\"http:\/\/www.anprotec.org.br\/Relata\/Formulario%20de%20inscricao.xls\" target=\"_blank\">formul\u00e1rio <\/a>e enviar para o email <a href=\"mailto:eventos@abvcap.com.br\" target=\"_blank\">eventos@abvcap.com.br<\/a>.<\/p>\n<p style=\"text-align: justify\">\n<p style=\"text-align: justify\"><b>Congresso Abvcap 2014 <\/b><b><\/b><\/p>\n<p style=\"text-align: justify\">O Workshop Regional para Am\u00e9rica Latina e Caribe vai ocorrer ap\u00f3s a realiza\u00e7\u00e3o do <a href=\"http:\/\/www.congressoabvcap.com.br\/portugues\/Default.aspx\" target=\"_blank\">Congresso ABVCAP 2014<\/a>, nos dias 14 e 15 de abril, no Rio de Janeiro (RJ). Promovido pela Abvcap, com apoio da Anprotec e Anjos do Brasil, o evento \u00e9 o maior encontro de private, venture e seed capital da Am\u00e9rica Latina, reunindo importantes players do cen\u00e1rio nacional e internacional.<\/p>\n<p style=\"text-align: justify\">Na edi\u00e7\u00e3o deste ano, ser\u00e3o discutidos temas como o impacto da nova lei anticorrup\u00e7\u00e3o para investidores de Private Equity e Venture Capital (PE&amp;VC), a vis\u00e3o dos investidores internacionais das oportunidades no pa\u00eds e cases de sucesso do mercado de participa\u00e7\u00f5es. Dentre o p\u00fablico-alvo, est\u00e3o investidores institucionais, empreendedores, representantes de incubadoras, entidades governamentais e de fomento.<\/p>\n<p style=\"text-align: justify\">As inscri\u00e7\u00f5es podem ser feitas neste <a href=\"http:\/\/www.congressoabvcap.com.br\/portugues\/inscricoes.aspx\">link<\/a>, at\u00e9 o dia 14 de mar\u00e7o, com desconto para os membros das entidades apoiadoras. Os associados da Anprotec devem salvar os dados da inscri\u00e7\u00e3o e n\u00e3o emitir o boleto banc\u00e1rio, que ser\u00e1 enviado posteriormente ao email fornecido no cadastro.<\/p>\n<p style=\"text-align: justify\">\n<p style=\"text-align: justify\"><b>Congresso Abvcap 2014<\/b><\/p>\n<p style=\"text-align: justify\"><b>Data:<\/b> 14 e 15 de abril<\/p>\n<p style=\"text-align: justify\"><b>Local:<\/b> Hotel Sofitel (Av. Atl\u00e2ntica, 4240 &#8211; Copacabana, Rio de Janeiro &#8211; RJ<\/p>\n<p style=\"text-align: justify\"><b>Inscri\u00e7\u00f5es:<\/b> at\u00e9 dia 14 de mar\u00e7o, com desconto para associados Anprotec<\/p>\n<p style=\"text-align: justify\">\n<p style=\"text-align: justify\"><b>Workshop Regional para Am\u00e9rica Latina e Caribe<\/b><\/p>\n<p style=\"text-align: justify\"><b>Data:<\/b> 16 e 17 de abril<\/p>\n<p style=\"text-align: justify\"><b>Local:<\/b> Centro de Conven\u00e7\u00f5es da Bolsa do Rio \u2013 Pra\u00e7a XV de Novembro, 20, Rio de Janeiro \u2013 RJ<\/p>\n<p style=\"text-align: justify\"><b>Inscri\u00e7\u00f5es:<\/b> at\u00e9 dia 14 de mar\u00e7o, gratuitas<\/p>\n<p style=\"text-align: justify\">* Com informa\u00e7\u00f5es da ABVCAP<\/p>\n","protected":false},"excerpt":{"rendered":"<p><!--:pt-->Evento ser\u00e1 realizado na sequ\u00eancia do Congresso Abvcap, para divulgar a experi\u00eancia brasileira em investimentos e promover interc\u00e2mbio com institui\u00e7\u00f5es latino-americanas. <!--:--><\/p>\n","protected":false},"author":8,"featured_media":5707,"comment_status":"open","ping_status":"open","sticky":false,"template":"","format":"standard","meta":{"footnotes":"","_links_to":"","_links_to_target":""},"categories":[3],"tags":[],"calendar":[],"_links":{"self":[{"href":"https:\/\/anprotec.org.br\/site\/wp-json\/wp\/v2\/posts\/5706"}],"collection":[{"href":"https:\/\/anprotec.org.br\/site\/wp-json\/wp\/v2\/posts"}],"about":[{"href":"https:\/\/anprotec.org.br\/site\/wp-json\/wp\/v2\/types\/post"}],"author":[{"embeddable":true,"href":"https:\/\/anprotec.org.br\/site\/wp-json\/wp\/v2\/users\/8"}],"replies":[{"embeddable":true,"href":"https:\/\/anprotec.org.br\/site\/wp-json\/wp\/v2\/comments?post=5706"}],"version-history":[{"count":7,"href":"https:\/\/anprotec.org.br\/site\/wp-json\/wp\/v2\/posts\/5706\/revisions"}],"predecessor-version":[{"id":5711,"href":"https:\/\/anprotec.org.br\/site\/wp-json\/wp\/v2\/posts\/5706\/revisions\/5711"}],"wp:featuredmedia":[{"embeddable":true,"href":"https:\/\/anprotec.org.br\/site\/wp-json\/wp\/v2\/media\/5707"}],"wp:attachment":[{"href":"https:\/\/anprotec.org.br\/site\/wp-json\/wp\/v2\/media?parent=5706"}],"wp:term":[{"taxonomy":"category","embeddable":true,"href":"https:\/\/anprotec.org.br\/site\/wp-json\/wp\/v2\/categories?post=5706"},{"taxonomy":"post_tag","embeddable":true,"href":"https:\/\/anprotec.org.br\/site\/wp-json\/wp\/v2\/tags?post=5706"},{"taxonomy":"calendar","embeddable":true,"href":"https:\/\/anprotec.org.br\/site\/wp-json\/wp\/v2\/calendar?post=5706"}],"curies":[{"name":"wp","href":"https:\/\/api.w.org\/{rel}","templated":true}]}}