{"id":5665,"date":"2014-02-20T09:51:42","date_gmt":"2014-02-20T12:51:42","guid":{"rendered":"http:\/\/anprotec.org.br\/site\/?p=5665"},"modified":"2014-02-21T09:22:21","modified_gmt":"2014-02-21T12:22:21","slug":"finep-lanca-o-paiss-agricola","status":"publish","type":"post","link":"https:\/\/anprotec.org.br\/site\/2014\/02\/finep-lanca-o-paiss-agricola\/","title":{"rendered":"Finep e BNDES lan\u00e7am o PAISS Agr\u00edcola"},"content":{"rendered":"<p style=\"text-align: justify\"><img decoding=\"async\" loading=\"lazy\" class=\"alignleft size-thumbnail wp-image-5666\" alt=\"finep\" src=\"https:\/\/anprotec.org.br\/site\/wp-content\/uploads\/2014\/02\/finep-270x160.jpg\" width=\"270\" height=\"160\" \/>Nesta semana, a Finep \u00a0e o BNDES lan\u00e7aram o Plano de Apoio Conjunto \u00e0 Inova\u00e7\u00e3o Tecnol\u00f3gica Agr\u00edcola no Setor Sucroenerg\u00e9tico, o <a href=\"http:\/\/www.finep.gov.br\/pagina.asp?pag=programas_paissagricola\" target=\"_blank\">PAISS Agr\u00edcola<\/a>. O programa tem como objetivo elevar os investimentos em projetos de risco tecnol\u00f3gico e fortalecer as rela\u00e7\u00f5es entre empresas e setor p\u00fablico. O evento foi realizado na sede da Uni\u00e3o da Ind\u00fastria de Cana-de-A\u00e7\u00facar (Unica), em S\u00e3o Paulo, e contou com a participa\u00e7\u00e3o dos presidentes da Finep, Glauco Arbix, do BNDES, Luciano Coutinho, e do ministro de Ci\u00eancia, Tecnologia e Inova\u00e7\u00e3o, Marco Antonio Raupp.<\/p>\n<p style=\"text-align: justify\">\n<p style=\"text-align: justify\">No total, ser\u00e3o disponibilizados R$ 1,48 bilh\u00e3o para o per\u00edodo 2014-2018. O or\u00e7amento prev\u00ea R$ 1,4 bilh\u00e3o em financiamentos reembols\u00e1veis, que incluem todas as linhas de cr\u00e9dito de Finep e BNDES, al\u00e9m de instrumentos de renda vari\u00e1vel de ambas as institui\u00e7\u00f5es. O PAISS Agr\u00edcola ainda disponibilizar\u00e1 R$ 80 milh\u00f5es de recursos n\u00e3o reembols\u00e1veis, sendo R$ 40 milh\u00f5es por meio do Fundo Tecnol\u00f3gico (BNDES Funtec) e R$ 40 milh\u00f5es de subven\u00e7\u00e3o econ\u00f4mica pela Finep. Veja o edital, cronograma e mais detalhes na <a href=\"http:\/\/www.finep.gov.br\/pagina.asp?pag=programas_paissagricola\" target=\"_blank\">p\u00e1gina do programa<\/a>.<\/p>\n<p style=\"text-align: justify\">\n<p style=\"text-align: justify\">&#8220;O desenvolvimento da tecnologia sucroalcooleira \u00e9 fundamental para darmos saltos na produ\u00e7\u00e3o. O PAISS Agr\u00edcola tem um processo simplificado, com dura\u00e7\u00e3o de quatro meses, sem a necessidade de envio de documenta\u00e7\u00e3o f\u00edsica&#8221;, afirmou o presidente da Finep, Glauco Arbix. Os primeiros desembolsos ser\u00e3o liberados ainda em 2014.<\/p>\n<p style=\"text-align: justify\">\n<p style=\"text-align: justify\">O presidente do BNDES, Luciano Coutinho, ressaltou que \u00e9 preciso acelerar um processo de mudan\u00e7as no setor de etanol. &#8220;A produ\u00e7\u00e3o de etanol da primeira gera\u00e7\u00e3o j\u00e1 est\u00e1 otimizada. O pr\u00f3ximo passo \u00e9 introduzir a cana transg\u00eanica na produ\u00e7\u00e3o agr\u00edcola para conseguirmos aumentar a produtividade. Vale lembrar que a cana \u00e9 a segunda maior fonte de energia prim\u00e1ria e a primeira renov\u00e1vel no pa\u00eds&#8221;, disse.<\/p>\n<p style=\"text-align: justify\">\n<p style=\"text-align: justify\">O PAISS Agr\u00edcola pretende impulsionar o setor, coordenar as a\u00e7\u00f5es de fomento \u00e0 inova\u00e7\u00e3o e aprimorar a integra\u00e7\u00e3o dos instrumentos dispon\u00edveis para o financiamento de projetos.<\/p>\n<p style=\"text-align: justify\">\n<p style=\"text-align: justify\">A presidente da Unica, Elizabeth Farina, abordou as dificuldades econ\u00f4mico-financeiras do setor e como o quadro deve ser revertido. &#8220;\u00c9 preciso corrigir a pol\u00edtica de pre\u00e7os de combust\u00edveis, retomando a Contribui\u00e7\u00e3o de Interven\u00e7\u00e3o no Dom\u00ednio Econ\u00f4mico (Cide) dos combust\u00edveis e valorizando o etanol como matriz energ\u00e9tica. A\u00e7\u00f5es como o PAISS Agr\u00edcola tornam poss\u00edvel o investimento em inova\u00e7\u00e3o, a retomada de ganhos em produtividade e a redu\u00e7\u00e3o de custos&#8221;, ressaltou ela.<\/p>\n<p style=\"text-align: justify\">\n<p style=\"text-align: justify\">Ser\u00e3o apoiados pelo programa planos de neg\u00f3cios de inova\u00e7\u00e3o que se destinem a cadeias produtivas da cana-de-a\u00e7\u00facar e de outras culturas energ\u00e9ticas compat\u00edveis, complementares e\/ou consorci\u00e1veis com o sistema agroindustrial da cana-de-a\u00e7\u00facar, desde que inseridas em uma das cinco linhas tem\u00e1ticas fixadas.<\/p>\n<p style=\"text-align: justify\">\n<p style=\"text-align: justify\">A primeira linha inclui novas variedades de cana, sobretudo aquelas voltadas aos ambientes de produ\u00e7\u00e3o das regi\u00f5es de fronteira, mais adequadas \u00e0 mecaniza\u00e7\u00e3o agr\u00edcola. A segunda \u00e9 destinada a m\u00e1quinas e implementos para o plantio e\/ou colheita, e a terceira focar\u00e1 os sistemas integrados de manejo, planejamento e de controle da produ\u00e7\u00e3o. A quarta linha engloba t\u00e9cnicas mais \u00e1geis e eficientes de propaga\u00e7\u00e3o de mudas e dispositivos biotecnol\u00f3gicos inovadores para o plantio. A quinta linha destinar\u00e1 recursos para projetos que contemplem a adapta\u00e7\u00e3o de sistemas industriais para culturas energ\u00e9ticas compat\u00edveis, complementares e\/ou consorci\u00e1veis com o sistema agroindustrial do etanol produzido a partir da cana-de-a\u00e7\u00facar.<\/p>\n<p style=\"text-align: justify\">* Com foto e informa\u00e7\u00f5es da Finep<\/p>\n","protected":false},"excerpt":{"rendered":"<p><!--:pt-->Plano de Apoio Conjunto \u00e0 Inova\u00e7\u00e3o Tecnol\u00f3gica Agr\u00edcola no Setor Sucroenerg\u00e9tico visa elevar investimento em projetos de risco tecnol\u00f3gico e fortalecer rela\u00e7\u00f5es entre empresas e governo.<!--:--><\/p>\n","protected":false},"author":8,"featured_media":5666,"comment_status":"open","ping_status":"open","sticky":false,"template":"","format":"standard","meta":{"footnotes":"","_links_to":"","_links_to_target":""},"categories":[3],"tags":[],"calendar":[],"_links":{"self":[{"href":"https:\/\/anprotec.org.br\/site\/wp-json\/wp\/v2\/posts\/5665"}],"collection":[{"href":"https:\/\/anprotec.org.br\/site\/wp-json\/wp\/v2\/posts"}],"about":[{"href":"https:\/\/anprotec.org.br\/site\/wp-json\/wp\/v2\/types\/post"}],"author":[{"embeddable":true,"href":"https:\/\/anprotec.org.br\/site\/wp-json\/wp\/v2\/users\/8"}],"replies":[{"embeddable":true,"href":"https:\/\/anprotec.org.br\/site\/wp-json\/wp\/v2\/comments?post=5665"}],"version-history":[{"count":6,"href":"https:\/\/anprotec.org.br\/site\/wp-json\/wp\/v2\/posts\/5665\/revisions"}],"predecessor-version":[{"id":5680,"href":"https:\/\/anprotec.org.br\/site\/wp-json\/wp\/v2\/posts\/5665\/revisions\/5680"}],"wp:featuredmedia":[{"embeddable":true,"href":"https:\/\/anprotec.org.br\/site\/wp-json\/wp\/v2\/media\/5666"}],"wp:attachment":[{"href":"https:\/\/anprotec.org.br\/site\/wp-json\/wp\/v2\/media?parent=5665"}],"wp:term":[{"taxonomy":"category","embeddable":true,"href":"https:\/\/anprotec.org.br\/site\/wp-json\/wp\/v2\/categories?post=5665"},{"taxonomy":"post_tag","embeddable":true,"href":"https:\/\/anprotec.org.br\/site\/wp-json\/wp\/v2\/tags?post=5665"},{"taxonomy":"calendar","embeddable":true,"href":"https:\/\/anprotec.org.br\/site\/wp-json\/wp\/v2\/calendar?post=5665"}],"curies":[{"name":"wp","href":"https:\/\/api.w.org\/{rel}","templated":true}]}}