{"id":5649,"date":"2014-02-20T09:20:23","date_gmt":"2014-02-20T12:20:23","guid":{"rendered":"http:\/\/anprotec.org.br\/site\/?p=5649"},"modified":"2014-02-20T09:22:53","modified_gmt":"2014-02-20T12:22:53","slug":"incubadora-habitat-lanca-edital-para-novas-empresas","status":"publish","type":"post","link":"https:\/\/anprotec.org.br\/site\/2014\/02\/incubadora-habitat-lanca-edital-para-novas-empresas\/","title":{"rendered":"Habitat lan\u00e7a edital para novos empreendimentos"},"content":{"rendered":"<p style=\"text-align: justify\"><img decoding=\"async\" loading=\"lazy\" class=\"alignleft size-thumbnail wp-image-5650\" alt=\"Foto Incubadora HABITAT\" src=\"https:\/\/anprotec.org.br\/site\/wp-content\/uploads\/2014\/02\/Foto-Incubadora-HABITAT-270x160.jpg\" width=\"270\" height=\"160\" \/>A Incubadora de Empresas HABITAT e a sua gestora, Biominas Brasil, anunciam a chamada 01\/2014 para sele\u00e7\u00e3o de novas empresas e projetos. De \u00a0alcance nacional e internacional, a chamada tem o objetivo de identificar e selecionar empreendimentos de base tecnol\u00f3gica no setor de ci\u00eancias da vida para ingressar ao programa de incuba\u00e7\u00e3o da HABITAT no primeiro semestre de 2014. O prazo para as inscri\u00e7\u00f5es \u00e9 de 12 de fevereiro a 28 de mar\u00e7o de 2014.<\/p>\n<p style=\"text-align: justify\">Poder\u00e3o ser inscritas empresas nascentes que tenham atua\u00e7\u00e3o no setor de ci\u00eancias da vida em \u00e1reas como: sa\u00fade humana e animal, agroneg\u00f3cios, insumos, meio ambiente e TI com foco em sa\u00fade, cujos empreendedores brasileiros ou estrangeiros tenham interesse de desenvolver empresas na HABITAT que est\u00e1 localizada em Belo Horizonte. Al\u00e9m disso, a empresa deve corresponder a uma das seguintes categorias: (i) nova empresa institu\u00edda ou em constitui\u00e7\u00e3o por pessoa f\u00edsica; (ii) nova empresa institu\u00edda ou em constitui\u00e7\u00e3o por pessoa jur\u00eddica; (iii) empresa transferida, da regi\u00e3o, de outras cidades do pa\u00eds ou do exterior; (iv) unidade organizacional de desenvolvimento tecnol\u00f3gico de empresa que pretenda desenvolver produto e ou processo de base biotecnol\u00f3gica.<\/p>\n<p style=\"text-align: justify\">A proposta a ser apresentada pelos interessados consiste em um Plano de Neg\u00f3cio cuja estrutura deve atender ao roteiro anexado ao edital, contendo informa\u00e7\u00f5es t\u00e9cnicas, econ\u00f4mico-financeiras, mercadol\u00f3gicas e gerenciais do projeto. O edital est\u00e1 dispon\u00edvel para download no site da HABITAT, clicando <a href=\"http:\/\/incubadorahabitat.org.br\/downloads\" target=\"_blank\">aqui<\/a>.<\/p>\n<p style=\"text-align: justify\">Os planos de neg\u00f3cio selecionados ter\u00e3o a oportunidade de se desenvolver em um ambiente especialmente projetado para empreendimentos sens\u00edveis \u00e0s regulamenta\u00e7\u00f5es sanit\u00e1rias, com acesso a salas de uso privativo, laborat\u00f3rios, almoxarifados, c\u00e2maras frias, central de esteriliza\u00e7\u00e3o, salas de reuni\u00e3o e \u00e1rea de conviv\u00eancia \u2013 todos de uso compartilhado. Tamb\u00e9m receber\u00e3o consultorias, treinamentos, apoio administrativo e gerencial.<\/p>\n<p style=\"text-align: justify\">* Com informa\u00e7\u00f5es da incubadora Habitat.<\/p>\n","protected":false},"excerpt":{"rendered":"<p><!--:pt-->Chamada de alcance nacional e internacional vai selecionar novas empresas e projetos de base tecnol\u00f3gica do setor de ci\u00eancias da vida.  O prazo para as inscri\u00e7\u00f5es \u00e9 at\u00e9 28 de mar\u00e7o. <!--:--><\/p>\n","protected":false},"author":8,"featured_media":5650,"comment_status":"open","ping_status":"open","sticky":false,"template":"","format":"standard","meta":{"footnotes":"","_links_to":"","_links_to_target":""},"categories":[3],"tags":[],"calendar":[],"_links":{"self":[{"href":"https:\/\/anprotec.org.br\/site\/wp-json\/wp\/v2\/posts\/5649"}],"collection":[{"href":"https:\/\/anprotec.org.br\/site\/wp-json\/wp\/v2\/posts"}],"about":[{"href":"https:\/\/anprotec.org.br\/site\/wp-json\/wp\/v2\/types\/post"}],"author":[{"embeddable":true,"href":"https:\/\/anprotec.org.br\/site\/wp-json\/wp\/v2\/users\/8"}],"replies":[{"embeddable":true,"href":"https:\/\/anprotec.org.br\/site\/wp-json\/wp\/v2\/comments?post=5649"}],"version-history":[{"count":7,"href":"https:\/\/anprotec.org.br\/site\/wp-json\/wp\/v2\/posts\/5649\/revisions"}],"predecessor-version":[{"id":5664,"href":"https:\/\/anprotec.org.br\/site\/wp-json\/wp\/v2\/posts\/5649\/revisions\/5664"}],"wp:featuredmedia":[{"embeddable":true,"href":"https:\/\/anprotec.org.br\/site\/wp-json\/wp\/v2\/media\/5650"}],"wp:attachment":[{"href":"https:\/\/anprotec.org.br\/site\/wp-json\/wp\/v2\/media?parent=5649"}],"wp:term":[{"taxonomy":"category","embeddable":true,"href":"https:\/\/anprotec.org.br\/site\/wp-json\/wp\/v2\/categories?post=5649"},{"taxonomy":"post_tag","embeddable":true,"href":"https:\/\/anprotec.org.br\/site\/wp-json\/wp\/v2\/tags?post=5649"},{"taxonomy":"calendar","embeddable":true,"href":"https:\/\/anprotec.org.br\/site\/wp-json\/wp\/v2\/calendar?post=5649"}],"curies":[{"name":"wp","href":"https:\/\/api.w.org\/{rel}","templated":true}]}}