{"id":56459,"date":"2025-08-29T18:32:11","date_gmt":"2025-08-29T21:32:11","guid":{"rendered":"https:\/\/anprotec.org.br\/site\/?p=56459"},"modified":"2025-08-29T18:34:29","modified_gmt":"2025-08-29T21:34:29","slug":"programa-de-aceleracao-industrial-com-ia-conecta-lab-tem-inscricoes-abertas-ate-24-de-outubro","status":"publish","type":"post","link":"https:\/\/anprotec.org.br\/site\/2025\/08\/programa-de-aceleracao-industrial-com-ia-conecta-lab-tem-inscricoes-abertas-ate-24-de-outubro\/","title":{"rendered":"Programa de Acelera\u00e7\u00e3o Industrial com IA: Conecta Lab tem inscri\u00e7\u00f5es abertas at\u00e9 24 de outubro!"},"content":{"rendered":"<div class=\"wp-block-image\">\n<div class=\"wp-block-image\"><img decoding=\"async\" loading=\"lazy\" class=\"wpa-warning wpa-image-missing-alt  wp-image-56467 aligncenter\" src=\"https:\/\/anprotec.org.br\/site\/wp-content\/uploads\/2025\/08\/26_IMG_PUBLICACAO.png-300x300.webp\" alt=\"\" width=\"464\" height=\"464\" data-warning=\"Missing alt text\" srcset=\"https:\/\/anprotec.org.br\/site\/wp-content\/uploads\/2025\/08\/26_IMG_PUBLICACAO.png-300x300.webp 300w, https:\/\/anprotec.org.br\/site\/wp-content\/uploads\/2025\/08\/26_IMG_PUBLICACAO.png-146x146.webp 146w, https:\/\/anprotec.org.br\/site\/wp-content\/uploads\/2025\/08\/26_IMG_PUBLICACAO.png-50x50.webp 50w, https:\/\/anprotec.org.br\/site\/wp-content\/uploads\/2025\/08\/26_IMG_PUBLICACAO.png-75x75.webp 75w, https:\/\/anprotec.org.br\/site\/wp-content\/uploads\/2025\/08\/26_IMG_PUBLICACAO.png-85x85.webp 85w, https:\/\/anprotec.org.br\/site\/wp-content\/uploads\/2025\/08\/26_IMG_PUBLICACAO.png-80x80.webp 80w, https:\/\/anprotec.org.br\/site\/wp-content\/uploads\/2025\/08\/26_IMG_PUBLICACAO.png.webp 480w\" sizes=\"(max-width: 464px) 100vw, 464px\" \/><\/div>\n<\/div>\n<p><span style=\"font-weight: 400;\">\u00a0 <\/span><\/p>\n<p><span style=\"font-weight: 400;\">O Instituto Euvaldo Lodi do Rio de Janeiro (IEL-RJ), ligado \u00e0 Firjan, lan\u00e7ou um novo edital do Conecta Lab, programa exclusivo para pequenas e m\u00e9dias ind\u00fastrias do estado do Rio de Janeiro que desejam inovar e crescer.<\/span><\/p>\n<p><span style=\"font-weight: 400;\">O Conecta Lab \u00e9 a aceleradora de inova\u00e7\u00e3o da Firjan IEL. A iniciativa apoia a transforma\u00e7\u00e3o digital e sustent\u00e1vel ao conectar pequenas e m\u00e9dias empresas fluminenses a startups, especialistas e institui\u00e7\u00f5es de intelig\u00eancia artificial (IA), oferecendo mentorias, investimentos e cursos.<\/span><\/p>\n<p><span style=\"font-weight: 400;\">O objetivo \u00e9 estimular a competitividade das ind\u00fastrias por meio de solu\u00e7\u00f5es inovadoras em Ind\u00fastria 4.0 e sustentabilidade. O programa ser\u00e1 dividido em duas etapas, com apenas 20 empresas selecionadas:<\/span><\/p>\n<ul>\n<li style=\"font-weight: 400;\" aria-level=\"1\"><span style=\"font-weight: 400;\">Imers\u00e3o: participa\u00e7\u00e3o obrigat\u00f3ria em atividades de qualifica\u00e7\u00e3o e mentoria para explorar desafios, identificar ferramentas de IA adequadas e elaborar um plano de a\u00e7\u00e3o.<\/span><\/li>\n<li style=\"font-weight: 400;\" aria-level=\"1\"><span style=\"font-weight: 400;\">Implementa\u00e7\u00e3o: as empresas aprovadas na fase de imers\u00e3o poder\u00e3o receber at\u00e9 R$ 50 mil em recursos n\u00e3o reembols\u00e1veis, al\u00e9m de contar com mentorias especializadas durante seis meses para desenvolver seus projetos de IA.<\/span><\/li>\n<\/ul>\n<p><span style=\"font-weight: 400;\">A iniciativa busca ampliar o acesso \u00e0 transforma\u00e7\u00e3o digital e incentivar o uso estrat\u00e9gico de tecnologias, em alinhamento com a Nova Ind\u00fastria Brasil, a Agenda Brasil 4.0 e o Plano Brasileiro de Intelig\u00eancia Artificial.<\/span><\/p>\n<p><span style=\"font-weight: 400;\">Para saber mais sobre o programa, e seu <\/span><a href=\"https:\/\/anprotec.org.br\/site\/wp-content\/uploads\/2025\/08\/EDITAL_CONECTA_LAB_001-2025.pdf\"><span style=\"font-weight: 400;\">edital<\/span><\/a><span style=\"font-weight: 400;\">, acesse o site <\/span><a href=\"https:\/\/conectalab.firjan.com.br\/edital?_gl=1*imzrf*_gcl_au*ODUzMjIyMzk5LjE3NTY0ODM0MzY.\"><span style=\"font-weight: 400;\">aqui<\/span><\/a><span style=\"font-weight: 400;\">!<\/span><\/p>\n","protected":false},"excerpt":{"rendered":"<p>\u00a0 O Instituto Euvaldo Lodi do Rio de Janeiro (IEL-RJ),<span class=\"excerpt-hellip\"> [\u2026]<\/span><\/p>\n","protected":false},"author":8,"featured_media":56468,"comment_status":"closed","ping_status":"closed","sticky":false,"template":"","format":"standard","meta":{"footnotes":"","_links_to":"","_links_to_target":""},"categories":[415,3,383,414],"tags":[],"calendar":[],"_links":{"self":[{"href":"https:\/\/anprotec.org.br\/site\/wp-json\/wp\/v2\/posts\/56459"}],"collection":[{"href":"https:\/\/anprotec.org.br\/site\/wp-json\/wp\/v2\/posts"}],"about":[{"href":"https:\/\/anprotec.org.br\/site\/wp-json\/wp\/v2\/types\/post"}],"author":[{"embeddable":true,"href":"https:\/\/anprotec.org.br\/site\/wp-json\/wp\/v2\/users\/8"}],"replies":[{"embeddable":true,"href":"https:\/\/anprotec.org.br\/site\/wp-json\/wp\/v2\/comments?post=56459"}],"version-history":[{"count":2,"href":"https:\/\/anprotec.org.br\/site\/wp-json\/wp\/v2\/posts\/56459\/revisions"}],"predecessor-version":[{"id":56469,"href":"https:\/\/anprotec.org.br\/site\/wp-json\/wp\/v2\/posts\/56459\/revisions\/56469"}],"wp:featuredmedia":[{"embeddable":true,"href":"https:\/\/anprotec.org.br\/site\/wp-json\/wp\/v2\/media\/56468"}],"wp:attachment":[{"href":"https:\/\/anprotec.org.br\/site\/wp-json\/wp\/v2\/media?parent=56459"}],"wp:term":[{"taxonomy":"category","embeddable":true,"href":"https:\/\/anprotec.org.br\/site\/wp-json\/wp\/v2\/categories?post=56459"},{"taxonomy":"post_tag","embeddable":true,"href":"https:\/\/anprotec.org.br\/site\/wp-json\/wp\/v2\/tags?post=56459"},{"taxonomy":"calendar","embeddable":true,"href":"https:\/\/anprotec.org.br\/site\/wp-json\/wp\/v2\/calendar?post=56459"}],"curies":[{"name":"wp","href":"https:\/\/api.w.org\/{rel}","templated":true}]}}