{"id":5641,"date":"2014-02-19T09:52:46","date_gmt":"2014-02-19T12:52:46","guid":{"rendered":"http:\/\/anprotec.org.br\/site\/?p=5641"},"modified":"2014-02-19T09:52:46","modified_gmt":"2014-02-19T12:52:46","slug":"mauricio-guedes-deixa-o-board-da-iasp","status":"publish","type":"post","link":"https:\/\/anprotec.org.br\/site\/2014\/02\/mauricio-guedes-deixa-o-board-da-iasp\/","title":{"rendered":"Maur\u00edcio Guedes deixa o board da IASP"},"content":{"rendered":"<p style=\"text-align: justify\"><img decoding=\"async\" loading=\"lazy\" class=\"alignleft size-thumbnail wp-image-5644\" alt=\"despedida 2\" src=\"https:\/\/anprotec.org.br\/site\/wp-content\/uploads\/2014\/02\/despedida-2-270x160.jpg\" width=\"270\" height=\"160\" \/>O diretor do Parque Tecnol\u00f3gico da Universidade Federal do Rio de Janeiro (UFRJ), Maur\u00edcio Guedes, despediu-se do conselho consultivo da Associa\u00e7\u00e3o Internacional de Parques Tecnol\u00f3gicos (IASP). Ex-presidente da associa\u00e7\u00e3o e atual conselheiro da Anprotec, Guedes foi homenageado pela equipe da IASP em sua despedida.<\/p>\n","protected":false},"excerpt":{"rendered":"<p><!--:pt-->Ex-presidente da associa\u00e7\u00e3o e atual conselheiro da Anprotec, o diretor do Parque Tecnol\u00f3gico da UFRJ participou do \u00faltimo encontro, realizado nessa semana. <!--:--><\/p>\n","protected":false},"author":8,"featured_media":5644,"comment_status":"open","ping_status":"open","sticky":false,"template":"","format":"standard","meta":{"footnotes":"","_links_to":"","_links_to_target":""},"categories":[3],"tags":[],"calendar":[],"_links":{"self":[{"href":"https:\/\/anprotec.org.br\/site\/wp-json\/wp\/v2\/posts\/5641"}],"collection":[{"href":"https:\/\/anprotec.org.br\/site\/wp-json\/wp\/v2\/posts"}],"about":[{"href":"https:\/\/anprotec.org.br\/site\/wp-json\/wp\/v2\/types\/post"}],"author":[{"embeddable":true,"href":"https:\/\/anprotec.org.br\/site\/wp-json\/wp\/v2\/users\/8"}],"replies":[{"embeddable":true,"href":"https:\/\/anprotec.org.br\/site\/wp-json\/wp\/v2\/comments?post=5641"}],"version-history":[{"count":1,"href":"https:\/\/anprotec.org.br\/site\/wp-json\/wp\/v2\/posts\/5641\/revisions"}],"predecessor-version":[{"id":5645,"href":"https:\/\/anprotec.org.br\/site\/wp-json\/wp\/v2\/posts\/5641\/revisions\/5645"}],"wp:featuredmedia":[{"embeddable":true,"href":"https:\/\/anprotec.org.br\/site\/wp-json\/wp\/v2\/media\/5644"}],"wp:attachment":[{"href":"https:\/\/anprotec.org.br\/site\/wp-json\/wp\/v2\/media?parent=5641"}],"wp:term":[{"taxonomy":"category","embeddable":true,"href":"https:\/\/anprotec.org.br\/site\/wp-json\/wp\/v2\/categories?post=5641"},{"taxonomy":"post_tag","embeddable":true,"href":"https:\/\/anprotec.org.br\/site\/wp-json\/wp\/v2\/tags?post=5641"},{"taxonomy":"calendar","embeddable":true,"href":"https:\/\/anprotec.org.br\/site\/wp-json\/wp\/v2\/calendar?post=5641"}],"curies":[{"name":"wp","href":"https:\/\/api.w.org\/{rel}","templated":true}]}}