{"id":5630,"date":"2014-02-18T09:55:03","date_gmt":"2014-02-18T12:55:03","guid":{"rendered":"http:\/\/anprotec.org.br\/site\/?p=5630"},"modified":"2014-02-19T10:05:51","modified_gmt":"2014-02-19T13:05:51","slug":"workshop-e-curso-do-cerne-serao-em-marco","status":"publish","type":"post","link":"https:\/\/anprotec.org.br\/site\/2014\/02\/workshop-e-curso-do-cerne-serao-em-marco\/","title":{"rendered":"<!--:pt--> Inscri\u00e7\u00f5es abertas para Workshop e Curso do Cerne <!--:-->"},"content":{"rendered":"<p><!--:pt--><\/p>\n<p style=\"text-align: justify\"><img decoding=\"async\" loading=\"lazy\" class=\"alignleft size-full wp-image-1356\" alt=\"logo_cerne\" src=\"https:\/\/anprotec.org.br\/site\/wp-content\/uploads\/2013\/01\/logo_cerne.jpg\" width=\"270\" height=\"160\" \/>Nos dias 12, 13\u00a0 e 14 de mar\u00e7o, a Anprotec realizar\u00e1 mais uma rodada de capacita\u00e7\u00e3o sobre o Cerne &#8211;\u00a0Centro de Refer\u00eancia para Apoio a Novos Empreendimentos, modelo de gest\u00e3o de incubadoras de empresas. \u00a0Criado pela Associa\u00e7\u00e3o, em parceria com o Sebrae, esse modelo tem por\u00a0objetivo promover melhoria dos resultados das incubadoras em termos quantitativos e qualitativos.<\/p>\n<p style=\"text-align: justify\">\u00a0O Workshop de Nivelamento ocorre no dia 12, com oito horas-aula, e tem como foco fixar conceitos e explicar a metodologia de implanta\u00e7\u00e3o dos n\u00edveis de maturidade Cerne, bem como os requisitos para obten\u00e7\u00e3o e manuten\u00e7\u00e3o do credenciamento. Entre os conte\u00fados a serem abordados, est\u00e3o o vocabul\u00e1rio relacionado ao modelo, os princ\u00edpios e a estrutura do Cerne, as pr\u00e1ticas e processos-chave, as etapas do credenciamento, a autoavalia\u00e7\u00e3o e as ferramentas dispon\u00edveis.<\/p>\n<p style=\"text-align: justify\">O Curso de Implanta\u00e7\u00e3o do Cerne 1, ser\u00e1 realizado nos dias 13 e 14, com dura\u00e7\u00e3o de 16 horas aulas. Tem por objetivo capacitar participantes na concep\u00e7\u00e3o, implanta\u00e7\u00e3o e opera\u00e7\u00e3o de sistemas de incuba\u00e7\u00e3o, de forma a possibilitar a gera\u00e7\u00e3o sistem\u00e1tica de inova\u00e7\u00f5es. Dividido em quatro m\u00f3dulos, o Curso aborda conte\u00fados diversos, que v\u00e3o desde a sele\u00e7\u00e3o de empreendimentos inovadores at\u00e9 a sustentabilidade das incubadoras.<\/p>\n<p style=\"text-align: justify\">As inscri\u00e7\u00f5es podem ser feitas at\u00e9 o pr\u00f3ximo dia 5 de mar\u00e7o. Para o Workshop, o investimento \u00e9 de R$ 250,00 para multiplicadores (vinculados a incubadoras associadas \u00e0 Anprotec) e R$ 400,00 para consultores (ou representantes de institui\u00e7\u00f5es n\u00e3o-associadas). No caso do Curso de Implanta\u00e7\u00e3o Cerne 1, o valor \u00e9 de R$ 350,00 para multiplicadores e R$ 600,00 para consultores.\u00a0As vagas s\u00e3o limitadas (40 ao todo). Os participantes poder\u00e3o se inscrever nas duas atividades ou optar por apenas uma delas.<\/p>\n<p style=\"text-align: justify\">Tanto o Workshop de Nivelamento quanto o Curso de Implanta\u00e7\u00e3o ser\u00e3o realizados no Corporate Center, localizado no Setor Comercial Norte, Quadra 2, Bloco A. Veja sugest\u00f5es de hospedagem neste <a href=\"https:\/\/anprotec.org.br\/site\/?event=workshop-de-nivelamento-e-curso-de-implantacao-cerne-i-brasilia-df-12-a-14032014-2\" target=\"_blank\">link<\/a>.<\/p>\n<p style=\"text-align: justify\">Confira informa\u00e7\u00f5es detalhadas sobre ementas, conte\u00fados e taxas de inscri\u00e7\u00e3o nos links a seguir:<\/p>\n<p style=\"text-align: justify\"><a href=\"https:\/\/anprotec.org.br\/site\/?event=workshop-de-nivelamento-cerne-brasilia-df-12032014\" target=\"_blank\">Workshop de Nivelamento Cerne<\/a><\/p>\n<p style=\"text-align: justify\"><a href=\"https:\/\/anprotec.org.br\/site\/?event=curso-de-implantacao-cerne-i-brasilia-df-13-e-14032014\" target=\"_blank\">Curso de Implanta\u00e7\u00e3o do Cerne 1<\/a><\/p>\n<p style=\"text-align: justify\"><a href=\"http:\/\/www.anprotec.org.br\/Relata\/Formulario%20Inscricao_Workshop%20e%20Curso%20Cerne_Marco%202014.doc\" target=\"_blank\">Formul\u00e1rio de inscri\u00e7\u00e3o <\/a><\/p>\n<p style=\"text-align: justify\">\n<p><!--:--><\/p>\n","protected":false},"excerpt":{"rendered":"<p><!--:pt-->Objetivo do Cerne \u00e9 promover a melhoria dos resultados das incubadoras em termos quantitativos e qualitativos. Inscri\u00e7\u00f5es para capacita\u00e7\u00e3o v\u00e3o at\u00e9 o pr\u00f3ximo dia 5 de mar\u00e7o. <!--:--><\/p>\n","protected":false},"author":8,"featured_media":1356,"comment_status":"open","ping_status":"open","sticky":false,"template":"","format":"standard","meta":{"footnotes":"","_links_to":"","_links_to_target":""},"categories":[3],"tags":[],"calendar":[],"_links":{"self":[{"href":"https:\/\/anprotec.org.br\/site\/wp-json\/wp\/v2\/posts\/5630"}],"collection":[{"href":"https:\/\/anprotec.org.br\/site\/wp-json\/wp\/v2\/posts"}],"about":[{"href":"https:\/\/anprotec.org.br\/site\/wp-json\/wp\/v2\/types\/post"}],"author":[{"embeddable":true,"href":"https:\/\/anprotec.org.br\/site\/wp-json\/wp\/v2\/users\/8"}],"replies":[{"embeddable":true,"href":"https:\/\/anprotec.org.br\/site\/wp-json\/wp\/v2\/comments?post=5630"}],"version-history":[{"count":6,"href":"https:\/\/anprotec.org.br\/site\/wp-json\/wp\/v2\/posts\/5630\/revisions"}],"predecessor-version":[{"id":5635,"href":"https:\/\/anprotec.org.br\/site\/wp-json\/wp\/v2\/posts\/5630\/revisions\/5635"}],"wp:featuredmedia":[{"embeddable":true,"href":"https:\/\/anprotec.org.br\/site\/wp-json\/wp\/v2\/media\/1356"}],"wp:attachment":[{"href":"https:\/\/anprotec.org.br\/site\/wp-json\/wp\/v2\/media?parent=5630"}],"wp:term":[{"taxonomy":"category","embeddable":true,"href":"https:\/\/anprotec.org.br\/site\/wp-json\/wp\/v2\/categories?post=5630"},{"taxonomy":"post_tag","embeddable":true,"href":"https:\/\/anprotec.org.br\/site\/wp-json\/wp\/v2\/tags?post=5630"},{"taxonomy":"calendar","embeddable":true,"href":"https:\/\/anprotec.org.br\/site\/wp-json\/wp\/v2\/calendar?post=5630"}],"curies":[{"name":"wp","href":"https:\/\/api.w.org\/{rel}","templated":true}]}}