{"id":56283,"date":"2025-08-27T15:03:54","date_gmt":"2025-08-27T18:03:54","guid":{"rendered":"https:\/\/anprotec.org.br\/site\/?p=56283"},"modified":"2025-08-27T19:08:55","modified_gmt":"2025-08-27T22:08:55","slug":"anprotec-ressalta-ecossistema-de-inovacao-brasileiro-no-ace-belem","status":"publish","type":"post","link":"https:\/\/anprotec.org.br\/site\/2025\/08\/anprotec-ressalta-ecossistema-de-inovacao-brasileiro-no-ace-belem\/","title":{"rendered":"Anprotec ressalta ecossistema de inova\u00e7\u00e3o brasileiro no ACE Bel\u00e9m"},"content":{"rendered":"<div class=\"wp-block-image\"><img decoding=\"async\" loading=\"lazy\" class=\"wpa-warning wpa-image-missing-alt aligncenter wp-image-56284 size-full\" src=\"https:\/\/anprotec.org.br\/site\/wp-content\/uploads\/2025\/08\/PHOTO-2025-08-27-15-40-34-scaled-e1756332355490.jpg\" alt=\"\" width=\"600\" height=\"800\" data-warning=\"Missing alt text\" \/><\/div>\n<p>&nbsp;<\/p>\n<p><span style=\"font-weight: 400;\">A 21\u00aa edi\u00e7\u00e3o do Americas Competitiveness Exchange (ACE), promovida pela Organiza\u00e7\u00e3o dos Estados Americanos (OEA), est\u00e1 acontecendo em Bel\u00e9m, no Par\u00e1, entre os dias 25 e 29 de agosto de 2025. Com o tema \u201cInova\u00e7\u00e3o para a Preserva\u00e7\u00e3o Ambiental e Desenvolvimento Social\u201d, o evento re\u00fane representantes de governos, ag\u00eancias de fomento, universidades e empresas das Am\u00e9ricas para discutir oportunidades de coopera\u00e7\u00e3o, inova\u00e7\u00e3o sustent\u00e1vel e desenvolvimento econ\u00f4mico na regi\u00e3o amaz\u00f4nica. A programa\u00e7\u00e3o inclui visitas a institui\u00e7\u00f5es chave, como a Embrapa Amaz\u00f4nia, o Parque de Ci\u00eancia e Tecnologia Guam\u00e1, o Ecoparque Benevides e a Universidade Federal do Par\u00e1 (UFPA), al\u00e9m de pain\u00e9is, tours e networking com autoridades locais, incluindo o governador do Par\u00e1, Helder Zahluth Barbalho.<\/span><\/p>\n<p><span style=\"font-weight: 400;\">Um dos destaques do evento ocorreu nesta quarta-feira (27), no Teatro Waldemar Henrique, com o painel \u201cThe Brazilian Innovation Ecosystem\u201d. Moderado por especialistas, o debate proporcionou uma vis\u00e3o abrangente sobre o ecossistema de inova\u00e7\u00e3o e empreendedorismo no Brasil, destacando institui\u00e7\u00f5es l\u00edderes como a Embrapii (Empresa Brasileira de Pesquisa e Inova\u00e7\u00e3o Industrial), a Anprotec (Associa\u00e7\u00e3o Nacional de Entidades Promotoras de Empreendimentos Inovadores) e a ApexBrasil, entre outras. O objetivo foi explorar mecanismos de apoio \u00e0 inova\u00e7\u00e3o, instrumentos de fomento e a import\u00e2ncia da articula\u00e7\u00e3o entre governo, universidades, empresas e sociedade civil para promover o desenvolvimento sustent\u00e1vel.<\/span><\/p>\n<p><span style=\"font-weight: 400;\">A presidente da Anprotec, Adriana Ferreira de Faria, foi uma das palestrantes desta se\u00e7\u00e3o, compartilhando sua vis\u00e3o sobre o papel das entidades promotoras de inova\u00e7\u00e3o no fortalecimento de ecossistemas empreendedores. \u201c\u201cA experi\u00eancia brasileira mostra que parques tecnol\u00f3gicos, incubadoras e aceleradoras, quando articulados em rede e apoiados de forma consistente, s\u00e3o os espa\u00e7os que de fato fazem a ponte entre as tr\u00eas h\u00e9lices da inova\u00e7\u00e3o \u2014 universidade, empresas e governo. Esses ambientes conectam a pesquisa acad\u00eamica com o mercado e funcionam como a motriz da inova\u00e7\u00e3o, capazes de gerar impactos concretos tanto na economia quanto na sociedade. Fortalec\u00ea-los por meio de pol\u00edticas p\u00fablicas, recursos e marcos regulat\u00f3rios \u00e9 estrat\u00e9gico para avan\u00e7armos em uma inova\u00e7\u00e3o que valorize a diversidade regional, preserve o meio ambiente e contribua para melhorar a qualidade de vida da popula\u00e7\u00e3o\u201d, afirmou Adriana.<\/span><\/p>\n<p><span style=\"font-weight: 400;\">Ao lado dela, participaram dois ex-superintendentes da Anprotec, Guilherme Calheiros, hoje diretor de Planejamento e Gest\u00e3o da Embrapii, e Sheila Pires, atual diretora do Departamento de Apoio a Ecossistemas de Inova\u00e7\u00e3o do Minist\u00e9rio da Ci\u00eancia. Al\u00e9m deles, completaram a mesa Ryan Ramkhelawan, cofundador e s\u00f3cio-gerente da Lasting Machine Ventures; Juliana Costa Vasconcelos Alencar, analista de investimentos da ApexBrasil. O painel enfatizou oportunidades de coopera\u00e7\u00e3o internacional, com foco em projetos que integram ci\u00eancia, tecnologia e inova\u00e7\u00e3o \u00e0 estrat\u00e9gia de desenvolvimento econ\u00f4mico do Brasil, especialmente na Amaz\u00f4nia.<\/span><\/p>\n<p><span style=\"font-weight: 400;\">O ACE Bel\u00e9m continua at\u00e9 sexta-feira (29), com mais pain\u00e9is sobre pol\u00edticas p\u00fablicas para o desenvolvimento, visitas a projetos de bioeconomia como a Casa do Chocolate Dona Nena na Ilha do Combu, e uma cerim\u00f4nia de encerramento no Gas\u00f4metro, incluindo o an\u00fancio do pr\u00f3ximo anfitri\u00e3o do evento. Essa edi\u00e7\u00e3o refor\u00e7a o compromisso das Am\u00e9ricas em unir esfor\u00e7os para reconstruir economias mais verdes e inclusivas, com Bel\u00e9m como palco simb\u00f3lico para debates sobre preserva\u00e7\u00e3o ambiental e crescimento social.<\/span><\/p>\n","protected":false},"excerpt":{"rendered":"<p>&nbsp; A 21\u00aa edi\u00e7\u00e3o do Americas Competitiveness Exchange (ACE), promovida<span class=\"excerpt-hellip\"> [\u2026]<\/span><\/p>\n","protected":false},"author":8,"featured_media":56285,"comment_status":"closed","ping_status":"closed","sticky":false,"template":"","format":"standard","meta":{"footnotes":"","_links_to":"","_links_to_target":""},"categories":[395,3],"tags":[],"calendar":[],"_links":{"self":[{"href":"https:\/\/anprotec.org.br\/site\/wp-json\/wp\/v2\/posts\/56283"}],"collection":[{"href":"https:\/\/anprotec.org.br\/site\/wp-json\/wp\/v2\/posts"}],"about":[{"href":"https:\/\/anprotec.org.br\/site\/wp-json\/wp\/v2\/types\/post"}],"author":[{"embeddable":true,"href":"https:\/\/anprotec.org.br\/site\/wp-json\/wp\/v2\/users\/8"}],"replies":[{"embeddable":true,"href":"https:\/\/anprotec.org.br\/site\/wp-json\/wp\/v2\/comments?post=56283"}],"version-history":[{"count":1,"href":"https:\/\/anprotec.org.br\/site\/wp-json\/wp\/v2\/posts\/56283\/revisions"}],"predecessor-version":[{"id":56286,"href":"https:\/\/anprotec.org.br\/site\/wp-json\/wp\/v2\/posts\/56283\/revisions\/56286"}],"wp:featuredmedia":[{"embeddable":true,"href":"https:\/\/anprotec.org.br\/site\/wp-json\/wp\/v2\/media\/56285"}],"wp:attachment":[{"href":"https:\/\/anprotec.org.br\/site\/wp-json\/wp\/v2\/media?parent=56283"}],"wp:term":[{"taxonomy":"category","embeddable":true,"href":"https:\/\/anprotec.org.br\/site\/wp-json\/wp\/v2\/categories?post=56283"},{"taxonomy":"post_tag","embeddable":true,"href":"https:\/\/anprotec.org.br\/site\/wp-json\/wp\/v2\/tags?post=56283"},{"taxonomy":"calendar","embeddable":true,"href":"https:\/\/anprotec.org.br\/site\/wp-json\/wp\/v2\/calendar?post=56283"}],"curies":[{"name":"wp","href":"https:\/\/api.w.org\/{rel}","templated":true}]}}