{"id":56274,"date":"2025-08-27T18:15:03","date_gmt":"2025-08-27T21:15:03","guid":{"rendered":"https:\/\/anprotec.org.br\/site\/?p=56274"},"modified":"2025-08-27T18:15:03","modified_gmt":"2025-08-27T21:15:03","slug":"3o-modulo-do-programa-de-qualificacao-em-gestao-de-parques-tecnologicos-conclui-formacao-de-gestores-em-porto-alegre","status":"publish","type":"post","link":"https:\/\/anprotec.org.br\/site\/2025\/08\/3o-modulo-do-programa-de-qualificacao-em-gestao-de-parques-tecnologicos-conclui-formacao-de-gestores-em-porto-alegre\/","title":{"rendered":"3\u00ba M\u00f3dulo do Programa de Qualifica\u00e7\u00e3o em Gest\u00e3o de Parques Tecnol\u00f3gicos conclui forma\u00e7\u00e3o de gestores em Porto Alegre"},"content":{"rendered":"<div class=\"wp-block-image\"><img decoding=\"async\" loading=\"lazy\" class=\"wpa-warning wpa-image-missing-alt aligncenter wp-image-56276 size-full\" src=\"https:\/\/anprotec.org.br\/site\/wp-content\/uploads\/2025\/08\/unnamed-1-e1756329209641.png\" alt=\"\" width=\"600\" height=\"608\" data-warning=\"Missing alt text\" \/><\/div>\n<p>&nbsp;<\/p>\n<p><span style=\"font-weight: 400;\">A Anprotec concluiu, nos dias 21 e 22 de agosto, o terceiro e \u00faltimo m\u00f3dulo do Programa de Qualifica\u00e7\u00e3o em Gest\u00e3o de Parques Tecnol\u00f3gicos, realizado no Parque Cient\u00edfico e Tecnol\u00f3gico da PUCRS (TECNOPUC), em Porto Alegre (RS). Iniciado em junho no Parque Tecnol\u00f3gico da Para\u00edba (PaqTcPB), em Campina Grande (PB), e seguido por Vi\u00e7osa (MG), em julho, o programa capacitou gestores de ambientes de inova\u00e7\u00e3o em temas como sustentabilidade econ\u00f4mico-financeira, internacionaliza\u00e7\u00e3o, redes globais, governan\u00e7a estrat\u00e9gica, marketing, capta\u00e7\u00e3o de recursos e o uso de ferramentas de intelig\u00eancia artificial.<\/span><\/p>\n<p><span style=\"font-weight: 400;\">Na mesa de abertura, o vice-presidente da Anprotec, Tony Chierighini, destacou a import\u00e2ncia do m\u00f3dulo para o fortalecimento dos ecossistemas brasileiros: \u201cEstamos muito felizes em retomar essa iniciativa de capacita\u00e7\u00e3o de gestores de parques tecnol\u00f3gicos, pois isso dialoga com a miss\u00e3o da Anprotec de fortalecer nosso ecossistema. Estamos encerrando este programa com um m\u00f3dulo que une teoria e pr\u00e1tica, conectando o Brasil a experi\u00eancias globais e preparando nossos gestores para desafios futuros\u201d. O reitor da PUCRS, Irm\u00e3o Manuir Mentges, Carlos Eduardo Aranha, do Sebrae, e Jorge Audy, do Tecnopuc, tamb\u00e9m saudaram os participantes, ressaltando a import\u00e2ncia da iniciativa e a necessidade de parcerias para o desenvolvimento sustent\u00e1vel.<\/span><\/p>\n<h5><strong>Primeiro dia: teoria e pr\u00e1tica integradas<\/strong><\/h5>\n<p><span style=\"font-weight: 400;\">O primeiro dia foi marcado por workshops interativos, mediados por especialistas como Marcelo Favaro (ZENIT\/UFRGS) e Tony Chierighini (Anprotec). As discuss\u00f5es abrangeram conceitos de ecossistemas de inova\u00e7\u00e3o e parques tecnol\u00f3gicos, modelos de financiamento, sustentabilidade econ\u00f4mica com m\u00e9tricas de impacto e redes globais para soft landing de startups.<\/span><\/p>\n<p><span style=\"font-weight: 400;\">Na sequ\u00eancia, palestrantes como Jorge Audy (Tecnopuc), Ricardo Luiz do Nascimento (Finep), Marcelo Nunes (PIT) e Fl\u00e1via Fiorin (Tecnopuc) conduziram debates. O uso de tecnologia na gest\u00e3o, pol\u00edticas de apoio \u00e0 inova\u00e7\u00e3o, regula\u00e7\u00e3o internacional e alian\u00e7as globais foram temas abordados por Andr\u00e9 Tchernobilsky (Nebula Prima), Publio Ribeiro (MCTI), Paulo Alvim e Silvio Bitencourt (Tecnosinos).<\/span><\/p>\n<p><span style=\"font-weight: 400;\">\u00c0 tarde, sob a media\u00e7\u00e3o de Daniela Eckert (REGINP), foram apresentados cases nacionais, como o Pacto Alegre (Luiz Carlos Pinto), o Grande Pacto de Rio Grande (Artur Gibbon) e o Promove Lajeado (Nei Lazzari), al\u00e9m de experi\u00eancias de parques tecnol\u00f3gicos com Cristiani Reimers (Univates), Marcelo Nunes (PIT) e Eduardo Vieira (Sapiens Parque). O dia terminou com uma visita guiada ao TECNOPUC, conduzida por Daniela Carrion, proporcionando imers\u00e3o no ecossistema local.<\/span><\/p>\n<h5><strong>Segundo dia: experi\u00eancias internacionais e visitas t\u00e9cnicas<\/strong><\/h5>\n<p><span style=\"font-weight: 400;\">O segundo dia trouxe uma vis\u00e3o internacional, com palestras de Josep Pique (Barcelona, Espanha), Santiago Uribe (Medell\u00edn, Col\u00f4mbia) e Ezequiel Mesquita e Esteban Cassin (PI Buenos Aires, Argentina). Eles compartilharam estrat\u00e9gias de internacionaliza\u00e7\u00e3o, integra\u00e7\u00e3o de ecossistemas e desafios jur\u00eddicos.<\/span><\/p>\n<p><span style=\"font-weight: 400;\">Ap\u00f3s o coffee break, os participantes realizaram visitas t\u00e9cnicas ao Tecnosinos, na Unisinos (S\u00e3o Leopoldo), guiada por Silvio Bitencourt, e ao Instituto Caldeira, em Porto Alegre, conduzida por Pedro Val\u00e9rio. As atividades proporcionaram contato direto com empresas e atores locais, enfatizando pr\u00e1ticas de sustentabilidade, inova\u00e7\u00e3o e networking global.<\/span><\/p>\n<h5><strong>Encerramento<\/strong><\/h5>\n<p><span style=\"font-weight: 400;\">A Anprotec agradece aos palestrantes que contribu\u00edram para esta etapa final: Andr\u00e9 Tchernobilsky (Nebula Prima), Artur Gibbon (Grande Pacto de Rio Grande), Carlos Eduardo Aranha (Sebrae), Cristiani Reimers (Univates), Daniela Carrion (TECNOPUC), Daniela Eckert (REGINP), Eduardo Vieira (Sapiens Parque), Esteban Cassin (PI Buenos Aires), Ezequiel Mesquita (PI Buenos Aires), Fl\u00e1via Fiorin (TECNOPUC), Irm\u00e3o Manuir Mentges (PUCRS), Jorge Audy (TECNOPUC), Josep Pique (Barcelona), Luiz Carlos Pinto (Pacto Alegre), Marcelo Favaro (ZENIT\/UFRGS), Marcelo Nunes (PIT), Nei Lazzari (Promove Lajeado), Paulo Alvim, Pedro Val\u00e9rio (Instituto Caldeira), Publio Ribeiro (MCTI), Ricardo Luiz do Nascimento (Finep), Santiago Uribe (Medell\u00edn), Silvio Bitencourt (Tecnosinos) e Tony Chierighini (Anprotec).<\/span><\/p>\n<p><span style=\"font-weight: 400;\">Com este encontro, o Programa de Qualifica\u00e7\u00e3o em Gest\u00e3o de Parques Tecnol\u00f3gicos chega ao fim, formando 54 gestores preparados para impulsionar a inova\u00e7\u00e3o no Brasil e fortalecer ecossistemas regionais.<\/span><\/p>\n","protected":false},"excerpt":{"rendered":"<p>&nbsp; A Anprotec concluiu, nos dias 21 e 22 de<span class=\"excerpt-hellip\"> [\u2026]<\/span><\/p>\n","protected":false},"author":8,"featured_media":56277,"comment_status":"closed","ping_status":"closed","sticky":false,"template":"","format":"standard","meta":{"footnotes":"","_links_to":"","_links_to_target":""},"categories":[3],"tags":[],"calendar":[],"_links":{"self":[{"href":"https:\/\/anprotec.org.br\/site\/wp-json\/wp\/v2\/posts\/56274"}],"collection":[{"href":"https:\/\/anprotec.org.br\/site\/wp-json\/wp\/v2\/posts"}],"about":[{"href":"https:\/\/anprotec.org.br\/site\/wp-json\/wp\/v2\/types\/post"}],"author":[{"embeddable":true,"href":"https:\/\/anprotec.org.br\/site\/wp-json\/wp\/v2\/users\/8"}],"replies":[{"embeddable":true,"href":"https:\/\/anprotec.org.br\/site\/wp-json\/wp\/v2\/comments?post=56274"}],"version-history":[{"count":1,"href":"https:\/\/anprotec.org.br\/site\/wp-json\/wp\/v2\/posts\/56274\/revisions"}],"predecessor-version":[{"id":56278,"href":"https:\/\/anprotec.org.br\/site\/wp-json\/wp\/v2\/posts\/56274\/revisions\/56278"}],"wp:featuredmedia":[{"embeddable":true,"href":"https:\/\/anprotec.org.br\/site\/wp-json\/wp\/v2\/media\/56277"}],"wp:attachment":[{"href":"https:\/\/anprotec.org.br\/site\/wp-json\/wp\/v2\/media?parent=56274"}],"wp:term":[{"taxonomy":"category","embeddable":true,"href":"https:\/\/anprotec.org.br\/site\/wp-json\/wp\/v2\/categories?post=56274"},{"taxonomy":"post_tag","embeddable":true,"href":"https:\/\/anprotec.org.br\/site\/wp-json\/wp\/v2\/tags?post=56274"},{"taxonomy":"calendar","embeddable":true,"href":"https:\/\/anprotec.org.br\/site\/wp-json\/wp\/v2\/calendar?post=56274"}],"curies":[{"name":"wp","href":"https:\/\/api.w.org\/{rel}","templated":true}]}}