{"id":56266,"date":"2025-08-27T18:00:34","date_gmt":"2025-08-27T21:00:34","guid":{"rendered":"https:\/\/anprotec.org.br\/site\/?p=56266"},"modified":"2025-08-27T18:00:34","modified_gmt":"2025-08-27T21:00:34","slug":"mais-de-100-incubadoras-e-25-aceleradoras-participam-do-workshop-de-capacitacao-do-sebraetec-negocios-inovadores","status":"publish","type":"post","link":"https:\/\/anprotec.org.br\/site\/2025\/08\/mais-de-100-incubadoras-e-25-aceleradoras-participam-do-workshop-de-capacitacao-do-sebraetec-negocios-inovadores\/","title":{"rendered":"Mais de 100 incubadoras e 25 aceleradoras participam do Workshop de Capacita\u00e7\u00e3o do Sebraetec Neg\u00f3cios Inovadores"},"content":{"rendered":"<div class=\"wp-block-image\"><img decoding=\"async\" loading=\"lazy\" class=\"wpa-warning wpa-image-missing-alt aligncenter wp-image-56267 size-full\" src=\"https:\/\/anprotec.org.br\/site\/wp-content\/uploads\/2025\/08\/Captura-de-tela-2025-08-27-175645-e1756328257481.png\" alt=\"\" width=\"645\" height=\"361\" data-warning=\"Missing alt text\" \/><\/div>\n<p>&nbsp;<\/p>\n<p><span style=\"font-weight: 400;\">Ontem, 26 de agosto, a Anprotec, em parceria com o Sebrae, realizou o Workshop Sebraetec NI Ciclo 2025 de Capacita\u00e7\u00e3o para Mecanismos de Apoio a Neg\u00f3cios Inovadores. O evento online, voltado para incubadoras, aceleradoras e outros mecanismos interessados em se credenciar no programa, contou com a participa\u00e7\u00e3o de mais de 100 incubadoras e 20 aceleradoras de diversas regi\u00f5es do pa\u00eds.<\/span><\/p>\n<p><span style=\"font-weight: 400;\">O Sebraetec Neg\u00f3cios Inovadores (NI) \u00e9 uma iniciativa nacional que conecta empreendedores e startups em diferentes est\u00e1gios de maturidade \u2014 Valida\u00e7\u00e3o, Opera\u00e7\u00e3o e Tra\u00e7\u00e3o \u2014 a servi\u00e7os especializados oferecidos por mecanismos qualificados, como incubadoras e aceleradoras. Durante o workshop, os participantes puderam conhecer em detalhes a estrutura do programa, os objetivos das tr\u00eas fichas de atendimento (voltadas para idea\u00e7\u00e3o\/valida\u00e7\u00e3o, opera\u00e7\u00e3o inicial e tra\u00e7\u00e3o\/escalabilidade), al\u00e9m de cases pr\u00e1ticos de mecanismos j\u00e1 credenciados, como o TecVit\u00f3ria, o Porto Digital e a Kepha.<\/span><\/p>\n<p><span style=\"font-weight: 400;\">Foram apresentadas as novidades do ciclo 2025, incluindo melhorias no portal do programa, estrat\u00e9gias de mobiliza\u00e7\u00e3o via eventos online e o papel dos Embaixadores do Sebraetec NI, que atuam como elos entre o programa e os ecossistemas regionais de inova\u00e7\u00e3o. Os participantes tamb\u00e9m tiraram d\u00favidas sobre o processo de credenciamento em cada estado, com \u00eanfase nos 20 editais abertos e no apoio para mecanismos associados \u00e0 Anprotec.<\/span><\/p>\n<p><span style=\"font-weight: 400;\">O workshop contou com a participa\u00e7\u00e3o de Ma\u00edra Nobre e Artur Gibbon, diretores da Anprotec, Matheus Queiroz, coordenador do Sebrae Nacional, e Lu\u00eds Gustavo Peles, consultor de projetos da Anprotec, que compartilharam insights sobre o fortalecimento dos ecossistemas locais e o impacto do programa no apoio a neg\u00f3cios inovadores.<\/span><\/p>\n<p><span style=\"font-weight: 400;\">Lu\u00eds Gustavo Peles destacou: &#8220;Estamos entusiasmados em dar o nosso pr\u00f3ximo passo: um grande ciclo de capacita\u00e7\u00e3o online para o Sebraetec Neg\u00f3cios Inovadores em 2025, aproveitando a capilaridade da rede dos Sebraes em cada estado, envolvendo nossos 98 embaixadores e os ambientes de inova\u00e7\u00e3o j\u00e1 credenciados. Esta iniciativa, por si s\u00f3, representa uma entrega significativa para o ecossistema brasileiro, fortalecendo a conex\u00e3o entre empreendedores, incubadoras e aceleradoras. Temos certeza de que esse esfor\u00e7o gerar\u00e1 um grande fluxo de empresas interessadas, impulsionando ainda mais o empreendedorismo inovador em todo o pa\u00eds.&#8221;<\/span><\/p>\n<p><span style=\"font-weight: 400;\">Com 98 embaixadores selecionados para o Ciclo 2025, o Sebraetec NI continua expandindo sua atua\u00e7\u00e3o, com foco na qualifica\u00e7\u00e3o, articula\u00e7\u00e3o e conex\u00f5es entre empreendedores, Sebraes estaduais e ambientes de inova\u00e7\u00e3o. O pr\u00f3ximo passo inclui o lan\u00e7amento do portal oficial em 1\u00ba de setembro de 2025, em <\/span><a href=\"http:\/\/www.sebraetecni.anprotec.org.br\"><span style=\"font-weight: 400;\">www.sebraetecni.anprotec.org.br<\/span><\/a><span style=\"font-weight: 400;\"> , que trar\u00e1 mapas din\u00e2micos de editais, diagn\u00f3sticos de maturidade para empreendedores e materiais de apoio.<\/span><\/p>\n<p><span style=\"font-weight: 400;\">Para mais informa\u00e7\u00f5es sobre o programa, credenciamento ou participa\u00e7\u00e3o em futuras capacita\u00e7\u00f5es, entre em contato via sebraetecni@anprotec.org.br ou acesse o site da Anprotec. <\/span><\/p>\n","protected":false},"excerpt":{"rendered":"<p>&nbsp; Ontem, 26 de agosto, a Anprotec, em parceria com<span class=\"excerpt-hellip\"> [\u2026]<\/span><\/p>\n","protected":false},"author":8,"featured_media":56269,"comment_status":"closed","ping_status":"closed","sticky":false,"template":"","format":"standard","meta":{"footnotes":"","_links_to":"","_links_to_target":""},"categories":[395,3,412],"tags":[],"calendar":[],"_links":{"self":[{"href":"https:\/\/anprotec.org.br\/site\/wp-json\/wp\/v2\/posts\/56266"}],"collection":[{"href":"https:\/\/anprotec.org.br\/site\/wp-json\/wp\/v2\/posts"}],"about":[{"href":"https:\/\/anprotec.org.br\/site\/wp-json\/wp\/v2\/types\/post"}],"author":[{"embeddable":true,"href":"https:\/\/anprotec.org.br\/site\/wp-json\/wp\/v2\/users\/8"}],"replies":[{"embeddable":true,"href":"https:\/\/anprotec.org.br\/site\/wp-json\/wp\/v2\/comments?post=56266"}],"version-history":[{"count":1,"href":"https:\/\/anprotec.org.br\/site\/wp-json\/wp\/v2\/posts\/56266\/revisions"}],"predecessor-version":[{"id":56270,"href":"https:\/\/anprotec.org.br\/site\/wp-json\/wp\/v2\/posts\/56266\/revisions\/56270"}],"wp:featuredmedia":[{"embeddable":true,"href":"https:\/\/anprotec.org.br\/site\/wp-json\/wp\/v2\/media\/56269"}],"wp:attachment":[{"href":"https:\/\/anprotec.org.br\/site\/wp-json\/wp\/v2\/media?parent=56266"}],"wp:term":[{"taxonomy":"category","embeddable":true,"href":"https:\/\/anprotec.org.br\/site\/wp-json\/wp\/v2\/categories?post=56266"},{"taxonomy":"post_tag","embeddable":true,"href":"https:\/\/anprotec.org.br\/site\/wp-json\/wp\/v2\/tags?post=56266"},{"taxonomy":"calendar","embeddable":true,"href":"https:\/\/anprotec.org.br\/site\/wp-json\/wp\/v2\/calendar?post=56266"}],"curies":[{"name":"wp","href":"https:\/\/api.w.org\/{rel}","templated":true}]}}