{"id":56262,"date":"2025-08-27T18:04:24","date_gmt":"2025-08-27T21:04:24","guid":{"rendered":"https:\/\/anprotec.org.br\/site\/?p=56262"},"modified":"2025-08-27T18:04:24","modified_gmt":"2025-08-27T21:04:24","slug":"inteligencia-artificial-nos-ecossistemas-de-inovacao-sera-tema-de-workshop-na-conferencia-anprotec-2025","status":"publish","type":"post","link":"https:\/\/anprotec.org.br\/site\/2025\/08\/inteligencia-artificial-nos-ecossistemas-de-inovacao-sera-tema-de-workshop-na-conferencia-anprotec-2025\/","title":{"rendered":"Intelig\u00eancia Artificial nos Ecossistemas de Inova\u00e7\u00e3o ser\u00e1 tema de workshop na Confer\u00eancia Anprotec 2025"},"content":{"rendered":"<div class=\"elementor elementor-567 elementor-location-single post-1413 post type-post status-publish format-standard has-post-thumbnail hentry category-uncategorized\" data-elementor-type=\"single-post\" data-elementor-id=\"567\" data-elementor-post-type=\"elementor_library\">\n<div class=\"elementor-element elementor-element-deff25c e-flex e-con-boxed e-con e-parent e-lazyloaded\" data-id=\"deff25c\" data-element_type=\"container\" data-settings=\"{&quot;background_background&quot;:&quot;classic&quot;,&quot;jet_parallax_layout_list&quot;:[]}\">\n<div class=\"e-con-inner\">\n<div class=\"elementor-element elementor-element-89503dd e-con-full e-flex e-con e-child\" data-id=\"89503dd\" data-element_type=\"container\" data-settings=\"{&quot;background_background&quot;:&quot;classic&quot;,&quot;jet_parallax_layout_list&quot;:[]}\">\n<div class=\"elementor-element elementor-element-0830000 elementor-widget elementor-widget-theme-post-content\" data-id=\"0830000\" data-element_type=\"widget\" data-widget_type=\"theme-post-content.default\">\n<div class=\"elementor-widget-container\">\n<div class=\"wp-block-image\"><img decoding=\"async\" loading=\"lazy\" class=\"wpa-warning wpa-image-missing-alt aligncenter wp-image-56263 size-full\" src=\"https:\/\/anprotec.org.br\/site\/wp-content\/uploads\/2025\/08\/Workshop-06_Prancheta-1_Prancheta-1_Prancheta-1-scaled-e1756327754893.jpg\" alt=\"\" width=\"750\" height=\"750\" data-warning=\"Missing alt text\" \/><\/div>\n<p>&nbsp;<\/p>\n<p><em>Painel re\u00fane especialistas do Brasil e do exterior para discutir aplica\u00e7\u00f5es da IA em setores estrat\u00e9gicos, desafios \u00e9ticos e o impacto nos ambientes de inova\u00e7\u00e3o.<\/em><\/p>\n<p>A intelig\u00eancia artificial est\u00e1 se consolidando como um dos principais vetores da transforma\u00e7\u00e3o tecnol\u00f3gica e econ\u00f4mica do s\u00e9culo XXI. Este painel tem como objetivo explorar como os ecossistemas de inova\u00e7\u00e3o \u2014 compostos por universidades, startups, grandes empresas, governos e sociedade civil \u2014 est\u00e3o sendo impactados e, ao mesmo tempo, moldando o avan\u00e7o da IA em diferentes contextos. A discuss\u00e3o abordar\u00e1 desde a aplica\u00e7\u00e3o de IA em processos produtivos, sa\u00fade, agricultura e educa\u00e7\u00e3o at\u00e9 seu papel na cria\u00e7\u00e3o de novas startups, pol\u00edticas p\u00fablicas de fomento e reorganiza\u00e7\u00e3o dos ambientes de inova\u00e7\u00e3o. Tamb\u00e9m estar\u00e3o em pauta os desafios \u00e9ticos, regulat\u00f3rios e formativos que acompanham o uso respons\u00e1vel da intelig\u00eancia artificial.<\/p>\n<p>A modera\u00e7\u00e3o ser\u00e1 conduzida por Michelle Silva Wangham, Diretora Adjunta de P&amp;D da Rede Nacional de Ensino e Pesquisa (RNP) e professora da Universidade do Vale do Itaja\u00ed (UNIVALI). Pesquisadora com mestrado e doutorado em Engenharia El\u00e9trica pela UFSC, Michelle atua em redes de colabora\u00e7\u00e3o nacional e internacional e integra o Comit\u00ea Nacional de Ciberseguran\u00e7a (CNCiber).<\/p>\n<p>Entre os painelistas est\u00e1 Andre Fernando de Almeida, fundador e CEO da Dom Rock, empresa de tecnologia em dados e intelig\u00eancia artificial residente no Parque de Inova\u00e7\u00e3o Tecnol\u00f3gica de S\u00e3o Jos\u00e9 dos Campos (PIT SJC). Reconhecido como um dos dez principais empreendedores seniores do pa\u00eds, Andre acumula mais de 85 projetos de inova\u00e7\u00e3o e \u00e9 pesquisador em Sistemas Cognitivos Artificiais na UNIFESP.<\/p>\n<p>Tamb\u00e9m participar\u00e1 Luciana Sarah Jacob Nogueira Minev, fundadora e Diretora Executiva da Singulari Consultoria. Psic\u00f3loga e Mestre em Engenharia de Produ\u00e7\u00e3o, atua no desenvolvimento de lideran\u00e7as e transforma\u00e7\u00e3o cultural de organiza\u00e7\u00f5es no Brasil e no exterior. Conselheira certificada pelo IBGC, TEDx Speaker e autora de livro sobre sucess\u00e3o em empresas familiares, Luciana tem se dedicado \u00e0 integra\u00e7\u00e3o da intelig\u00eancia artificial \u00e0 tomada de decis\u00e3o estrat\u00e9gica.<\/p>\n<p>Completando o painel, Frederico Goulart Wirtz, CEO da MONSTERlab Robotics, trar\u00e1 sua experi\u00eancia na cria\u00e7\u00e3o de rob\u00f4s inteligentes para o varejo. Ap\u00f3s duas d\u00e9cadas no setor, Fred fundou em 2020 a deeptech acelerada em Portugal, que vem inovando no desenvolvimento de rob\u00f4s de atendimento com intelig\u00eancia artificial, por meio da startup Wezee.<\/p>\n<p>Confira a\u00a0<a href=\"https:\/\/anprotec.org.br\/conferencia2025\/programacao\/\">programa\u00e7\u00e3o completa da Confer\u00eancia Anprotec 2025<\/a>!<\/p>\n<p>A Confer\u00eancia Anprotec 2025 \u00e9 promovida pela Associa\u00e7\u00e3o Nacional de Entidades Promotoras de Empreendimentos Inovadores (Anprotec), em parceria com o Servi\u00e7o Brasileiro de Apoio \u00e0s Micro e Pequenas Empresas (Sebrae). A realiza\u00e7\u00e3o local \u00e9 do Sistema Estadual de Ambientes Promotores de Inova\u00e7\u00e3o do Paran\u00e1 (Separtec), da Funda\u00e7\u00e3o Arauc\u00e1ria, da Universidade Estadual do Oeste do Paran\u00e1 (Unioeste) e do Governo do Estado do Paran\u00e1.<\/p>\n<\/div>\n<\/div>\n<\/div>\n<\/div>\n<\/div>\n<\/div>\n<div class=\"elementor elementor-730 elementor-location-footer\" data-elementor-type=\"footer\" data-elementor-id=\"730\" data-elementor-post-type=\"elementor_library\">\n<div class=\"elementor-element elementor-element-e0c8cd3 e-flex e-con-boxed e-con e-parent e-lazyloaded\" data-id=\"e0c8cd3\" data-element_type=\"container\" data-settings=\"{&quot;background_background&quot;:&quot;classic&quot;,&quot;jet_parallax_layout_list&quot;:[]}\">\n<div class=\"e-con-inner\">\n<div class=\"elementor-element elementor-element-4ab6a0e e-con-full e-flex e-con e-child\" data-id=\"4ab6a0e\" data-element_type=\"container\" data-settings=\"{&quot;jet_parallax_layout_list&quot;:[]}\">\n<div class=\"elementor-element elementor-element-aebfb00 e-con-full e-flex e-con e-child\" data-id=\"aebfb00\" data-element_type=\"container\" data-settings=\"{&quot;jet_parallax_layout_list&quot;:[]}\">\n<div class=\"elementor-element elementor-element-6daea71 elementor-widget elementor-widget-heading\" data-id=\"6daea71\" data-element_type=\"widget\" data-widget_type=\"heading.default\">\n<div class=\"elementor-widget-container\"><\/div>\n<\/div>\n<\/div>\n<\/div>\n<\/div>\n<\/div>\n<\/div>\n","protected":false},"excerpt":{"rendered":"<p>&nbsp; Painel re\u00fane especialistas do Brasil e do exterior para<span class=\"excerpt-hellip\"> [\u2026]<\/span><\/p>\n","protected":false},"author":8,"featured_media":56272,"comment_status":"closed","ping_status":"closed","sticky":false,"template":"","format":"standard","meta":{"footnotes":"","_links_to":"","_links_to_target":""},"categories":[411,395,3],"tags":[],"calendar":[],"_links":{"self":[{"href":"https:\/\/anprotec.org.br\/site\/wp-json\/wp\/v2\/posts\/56262"}],"collection":[{"href":"https:\/\/anprotec.org.br\/site\/wp-json\/wp\/v2\/posts"}],"about":[{"href":"https:\/\/anprotec.org.br\/site\/wp-json\/wp\/v2\/types\/post"}],"author":[{"embeddable":true,"href":"https:\/\/anprotec.org.br\/site\/wp-json\/wp\/v2\/users\/8"}],"replies":[{"embeddable":true,"href":"https:\/\/anprotec.org.br\/site\/wp-json\/wp\/v2\/comments?post=56262"}],"version-history":[{"count":1,"href":"https:\/\/anprotec.org.br\/site\/wp-json\/wp\/v2\/posts\/56262\/revisions"}],"predecessor-version":[{"id":56273,"href":"https:\/\/anprotec.org.br\/site\/wp-json\/wp\/v2\/posts\/56262\/revisions\/56273"}],"wp:featuredmedia":[{"embeddable":true,"href":"https:\/\/anprotec.org.br\/site\/wp-json\/wp\/v2\/media\/56272"}],"wp:attachment":[{"href":"https:\/\/anprotec.org.br\/site\/wp-json\/wp\/v2\/media?parent=56262"}],"wp:term":[{"taxonomy":"category","embeddable":true,"href":"https:\/\/anprotec.org.br\/site\/wp-json\/wp\/v2\/categories?post=56262"},{"taxonomy":"post_tag","embeddable":true,"href":"https:\/\/anprotec.org.br\/site\/wp-json\/wp\/v2\/tags?post=56262"},{"taxonomy":"calendar","embeddable":true,"href":"https:\/\/anprotec.org.br\/site\/wp-json\/wp\/v2\/calendar?post=56262"}],"curies":[{"name":"wp","href":"https:\/\/api.w.org\/{rel}","templated":true}]}}