{"id":5623,"date":"2014-02-17T18:16:13","date_gmt":"2014-02-17T21:16:13","guid":{"rendered":"http:\/\/anprotec.org.br\/site\/?p=5623"},"modified":"2014-02-21T11:34:10","modified_gmt":"2014-02-21T14:34:10","slug":"jorge-audy-e-empossado-presidente-da-iasp-para-a-al","status":"publish","type":"post","link":"https:\/\/anprotec.org.br\/site\/2014\/02\/jorge-audy-e-empossado-presidente-da-iasp-para-a-al\/","title":{"rendered":"Jorge Audy \u00e9 empossado presidente da IASP para a AL"},"content":{"rendered":"<p style=\"text-align: justify\"><img decoding=\"async\" loading=\"lazy\" class=\"alignleft size-thumbnail wp-image-5628\" alt=\"Posse-Audi-IASP-AL-2\" src=\"https:\/\/anprotec.org.br\/site\/wp-content\/uploads\/2014\/02\/Posse-Audi-IASP-AL-21-270x160.jpg\" width=\"270\" height=\"160\" \/>Na manh\u00e3 desta segunda-feira (17), o vice-presidente da Anprotec, Jorge Audy, tomou posse como presidente da <a href=\"http:\/\/iasp.ws\/pt\/home\" target=\"_blank\">IASP <\/a>para a Am\u00e9rica Latina, representando o Tecnopuc &#8211; Parque Tecnol\u00f3gico da Pontif\u00edcia Universidade Cat\u00f3lica do Rio Grande do Sul. O ato ocorreu durante o <i>Iasp Board Meeting<\/i>, na sede da IASP International, no Parque Tecnol\u00f3gico da Andaluzia, em M\u00e1laga, na Espanha (foto).\u00a0 Na ocasi\u00e3o, Herbert Chen tamb\u00e9m tomou posse como presidente da\u00a0 Iasp para a regi\u00e3o \u00c1sia-Pacifico &#8211; ele representa o\u00a0 TusPark, de Beijing, na China.<\/p>\n<p style=\"text-align: justify\">\n<p style=\"text-align: justify\">Audy foi eleito no dia 15 de outubro, na reuni\u00e3o da Divis\u00e3o Latino-Americana da\u00a0IASP, realizada durante a 30\u00aa Confer\u00eancia da Associa\u00e7\u00e3o, que ocorreu em conjunto com o XXIII Semin\u00e1rio Nacional de Parques Tecnol\u00f3gicos e Incubadoras de Empresas. Na Iasp, ele sucede o argentino Esteb\u00e1n Cassin. A \u00faltima vez que um brasileiro foi eleito para a presid\u00eancia da Divis\u00e3o Latino-Americana foi em 2009, quando o atual conselheiro da Anprotec, Jos\u00e9 Eduardo Fiates, foi escolhido durante a\u00a0Confer\u00eancia Latino-Americana de Parques Tecnol\u00f3gicos, em Monterrey, no M\u00e9xico.<\/p>\n<p style=\"text-align: justify\">Audy \u00e9 Pr\u00f3-Reitor de Pesquisa, Inova\u00e7\u00e3o e Desenvolvimento da Pontif\u00edcia Universidade Cat\u00f3lica do Rio Grande do Sul (PUCRS). Atua como professor titular da Faculdade de Inform\u00e1tica e do Programa de P\u00f3s-Gradua\u00e7\u00e3o em Ci\u00eancia da Computa\u00e7\u00e3o. \u00c9 membro do Conselho Superior Deliberativo do Conselho Nacional de Desenvolvimento Cient\u00edfico e Tecnol\u00f3gico (CNPq), do Conselho de Administra\u00e7\u00e3o da Empresa Brasileira de Pesquisa e Inova\u00e7\u00e3o Industrial (Embrapii) e do Conselho Superior Deliberativo do Centro de Gest\u00e3o e Estudos Estrat\u00e9gicos (CGEE\/MCTI).<\/p>\n<p style=\"text-align: justify\">\n<p style=\"text-align: justify\"><em>* Com foto e informa\u00e7\u00f5es da PUCRS<\/em><\/p>\n","protected":false},"excerpt":{"rendered":"<p><!--:pt-->Vice-presidente da Anprotec tomou posse como presidente da IASP para a Am\u00e9rica Latina, durante o Iasp Board Meeting, evento que ocorre em M\u00e1laga, na Espanha. <!--:--><\/p>\n","protected":false},"author":8,"featured_media":5628,"comment_status":"open","ping_status":"open","sticky":false,"template":"","format":"standard","meta":{"footnotes":"","_links_to":"","_links_to_target":""},"categories":[3],"tags":[],"calendar":[],"_links":{"self":[{"href":"https:\/\/anprotec.org.br\/site\/wp-json\/wp\/v2\/posts\/5623"}],"collection":[{"href":"https:\/\/anprotec.org.br\/site\/wp-json\/wp\/v2\/posts"}],"about":[{"href":"https:\/\/anprotec.org.br\/site\/wp-json\/wp\/v2\/types\/post"}],"author":[{"embeddable":true,"href":"https:\/\/anprotec.org.br\/site\/wp-json\/wp\/v2\/users\/8"}],"replies":[{"embeddable":true,"href":"https:\/\/anprotec.org.br\/site\/wp-json\/wp\/v2\/comments?post=5623"}],"version-history":[{"count":4,"href":"https:\/\/anprotec.org.br\/site\/wp-json\/wp\/v2\/posts\/5623\/revisions"}],"predecessor-version":[{"id":5638,"href":"https:\/\/anprotec.org.br\/site\/wp-json\/wp\/v2\/posts\/5623\/revisions\/5638"}],"wp:featuredmedia":[{"embeddable":true,"href":"https:\/\/anprotec.org.br\/site\/wp-json\/wp\/v2\/media\/5628"}],"wp:attachment":[{"href":"https:\/\/anprotec.org.br\/site\/wp-json\/wp\/v2\/media?parent=5623"}],"wp:term":[{"taxonomy":"category","embeddable":true,"href":"https:\/\/anprotec.org.br\/site\/wp-json\/wp\/v2\/categories?post=5623"},{"taxonomy":"post_tag","embeddable":true,"href":"https:\/\/anprotec.org.br\/site\/wp-json\/wp\/v2\/tags?post=5623"},{"taxonomy":"calendar","embeddable":true,"href":"https:\/\/anprotec.org.br\/site\/wp-json\/wp\/v2\/calendar?post=5623"}],"curies":[{"name":"wp","href":"https:\/\/api.w.org\/{rel}","templated":true}]}}