{"id":5615,"date":"2014-02-17T12:16:21","date_gmt":"2014-02-17T15:16:21","guid":{"rendered":"http:\/\/anprotec.org.br\/site\/?p=5615"},"modified":"2014-02-21T09:23:07","modified_gmt":"2014-02-21T12:23:07","slug":"anprotec-promove-missao-tecnica-e-empresarial-2014","status":"publish","type":"post","link":"https:\/\/anprotec.org.br\/site\/2014\/02\/anprotec-promove-missao-tecnica-e-empresarial-2014\/","title":{"rendered":"Anprotec promove Miss\u00e3o T\u00e9cnica e Empresarial 2014"},"content":{"rendered":"<p style=\"text-align: justify\"><img decoding=\"async\" loading=\"lazy\" class=\"alignleft size-thumbnail wp-image-5617\" alt=\"mundo-web\" src=\"https:\/\/anprotec.org.br\/site\/wp-content\/uploads\/2014\/02\/mundo-web-270x160.jpg\" width=\"270\" height=\"160\" \/>Liderada pela Anprotec e pelo Minist\u00e9rio de Ci\u00eancia, Tecnologia e Inova\u00e7\u00e3o (MCTI), a Miss\u00e3o T\u00e9cnica e Empresarial 2014 tem data e local definido: ser\u00e1 de 26 de maio a 6 de junho, com destino a China e Finl\u00e2ndia. A programa\u00e7\u00e3o inclui a visitas t\u00e9cnicas a ambientes de inova\u00e7\u00e3o, semin\u00e1rios e workshops. O p\u00fablico alvo s\u00e3o gestores de parques tecnol\u00f3gicos e incubadoras de empresas, agentes p\u00fablicos e empreendedores, j\u00e1 que nesta edi\u00e7\u00e3o tamb\u00e9m ser\u00e3o realizadas rodadas de neg\u00f3cios.<\/p>\n<p style=\"text-align: justify\">A viagem \u00e9 tamb\u00e9m uma iniciativa do Minist\u00e9rio das Rela\u00e7\u00f5es Exteriores (MRE), em parceria com o Servi\u00e7o Brasileiro de Apoio \u00e0s Micro e Pequenas Empresas (Sebrae) e o Conselho Nacional de Secret\u00e1rios para Assuntos de Ci\u00eancia, Tecnologia e Inova\u00e7\u00e3o (Consecti).<\/p>\n<p style=\"text-align: justify\">As inscri\u00e7\u00f5es ser\u00e3o abertas em breve.<\/p>\n<p style=\"text-align: justify\">\n","protected":false},"excerpt":{"rendered":"<p><!--:pt-->Liderada pela associa\u00e7\u00e3o e pelo MCTI, viagem ser\u00e1 realizada de 26 de maio a 6 de junho, com destino a China e Finl\u00e2ndia. Haver\u00e1 visitas a ambientes de inova\u00e7\u00e3o e rodadas de neg\u00f3cios. <!--:--><\/p>\n","protected":false},"author":8,"featured_media":5617,"comment_status":"open","ping_status":"open","sticky":false,"template":"","format":"standard","meta":{"footnotes":"","_links_to":"","_links_to_target":""},"categories":[3],"tags":[],"calendar":[],"_links":{"self":[{"href":"https:\/\/anprotec.org.br\/site\/wp-json\/wp\/v2\/posts\/5615"}],"collection":[{"href":"https:\/\/anprotec.org.br\/site\/wp-json\/wp\/v2\/posts"}],"about":[{"href":"https:\/\/anprotec.org.br\/site\/wp-json\/wp\/v2\/types\/post"}],"author":[{"embeddable":true,"href":"https:\/\/anprotec.org.br\/site\/wp-json\/wp\/v2\/users\/8"}],"replies":[{"embeddable":true,"href":"https:\/\/anprotec.org.br\/site\/wp-json\/wp\/v2\/comments?post=5615"}],"version-history":[{"count":2,"href":"https:\/\/anprotec.org.br\/site\/wp-json\/wp\/v2\/posts\/5615\/revisions"}],"predecessor-version":[{"id":5640,"href":"https:\/\/anprotec.org.br\/site\/wp-json\/wp\/v2\/posts\/5615\/revisions\/5640"}],"wp:featuredmedia":[{"embeddable":true,"href":"https:\/\/anprotec.org.br\/site\/wp-json\/wp\/v2\/media\/5617"}],"wp:attachment":[{"href":"https:\/\/anprotec.org.br\/site\/wp-json\/wp\/v2\/media?parent=5615"}],"wp:term":[{"taxonomy":"category","embeddable":true,"href":"https:\/\/anprotec.org.br\/site\/wp-json\/wp\/v2\/categories?post=5615"},{"taxonomy":"post_tag","embeddable":true,"href":"https:\/\/anprotec.org.br\/site\/wp-json\/wp\/v2\/tags?post=5615"},{"taxonomy":"calendar","embeddable":true,"href":"https:\/\/anprotec.org.br\/site\/wp-json\/wp\/v2\/calendar?post=5615"}],"curies":[{"name":"wp","href":"https:\/\/api.w.org\/{rel}","templated":true}]}}