{"id":560,"date":"2012-10-24T15:30:17","date_gmt":"2012-10-24T18:30:17","guid":{"rendered":"http:\/\/anprotec.org.br\/site\/?p=560"},"modified":"2012-10-24T17:38:07","modified_gmt":"2012-10-24T20:38:07","slug":"incubadora-promove-a-primeira-feira-tecnologica-de-sao-bento-do-sul","status":"publish","type":"post","link":"https:\/\/anprotec.org.br\/site\/2012\/10\/incubadora-promove-a-primeira-feira-tecnologica-de-sao-bento-do-sul\/","title":{"rendered":"S\u00e3o Bento do Sul sedia primeira feira tecnol\u00f3gica"},"content":{"rendered":"<p style=\"text-align: justify;\"><a href=\"https:\/\/anprotec.org.br\/site\/2012\/10\/incubadora-promove-a-primeira-feira-tecnologica-de-sao-bento-do-sul\/not1_site\/\" rel=\"attachment wp-att-576\"><img decoding=\"async\" loading=\"lazy\" class=\"alignleft size-full wp-image-576\" title=\"not1_site\" src=\"https:\/\/anprotec.org.br\/site\/wp-content\/uploads\/2012\/10\/not1_site.jpg\" alt=\"\" width=\"270\" height=\"160\" \/><\/a>A Incubadora Tecnol\u00f3gica do Alto Vale do Rio Negro, de S\u00e3o Bento do Sul (SC), realiza o primeiro Encontro de Neg\u00f3cios, Inova\u00e7\u00e3o e Tecnologia (ENIT), nos dias 8 e 9 de novembro. Com o objetivo de apresentar produtos e servi\u00e7os a potenciais investidores, 26 empresas instaladas em incubadoras de S\u00e3o Bento, Rio Negrinho e Mafra participar\u00e3o da rodada de neg\u00f3cios.<\/p>\n<p style=\"text-align: justify;\">\u00a0Os expositores atuam em \u00e1reas de tecnologia de alto valor agregado, como microeletr\u00f4nica, automa\u00e7\u00e3o empresarial e industrial, tecnologias ambientais, ve\u00edculos a\u00e9reos n\u00e3o tripulados (VANT\u2019S), softwares de gest\u00e3o empresarial, industrial, comercial e de log\u00edstica e servi\u00e7os de internet e telefonia.<\/p>\n<p style=\"text-align: justify;\">O evento, gratuito e aberto ao p\u00fablico, vai promover tamb\u00e9m palestras e oficinas sobre\u00a0<em>venture capital<\/em>, gest\u00e3o do conhecimento em ambientes de inova\u00e7\u00e3o e modelos de neg\u00f3cios inovadores. Al\u00e9m disso, nos dois dias o Encontro vai reunir representantes da Rede Catarinense de Entidades de Empreendimentos Tecnol\u00f3gicos e Secret\u00e1rios Municipais de Desenvolvimento Econ\u00f4mico.<\/p>\n<p style=\"text-align: justify;\">A feira tecnol\u00f3gica ser\u00e1 realizada na Promosul, Rodovia SC 301, Km 53. Confira a programa\u00e7\u00e3o <a href=\"https:\/\/mail-attachment.googleusercontent.com\/attachment\/?ui=2&amp;ik=9cc9ce2ebc&amp;view=att&amp;th=13a75878aa73cd0f&amp;attid=0.1&amp;disp=inline&amp;safe=1&amp;zw&amp;saduie=AG9B_P-YKLuXGOkA8L4wZXsOVDJn&amp;sadet=1351003683318&amp;sads=VxWhPtHvnzxGyNcEkSgYUBAhfwg\">aqui<\/a>.<\/p>\n","protected":false},"excerpt":{"rendered":"<p>Incubadora Tecnol\u00f3gica do Alto Vale do Rio Negro promove o primeiro Encontro de Neg\u00f3cios, Inova\u00e7\u00e3o e Tecnologia (ENIT) nos dias 8 e 9 de novembro.<\/p>\n","protected":false},"author":8,"featured_media":576,"comment_status":"open","ping_status":"open","sticky":false,"template":"","format":"standard","meta":{"footnotes":"","_links_to":"","_links_to_target":""},"categories":[3],"tags":[15],"calendar":[],"_links":{"self":[{"href":"https:\/\/anprotec.org.br\/site\/wp-json\/wp\/v2\/posts\/560"}],"collection":[{"href":"https:\/\/anprotec.org.br\/site\/wp-json\/wp\/v2\/posts"}],"about":[{"href":"https:\/\/anprotec.org.br\/site\/wp-json\/wp\/v2\/types\/post"}],"author":[{"embeddable":true,"href":"https:\/\/anprotec.org.br\/site\/wp-json\/wp\/v2\/users\/8"}],"replies":[{"embeddable":true,"href":"https:\/\/anprotec.org.br\/site\/wp-json\/wp\/v2\/comments?post=560"}],"version-history":[{"count":8,"href":"https:\/\/anprotec.org.br\/site\/wp-json\/wp\/v2\/posts\/560\/revisions"}],"predecessor-version":[{"id":562,"href":"https:\/\/anprotec.org.br\/site\/wp-json\/wp\/v2\/posts\/560\/revisions\/562"}],"wp:featuredmedia":[{"embeddable":true,"href":"https:\/\/anprotec.org.br\/site\/wp-json\/wp\/v2\/media\/576"}],"wp:attachment":[{"href":"https:\/\/anprotec.org.br\/site\/wp-json\/wp\/v2\/media?parent=560"}],"wp:term":[{"taxonomy":"category","embeddable":true,"href":"https:\/\/anprotec.org.br\/site\/wp-json\/wp\/v2\/categories?post=560"},{"taxonomy":"post_tag","embeddable":true,"href":"https:\/\/anprotec.org.br\/site\/wp-json\/wp\/v2\/tags?post=560"},{"taxonomy":"calendar","embeddable":true,"href":"https:\/\/anprotec.org.br\/site\/wp-json\/wp\/v2\/calendar?post=560"}],"curies":[{"name":"wp","href":"https:\/\/api.w.org\/{rel}","templated":true}]}}