{"id":55698,"date":"2025-08-20T18:15:48","date_gmt":"2025-08-20T21:15:48","guid":{"rendered":"https:\/\/anprotec.org.br\/site\/?p=55698"},"modified":"2025-08-21T11:59:21","modified_gmt":"2025-08-21T14:59:21","slug":"conferencia-anprotec-2025-confirma-novos-nomes-de-para-o-grande-encontros-dos-ambientes-de-inovacao-do-brasil","status":"publish","type":"post","link":"https:\/\/anprotec.org.br\/site\/2025\/08\/conferencia-anprotec-2025-confirma-novos-nomes-de-para-o-grande-encontros-dos-ambientes-de-inovacao-do-brasil\/","title":{"rendered":"Confer\u00eancia Anprotec 2025 confirma novos nomes para o grande encontro dos ambientes de inova\u00e7\u00e3o do Brasil"},"content":{"rendered":"<p>&nbsp;<\/p>\n<div class=\"wp-block-image\"><img decoding=\"async\" loading=\"lazy\" class=\"wpa-warning wpa-image-missing-alt wp-image-55702 aligncenter\" src=\"https:\/\/anprotec.org.br\/site\/wp-content\/uploads\/2025\/08\/4343-300x300.png\" alt=\"\" width=\"659\" height=\"659\" data-warning=\"Missing alt text\" srcset=\"https:\/\/anprotec.org.br\/site\/wp-content\/uploads\/2025\/08\/4343-300x300.png 300w, https:\/\/anprotec.org.br\/site\/wp-content\/uploads\/2025\/08\/4343-1024x1024.png 1024w, https:\/\/anprotec.org.br\/site\/wp-content\/uploads\/2025\/08\/4343-768x768.png 768w, https:\/\/anprotec.org.br\/site\/wp-content\/uploads\/2025\/08\/4343-1536x1536.png 1536w, https:\/\/anprotec.org.br\/site\/wp-content\/uploads\/2025\/08\/4343-146x146.png 146w, https:\/\/anprotec.org.br\/site\/wp-content\/uploads\/2025\/08\/4343-50x50.png 50w, https:\/\/anprotec.org.br\/site\/wp-content\/uploads\/2025\/08\/4343-75x75.png 75w, https:\/\/anprotec.org.br\/site\/wp-content\/uploads\/2025\/08\/4343-85x85.png 85w, https:\/\/anprotec.org.br\/site\/wp-content\/uploads\/2025\/08\/4343-80x80.png 80w, https:\/\/anprotec.org.br\/site\/wp-content\/uploads\/2025\/08\/4343.png 2048w\" sizes=\"(max-width: 659px) 100vw, 659px\" \/><\/div>\n<p><span style=\"font-weight: 400;\">\u00a0<\/span><\/p>\n<p><span style=\"font-weight: 400;\">\u00c0 medida que a 35\u00aa Confer\u00eancia Anprotec se aproxima, o evento ganha cada vez mais forma com o an\u00fancio de novos palestrantes confirmados. Realizada de 13 a 16 de outubro em Foz do Igua\u00e7u (PR), sob o tema <\/span><i><span style=\"font-weight: 400;\">&#8220;Ecossistemas colaborativos e integrados \u00e0 inova\u00e7\u00e3o global&#8221;<\/span><\/i><span style=\"font-weight: 400;\">, o encontro promete ser um marco para o ecossistema de inova\u00e7\u00e3o brasileiro.<\/span><\/p>\n<p><span style=\"font-weight: 400;\">Entre os nomes recentemente confirmados, tr\u00eas trajet\u00f3rias de destaque prometem enriquecer os debates sobre lideran\u00e7a, colabora\u00e7\u00e3o e tend\u00eancias tecnol\u00f3gicas: Carlos Am\u00e9rico Pacheco, Anna Cl\u00e1udia Alves de Souza e Luciana Sarah Jacob Nogueira Minev. Esses especialistas trar\u00e3o uma programa\u00e7\u00e3o diversificada e de alto n\u00edvel, consolidando o evento como uma oportunidade \u00fanica para conectar l\u00edderes, empreendedores e pesquisadores que est\u00e3o moldando o futuro da inova\u00e7\u00e3o no pa\u00eds.<\/span><\/p>\n<h2><b>Lideran\u00e7a para conectar ecossistemas<\/b><\/h2>\n<p><span style=\"font-weight: 400;\">Carlos Am\u00e9rico Pacheco, diretor-presidente do Conselho T\u00e9cnico-Administrativo da FAPESP, far\u00e1 parte do \u201cWorkshop 01 \u2013 Lideran\u00e7a Colaborativa em Ambientes de Inova\u00e7\u00e3o: Estrat\u00e9gias para Conectar Pessoas, Ideias e Resultados\u201d. \u00c0 frente de uma das principais ag\u00eancias de fomento \u00e0 pesquisa do pa\u00eds, Pacheco conduz pol\u00edticas e investimentos que conectam ci\u00eancia, empresas e sociedade, fortalecendo a inova\u00e7\u00e3o no Brasil.<\/span><\/p>\n<p><span style=\"font-weight: 400;\">Engenheiro eletr\u00f4nico pelo ITA, doutor em Ci\u00eancia Econ\u00f4mica pela Unicamp e p\u00f3s-doutor pela Columbia University, acumula ainda passagens como secret\u00e1rio executivo do Minist\u00e9rio de Ci\u00eancia e Tecnologia, presidente do Conselho de Administra\u00e7\u00e3o da Finep e reitor do ITA.<\/span><\/p>\n<p><span style=\"font-weight: 400;\">Condecorado com a Gr\u00e3-Cruz da Ordem Nacional do M\u00e9rito Cient\u00edfico, ele trar\u00e1 ao workshop uma perspectiva pr\u00e1tica sobre como alinhar esfor\u00e7os coletivos, engajar equipes e potencializar resultados em ecossistemas como parques tecnol\u00f3gicos, incubadoras e hubs de inova\u00e7\u00e3o. A atividade ter\u00e1 car\u00e1ter interativo, com din\u00e2micas e estudos de caso que traduzem sua experi\u00eancia na integra\u00e7\u00e3o entre pesquisa cient\u00edfica e desenvolvimento tecnol\u00f3gico.<\/span><\/p>\n<h2><b>Parcerias que transformam neg\u00f3cios<\/b><\/h2>\n<p><span style=\"font-weight: 400;\">A \u201cPlen\u00e1ria 4: Novos Modelos de Neg\u00f3cios Colaborativos\u201d contar\u00e1 com Anna Cl\u00e1udia Alves de Souza, co-fundadora e diretora cient\u00edfica da Recombine Biotech, como uma das vozes principais. Doutora em Bioqu\u00edmica Aplicada pela Universidade Federal de Vi\u00e7osa, Anna foi premiada no Programa Mulheres Inovadoras da Finep e participou de programas de acelera\u00e7\u00e3o como BiotechTown e Suzano Ventures.<\/span><\/p>\n<p><span style=\"font-weight: 400;\">Sua palestra explorar\u00e1 como startups, universidades, grandes empresas e governos podem criar parcerias estrat\u00e9gicas para acelerar a inova\u00e7\u00e3o, gerar valor m\u00fatuo e impulsionar o desenvolvimento econ\u00f4mico e social. Com a perspectiva das startups de biotecnologia, ela demonstrar\u00e1 a constru\u00e7\u00e3o de solu\u00e7\u00f5es integradas e de alto impacto.<\/span><\/p>\n<h2><b>Intelig\u00eancia Artificial no centro da inova\u00e7\u00e3o<\/b><\/h2>\n<p><span style=\"font-weight: 400;\">No \u201cWorkshop 6 \u2014 A Intelig\u00eancia Artificial e os Ecossistemas de Inova\u00e7\u00e3o\u201d , Luciana Sarah Jacob Nogueira Minev, fundadora e CEO da Singulari Consultoria, integra o debate que analisa a IA como um dos principais vetores da transforma\u00e7\u00e3o tecnol\u00f3gica e econ\u00f4mica do s\u00e9culo XXI. A sess\u00e3o discutir\u00e1 como universidades, startups, grandes empresas, governos e sociedade civil est\u00e3o sendo impactados \u2014 e, ao mesmo tempo, moldando \u2014 o avan\u00e7o da IA em diferentes contextos.<\/span><\/p>\n<p><span style=\"font-weight: 400;\">O programa aborda aplica\u00e7\u00f5es em processos produtivos, sa\u00fade, agricultura e educa\u00e7\u00e3o, o papel da IA na cria\u00e7\u00e3o de novas startups, pol\u00edticas p\u00fablicas de fomento e a reorganiza\u00e7\u00e3o dos ambientes de inova\u00e7\u00e3o. Tamb\u00e9m entram em pauta os desafios \u00e9ticos, regulat\u00f3rios e formativos para o uso respons\u00e1vel da tecnologia.<\/span><\/p>\n<p><span style=\"font-weight: 400;\">Com atua\u00e7\u00e3o em lideran\u00e7a, transforma\u00e7\u00e3o cultural e ado\u00e7\u00e3o estrat\u00e9gica de IA no Brasil e no exterior, Luciana trar\u00e1 experi\u00eancias que conectam governan\u00e7a, tomada de decis\u00e3o orientada por dados e desenvolvimento de ecossistemas.<\/span><\/p>\n<h2><b>Programa\u00e7\u00e3o tem mais de 30 atividades<\/b><\/h2>\n<p><span style=\"font-weight: 400;\">Essas confirma\u00e7\u00f5es refor\u00e7am a pluralidade e a qualidade dos debates da Confer\u00eancia Anprotec 2025, que conta com uma s\u00e9rie de palestrantes de renome nacional e internacional. A programa\u00e7\u00e3o completa, repleta de workshops, plen\u00e1rias e atividades pr\u00e1ticas, oferece conte\u00fado diversificado para todos os perfis de participantes interessados no ecossistema de inova\u00e7\u00e3o.<\/span><\/p>\n<p>A Confer\u00eancia Anprotec 2025 \u00e9 promovida pela Associa\u00e7\u00e3o Nacional de Entidades Promotoras de Empreendimentos Inovadores (Anprotec), em parceria com o Servi\u00e7o Brasileiro de Apoio \u00e0s Micro e Pequenas Empresas (Sebrae), e conta com a realiza\u00e7\u00e3o local da Universidade Estadual do Oeste do Paran\u00e1 (Unioeste), da Funda\u00e7\u00e3o Arauc\u00e1ria de Apoio ao Desenvolvimento Cient\u00edfico e Tecnol\u00f3gico do Estado do Paran\u00e1, do Sistema Estadual de Ambientes Promotores de Inova\u00e7\u00e3o do Paran\u00e1 (Separtec) e do Governo do Estado do Paran\u00e1.<\/p>\n<p><span style=\"font-weight: 400;\">N\u00e3o perca esta oportunidade! Confira a programa\u00e7\u00e3o completa e garanta sua inscri\u00e7\u00e3o no site oficial do evento: <\/span><a href=\"http:\/\/conferenciaanprotec.org.br\"><span style=\"font-weight: 400;\">conferenciaanprotec.org.br<\/span><\/a><span style=\"font-weight: 400;\">\u00a0<\/span><\/p>\n<p>&nbsp;<\/p>\n","protected":false},"excerpt":{"rendered":"<p>&nbsp; \u00a0 \u00c0 medida que a 35\u00aa Confer\u00eancia Anprotec se<span class=\"excerpt-hellip\"> [\u2026]<\/span><\/p>\n","protected":false},"author":8,"featured_media":55703,"comment_status":"closed","ping_status":"closed","sticky":false,"template":"","format":"standard","meta":{"footnotes":"","_links_to":"","_links_to_target":""},"categories":[411,395,3],"tags":[],"calendar":[],"_links":{"self":[{"href":"https:\/\/anprotec.org.br\/site\/wp-json\/wp\/v2\/posts\/55698"}],"collection":[{"href":"https:\/\/anprotec.org.br\/site\/wp-json\/wp\/v2\/posts"}],"about":[{"href":"https:\/\/anprotec.org.br\/site\/wp-json\/wp\/v2\/types\/post"}],"author":[{"embeddable":true,"href":"https:\/\/anprotec.org.br\/site\/wp-json\/wp\/v2\/users\/8"}],"replies":[{"embeddable":true,"href":"https:\/\/anprotec.org.br\/site\/wp-json\/wp\/v2\/comments?post=55698"}],"version-history":[{"count":2,"href":"https:\/\/anprotec.org.br\/site\/wp-json\/wp\/v2\/posts\/55698\/revisions"}],"predecessor-version":[{"id":55770,"href":"https:\/\/anprotec.org.br\/site\/wp-json\/wp\/v2\/posts\/55698\/revisions\/55770"}],"wp:featuredmedia":[{"embeddable":true,"href":"https:\/\/anprotec.org.br\/site\/wp-json\/wp\/v2\/media\/55703"}],"wp:attachment":[{"href":"https:\/\/anprotec.org.br\/site\/wp-json\/wp\/v2\/media?parent=55698"}],"wp:term":[{"taxonomy":"category","embeddable":true,"href":"https:\/\/anprotec.org.br\/site\/wp-json\/wp\/v2\/categories?post=55698"},{"taxonomy":"post_tag","embeddable":true,"href":"https:\/\/anprotec.org.br\/site\/wp-json\/wp\/v2\/tags?post=55698"},{"taxonomy":"calendar","embeddable":true,"href":"https:\/\/anprotec.org.br\/site\/wp-json\/wp\/v2\/calendar?post=55698"}],"curies":[{"name":"wp","href":"https:\/\/api.w.org\/{rel}","templated":true}]}}