{"id":55580,"date":"2025-08-19T14:15:13","date_gmt":"2025-08-19T17:15:13","guid":{"rendered":"https:\/\/anprotec.org.br\/site\/?p=55580"},"modified":"2025-08-20T13:37:07","modified_gmt":"2025-08-20T16:37:07","slug":"anprotec-apoia-chamada-que-levara-ambientes-de-inovacao-e-empresas-para-o-web-summit-lisboa-2025","status":"publish","type":"post","link":"https:\/\/anprotec.org.br\/site\/2025\/08\/anprotec-apoia-chamada-que-levara-ambientes-de-inovacao-e-empresas-para-o-web-summit-lisboa-2025\/","title":{"rendered":"Anprotec apoia chamada que levar\u00e1 ambientes de inova\u00e7\u00e3o e empresas para o Web Summit Lisboa 2025"},"content":{"rendered":"<div class=\"wp-block-image\"><img decoding=\"async\" loading=\"lazy\" class=\"wpa-warning wpa-image-missing-alt aligncenter wp-image-55582 size-full\" src=\"https:\/\/anprotec.org.br\/site\/wp-content\/uploads\/2025\/08\/Captura-de-tela-2025-08-19-140630-e1755623428469.png\" alt=\"\" width=\"700\" height=\"435\" data-warning=\"Missing alt text\" \/><\/div>\n<p>&nbsp;<\/p>\n<p><span style=\"font-weight: 400;\">At\u00e9 o dia <\/span><b>25 de agosto<\/b><span style=\"font-weight: 400;\">, os ambientes de inova\u00e7\u00e3o brasileiros podem se inscrever para participar da miss\u00e3o brasileira ao <\/span><b>Web Summit Lisboa<\/b><span style=\"font-weight: 400;\">, um dos maiores encontros mundiais dedicados \u00e0 tecnologia, inova\u00e7\u00e3o e empreendedorismo, que acontece entre os dias<\/span><b> 10 e 13 de novembro <\/b><span style=\"font-weight: 400;\">em Lisboa, Portugal. A Anprotec apoia a<\/span><b> Miss\u00e3o Web Summit Lisboa<\/b><span style=\"font-weight: 400;\">, que tem como objetivo conectar ambientes e empresas brasileiras ao mercado europeu.\u00a0<\/span><\/p>\n<p><span style=\"font-weight: 400;\">Para a delega\u00e7\u00e3o brasileira, ser\u00e3o selecionados <\/span><b>10 ambientes de inova\u00e7\u00e3o<\/b><span style=\"font-weight: 400;\"> que promovam empreendedorismo, inova\u00e7\u00e3o e tecnologia. No ano anterior, o evento reuniu mais de 17 mil pessoas representando mais de 150 pa\u00edses, as maiores delega\u00e7\u00f5es foram da Alemanha e do Brasil. O Brasil foi representado por 400 empresas, sendo 226 startups.\u00a0<\/span><\/p>\n<p><span style=\"font-weight: 400;\">Os ambientes selecionados poder\u00e3o indicar, cada um, <\/span><b>5 startups<\/b><span style=\"font-weight: 400;\"> de seus ecossistemas, que sejam de base tecnol\u00f3gica com solu\u00e7\u00f5es escal\u00e1veis, tenham MVP, solu\u00e7\u00e3o ou produto pr\u00f3prio, pronto para ser comercializado. Os ambientes de inova\u00e7\u00e3o e startups ter\u00e3o espa\u00e7o de <\/span><b>exposi\u00e7\u00e3o por 01 dia <\/b><span style=\"font-weight: 400;\">no pavilh\u00e3o do Brasil.\u00a0<\/span><\/p>\n<p><span style=\"font-weight: 400;\">Os participantes, antes do evento, participar\u00e3o de capacita\u00e7\u00f5es online sobre softlanding, atra\u00e7\u00e3o de investimentos, al\u00e9m de webinars com as realizadoras da miss\u00e3o Apex Brasil, Sebrae e Serpro.\u00a0<\/span><\/p>\n<p>\u201cParticipar de um evento como o Web Summit Lisboa \u00e9 uma oportunidade transformadora para qualquer startup \u2013 esteja ela no in\u00edcio da jornada ou j\u00e1 trilhando caminhos mais consolidados\u201d, comenta o presidente da ApexBrasil, Jorge Viana. \u201c\u00c9 a chance de mergulhar no epicentro global da inova\u00e7\u00e3o, conhecer tend\u00eancias que moldam o futuro, se conectar com investidores e parceiros estrat\u00e9gicos, e trocar experi\u00eancias com empreendedores do mundo inteiro. Tudo isso com o nosso apoio, nossa expertise, e a do nosso parceiro Sebrae\u201d, completa.<\/p>\n<p><b>A Miss\u00e3o Web Summit Lisboa deste ano \u00e9 <\/b>uma iniciativa da Ag\u00eancia Brasileira de Promo\u00e7\u00e3o de Exporta\u00e7\u00f5es e Investimentos (ApexBrasil) e do Servi\u00e7o Brasileiro de Apoio \u00e0s Micro e Pequenas Empresas (SEBRAE), em parceria com a Anprotec, o Servi\u00e7o Federal de Processamento de Dados (SERPRO), o Minist\u00e9rio das Rela\u00e7\u00f5es Exteriores (MRE), a Embaixada do Brasil em Lisboa e o Minist\u00e9rio de Ci\u00eancia, Tecnologia e Inova\u00e7\u00e3o (MCTI).<\/p>\n<p><span style=\"font-weight: 400;\">O Web Summit Lisboa \u00e9 um evento internacional realizado em Portugal para conectar CEOs de empresas tecnol\u00f3gicas, startups em crescimento, investidores e outros atuantes do ecossistema de inova\u00e7\u00e3o.\u00a0<\/span><\/p>\n<p><span style=\"font-weight: 400;\">O evento \u00e9 uma oportunidade de se conectar ao ecossistema portugu\u00eas de inova\u00e7\u00e3o, mas tamb\u00e9m com os ambientes de inova\u00e7\u00e3o de outros pa\u00edses. O Web Summit Lisboa tamb\u00e9m foca em fortalecer a rede de parceiros e investidores presentes no evento, assim como dar espa\u00e7o para os ambientes de inova\u00e7\u00e3o se apresentarem e ampliarem sua visibilidade.\u00a0<\/span><\/p>\n<p><span style=\"font-weight: 400;\">Confira o <\/span><a href=\"https:\/\/click.apexbrasil.com.br\/mkt\/feiras\/websummit\/Regulamento_2025_Ambiente_Inovacao.pdf#msdynmkt_trackingcontext=f5b72959-a949-4250-adb7-fc9246c60200\"><span style=\"font-weight: 400;\">regulamento <\/span><\/a><span style=\"font-weight: 400;\">e <\/span><a href=\"https:\/\/crm-apps.apexbrasil.com.br\/orgbdeab873\/inscricao-eventos\/evento\/web-summit-lisboa-2025-hubs\/20e8a5c3-3c25-4e9a-8b78-bb6c060b1a8e?utm_source=EMarketing&amp;msdynmkt_trackingcontext=f5b72959-a949-4250-adb7-fc9246c60200\"><span style=\"font-weight: 400;\">inscreva-se<\/span><\/a><span style=\"font-weight: 400;\">.\u00a0<\/span><\/p>\n<p>Com informa\u00e7\u00f5es da <a href=\"https:\/\/agenciasebrae.com.br\/inovacao-e-tecnologia\/inscricoes-abertas-apexbrasil-e-sebrae-levarao-250-startups-brasileiras-ao-web-summit-lisboa-2025\/\">Ag\u00eancia Sebrae de Not\u00edcias<\/a>.<\/p>\n","protected":false},"excerpt":{"rendered":"<p>&nbsp; At\u00e9 o dia 25 de agosto, os ambientes de<span class=\"excerpt-hellip\"> [\u2026]<\/span><\/p>\n","protected":false},"author":8,"featured_media":55583,"comment_status":"closed","ping_status":"closed","sticky":false,"template":"","format":"standard","meta":{"footnotes":"","_links_to":"","_links_to_target":""},"categories":[3,383],"tags":[],"calendar":[],"_links":{"self":[{"href":"https:\/\/anprotec.org.br\/site\/wp-json\/wp\/v2\/posts\/55580"}],"collection":[{"href":"https:\/\/anprotec.org.br\/site\/wp-json\/wp\/v2\/posts"}],"about":[{"href":"https:\/\/anprotec.org.br\/site\/wp-json\/wp\/v2\/types\/post"}],"author":[{"embeddable":true,"href":"https:\/\/anprotec.org.br\/site\/wp-json\/wp\/v2\/users\/8"}],"replies":[{"embeddable":true,"href":"https:\/\/anprotec.org.br\/site\/wp-json\/wp\/v2\/comments?post=55580"}],"version-history":[{"count":2,"href":"https:\/\/anprotec.org.br\/site\/wp-json\/wp\/v2\/posts\/55580\/revisions"}],"predecessor-version":[{"id":55695,"href":"https:\/\/anprotec.org.br\/site\/wp-json\/wp\/v2\/posts\/55580\/revisions\/55695"}],"wp:featuredmedia":[{"embeddable":true,"href":"https:\/\/anprotec.org.br\/site\/wp-json\/wp\/v2\/media\/55583"}],"wp:attachment":[{"href":"https:\/\/anprotec.org.br\/site\/wp-json\/wp\/v2\/media?parent=55580"}],"wp:term":[{"taxonomy":"category","embeddable":true,"href":"https:\/\/anprotec.org.br\/site\/wp-json\/wp\/v2\/categories?post=55580"},{"taxonomy":"post_tag","embeddable":true,"href":"https:\/\/anprotec.org.br\/site\/wp-json\/wp\/v2\/tags?post=55580"},{"taxonomy":"calendar","embeddable":true,"href":"https:\/\/anprotec.org.br\/site\/wp-json\/wp\/v2\/calendar?post=55580"}],"curies":[{"name":"wp","href":"https:\/\/api.w.org\/{rel}","templated":true}]}}