{"id":5536,"date":"2014-02-07T10:05:42","date_gmt":"2014-02-07T13:05:42","guid":{"rendered":"http:\/\/anprotec.org.br\/site\/?p=5536"},"modified":"2014-02-07T10:36:01","modified_gmt":"2014-02-07T13:36:01","slug":"ibge-apresenta-resultados-da-pintec-ao-mcti","status":"publish","type":"post","link":"https:\/\/anprotec.org.br\/site\/2014\/02\/ibge-apresenta-resultados-da-pintec-ao-mcti\/","title":{"rendered":"IBGE apresenta resultados da Pintec ao MCTI"},"content":{"rendered":"<p style=\"text-align: justify\"><img decoding=\"async\" loading=\"lazy\" class=\"alignleft size-thumbnail wp-image-5537\" alt=\"230176\" src=\"https:\/\/anprotec.org.br\/site\/wp-content\/uploads\/2014\/02\/230176-270x160.jpg\" width=\"270\" height=\"160\" \/>Na \u00faltima quarta-feira (05), o gerente da quinta edi\u00e7\u00e3o da Pesquisa de Inova\u00e7\u00e3o (Pintec) e pesquisador do Instituto Brasileiro de Geografia e Estat\u00edstica (IBGE), Alessandro Pinheiro, apresentou os resultados do estudo para o secret\u00e1rio executivo do Minist\u00e9rio da Ci\u00eancia, Tecnologia e Inova\u00e7\u00e3o (MCTI), Luiz Antonio Elias, em reuni\u00e3o que contou com a presen\u00e7a de secret\u00e1rios e gestores da pasta federal.<\/p>\n<p style=\"text-align: justify\">Realizado em parceria com o minist\u00e9rio, o levantamento tem o objetivo de fornecer informa\u00e7\u00f5es para a constru\u00e7\u00e3o de indicadores das atividades de inova\u00e7\u00e3o das empresas brasileiras. \u201cPara n\u00f3s \u00e9 significativo, no sentido, de que voc\u00ea tem possibilidade de aprimorar as pol\u00edticas p\u00fablicas, reestruturar e recondicionar alguns temas e instrumentos pensando cada vez mais em ampliar a competitividade da ind\u00fastria brasileira\u201d, disse Elias.<\/p>\n<p style=\"text-align: justify\">Lan\u00e7ada em dezembro, a \u00a05\u00aa edi\u00e7\u00e3o do estudo compreende o per\u00edodo de 2009 a 2011. A Pintec \u00a0aponta que o investimento total das empresas em atividades inovativas em 2011 foi de R$ 64,9 bilh\u00f5es. O valor corresponde a 2,56% da receita l\u00edquida dessas companhias, sendo R$ 19,9 bilh\u00f5es (30,8%) gastos nas atividades internas de P&amp;D e R$ 4,29 bilh\u00f5es em gastos com aquisi\u00e7\u00e3o externa. Se comparado ao percentual do disp\u00eandio nas atividades internas de P&amp;D em rela\u00e7\u00e3o \u00e0 receita l\u00edquida de vendas na ind\u00fastria, houve um avan\u00e7o, de 0,62% em 2008 para 0,71% em 2011. As ind\u00fastrias inovadoras com atividades internas de P&amp;D passaram de 4,1% em 2008, para 5% do total em 2011.<\/p>\n<p style=\"text-align: justify\"><strong>Taxa de inova\u00e7\u00e3o<\/strong> &#8211; Do universo de 128.699 empresas, com dez ou mais pessoas ocupadas, 45.950 implementaram produtos ou processos novos ou significativamente aprimorados, correspondendo a uma taxa de inova\u00e7\u00e3o de 35,7%. J\u00e1 no per\u00edodo de 2006 a 2008 (Pintec 2008) foi 38,6%, e de 2003 a 2005, 34,4%.<\/p>\n<p style=\"text-align: justify\">Tamb\u00e9m no que diz respeito ao setor da ind\u00fastria, observa-se uma queda em rela\u00e7\u00e3o \u00e0 Pintec 2008 (2006 a 2008): 35,6% realizaram atividades inovativas, contra 38,1% no per\u00edodo anterior.<\/p>\n<p style=\"text-align: justify\">As ind\u00fastrias representam 90% das empresas inovadoras identificadas pela Pintec. Nesse universo, a maioria s\u00e3o empresas que realizaram inova\u00e7\u00e3o somente nos processos internos (18,3%), acompanhadas daquelas que inovaram tanto em produto quanto em processos (13,4%). O restante (3,9%) inovou apenas em produtos. Um dos motivos apontados para essa queda \u00e9 a retra\u00e7\u00e3o da economia mundial em 2008 e da brasileira em 2009, que reduziu em 0,3% o Produto Interno Bruto (PIB). \u201cA crise afetou principalmente a inova\u00e7\u00e3o de produtos, que \u00e9 aquela que exige mais esfor\u00e7o da empresa\u201d, explicou Alessandro Pinheiro. \u201cQuando h\u00e1 crise as empresas ficam na retaguarda, lan\u00e7ar um novo produto no mercado \u00e9 sempre um risco.\u201d<\/p>\n<p style=\"text-align: justify\">A pesquisa aponta que no setor de servi\u00e7os 36,8% das empresas inovaram. No campo eletricidade e g\u00e1s, inclu\u00eddo pela primeira vez, a taxa foi 44,1%. O percentual entre as ind\u00fastrias de transforma\u00e7\u00e3o chegou a 35,9%, enquanto 18,9% das ind\u00fastrias extrativistas foram consideradas inovadoras.<\/p>\n<p style=\"text-align: justify\">No que se refere \u00e0 inova\u00e7\u00e3o de processo, que \u00e9 quando a empresa aprimora ou introduz novos m\u00e9todos de produ\u00e7\u00e3o ou de entrega de produtos \u2013 como mudan\u00e7as nas t\u00e9cnicas, m\u00e1quinas ou softwares e log\u00edstica \u2013, a maior incid\u00eancia de inova\u00e7\u00e3o foi identificada nos setores de pesquisa e desenvolvimento (81,7%), fabrica\u00e7\u00e3o de sab\u00f5es, detergentes, produtos de limpeza, cosm\u00e9ticos, produtos de perfumaria e de higiene pessoal (73,3%) e o setor automobil\u00edstico (69,1%).<\/p>\n<p style=\"text-align: justify\">Como ocorreu nas edi\u00e7\u00f5es anteriores, a Pintec 2011 demonstra que o modelo de inova\u00e7\u00e3o das empresas baseia-se principalmente no acesso ao conhecimento tecnol\u00f3gico atrav\u00e9s da compra de m\u00e1quinas e equipamentos, atividade considerada de import\u00e2ncia alta ou m\u00e9dia para 73,5% das empresas inovadoras, seguido de atividades como treinamento (59,5%) e compra de software, considerada de m\u00e9dia ou alta relev\u00e2ncia para 33,2% das empresas.<\/p>\n<p style=\"text-align: justify\"><strong>Documento<\/strong> &#8211;\u00a0 A apresenta\u00e7\u00e3o integrou o ciclo de di\u00e1logos do MCTI, que teve in\u00edcio em janeiro, com objetivo de ouvir institui\u00e7\u00f5es que tratem de temas da pasta. A ideia, segundo Elias, \u00e9 formatar um documento entre mar\u00e7o e abril, a ser apresentado na reuni\u00e3o do Conselho Nacional de Ci\u00eancia e Tecnologia (CCT).<\/p>\n<p style=\"text-align: justify\">Participaram da atividade os presidentes do Conselho Nacional de Desenvolvimento, Cient\u00edfico e Tecnol\u00f3gico (CNPq\/MCTI), Glaucius Oliva, e do Centro de Gest\u00e3o e Estudos Estrat\u00e9gicos (CGEE), Mariano Laplane, e representantes do Instituto de Pesquisa Econ\u00f4mica Aplicada (Ipea).<\/p>\n<p style=\"text-align: justify\"><a href=\"http:\/\/www.pintec.ibge.gov.br\/downloads\/pintec2011%20publicacao%20completa.pdf\" target=\"_blank\">Acesse a Pintec 2011 na \u00edntegra.<\/a><\/p>\n<p style=\"text-align: justify\">* Com informa\u00e7\u00f5es e foto do MCTI<\/p>\n","protected":false},"excerpt":{"rendered":"<p><!--:pt-->Quinta edi\u00e7\u00e3o da Pesquisa de Inova\u00e7\u00e3o mostra indicadores das atividades inovativas realizadas pelas empresas brasileiras entre 2009 e 2011 e pode ajudar a aprimorar pol\u00edticas na \u00e1rea.<!--:--><\/p>\n","protected":false},"author":8,"featured_media":5537,"comment_status":"open","ping_status":"open","sticky":false,"template":"","format":"standard","meta":{"footnotes":"","_links_to":"","_links_to_target":""},"categories":[3],"tags":[],"calendar":[],"_links":{"self":[{"href":"https:\/\/anprotec.org.br\/site\/wp-json\/wp\/v2\/posts\/5536"}],"collection":[{"href":"https:\/\/anprotec.org.br\/site\/wp-json\/wp\/v2\/posts"}],"about":[{"href":"https:\/\/anprotec.org.br\/site\/wp-json\/wp\/v2\/types\/post"}],"author":[{"embeddable":true,"href":"https:\/\/anprotec.org.br\/site\/wp-json\/wp\/v2\/users\/8"}],"replies":[{"embeddable":true,"href":"https:\/\/anprotec.org.br\/site\/wp-json\/wp\/v2\/comments?post=5536"}],"version-history":[{"count":5,"href":"https:\/\/anprotec.org.br\/site\/wp-json\/wp\/v2\/posts\/5536\/revisions"}],"predecessor-version":[{"id":5542,"href":"https:\/\/anprotec.org.br\/site\/wp-json\/wp\/v2\/posts\/5536\/revisions\/5542"}],"wp:featuredmedia":[{"embeddable":true,"href":"https:\/\/anprotec.org.br\/site\/wp-json\/wp\/v2\/media\/5537"}],"wp:attachment":[{"href":"https:\/\/anprotec.org.br\/site\/wp-json\/wp\/v2\/media?parent=5536"}],"wp:term":[{"taxonomy":"category","embeddable":true,"href":"https:\/\/anprotec.org.br\/site\/wp-json\/wp\/v2\/categories?post=5536"},{"taxonomy":"post_tag","embeddable":true,"href":"https:\/\/anprotec.org.br\/site\/wp-json\/wp\/v2\/tags?post=5536"},{"taxonomy":"calendar","embeddable":true,"href":"https:\/\/anprotec.org.br\/site\/wp-json\/wp\/v2\/calendar?post=5536"}],"curies":[{"name":"wp","href":"https:\/\/api.w.org\/{rel}","templated":true}]}}