{"id":5527,"date":"2014-02-06T10:21:49","date_gmt":"2014-02-06T13:21:49","guid":{"rendered":"http:\/\/anprotec.org.br\/site\/?p=5527"},"modified":"2014-02-06T10:22:37","modified_gmt":"2014-02-06T13:22:37","slug":"demanda-do-inova-telecom-ja-registra-de-r-36-bilhoes","status":"publish","type":"post","link":"https:\/\/anprotec.org.br\/site\/2014\/02\/demanda-do-inova-telecom-ja-registra-de-r-36-bilhoes\/","title":{"rendered":"Demanda do Inova Telecom j\u00e1 registra de R$ 3,6 bilh\u00f5es"},"content":{"rendered":"<p style=\"text-align: justify\"><span style=\"line-height: 1.5em\"><img decoding=\"async\" loading=\"lazy\" class=\"alignleft size-thumbnail wp-image-5414\" alt=\"Inova Telecom\" src=\"https:\/\/anprotec.org.br\/site\/wp-content\/uploads\/2014\/01\/Inova-Telecom-270x160.jpg\" width=\"270\" height=\"160\" \/>As inscri\u00e7\u00f5es para o Inova Telecom, programa voltado\u00a0para projetos cient\u00edficos e tecnol\u00f3gicos ligados a telecomunica\u00e7\u00f5es, encerram amanh\u00e3 (07).\u00a0\u00a0Mas, o edital j\u00e1 tem uma demanda de\u00a0R$ 3,6 bilh\u00f5es, mais do dobro previsto no lan\u00e7amento (R$1,5 bilh\u00e3o). At\u00e9 a \u00faltima sexta-feira (31), 116 empresas j\u00e1 haviam enviado propostas.\u00a0<\/span><\/p>\n<p style=\"text-align: justify\">Nesta primeira etapa da inscri\u00e7\u00e3o, que vai at\u00e9 o dia 7 de fevereiro, as empresas precisam apenas declarar a inten\u00e7\u00e3o de participar do programa, informando a \u00e1rea e valor do projeto. O prazo para a apresenta\u00e7\u00e3o do plano de neg\u00f3cios vai at\u00e9 o dia 5 de maio. O resultado da sele\u00e7\u00e3o deve ser publicado em julho.<\/p>\n<p style=\"text-align: justify\"><span style=\"line-height: 1.5em\">A maior parte dos recursos iniciais do programa \u00e9 proveniente do Fundo para o Desenvolvimento Tecnol\u00f3gico das Telecomunica\u00e7\u00f5es (Funttel), que vai entrar com R$ 640 milh\u00f5es, dos quais R$ 200 milh\u00f5es j\u00e1 foram repassados \u00e0 Financiadora de Estudos e Projetos (Finep), entidade vinculada ao Minist\u00e9rio da Ci\u00eancia e Tecnologia (MCTI)<\/span><\/p>\n<p style=\"text-align: justify\"><span style=\"line-height: 1.5em\">O Inova Telecom integra o Plano Inova Empresa, lan\u00e7ado pelo Governo Federal em mar\u00e7o do ano passado, com um total de R$ 32,9 bilh\u00f5es para fomentar projetos de inova\u00e7\u00e3o em diversos setores, como sa\u00fade, energia, sustentabilidade e agroneg\u00f3cio.<\/span><\/p>\n<p style=\"text-align: justify\"><span style=\"line-height: 1.5em\">Fonte: Com informa\u00e7\u00f5es do Minist\u00e9rio das Comunica\u00e7\u00f5es<\/span><\/p>\n","protected":false},"excerpt":{"rendered":"<p><!--:pt-->Mais de 100 empresas enviaram propostas para programa voltado para o desenvolvimento de telecomunica\u00e7\u00f5es, que encerra as inscri\u00e7\u00f5es amanh\u00e3.  Valor supera o previsto no edital, de R$ 1,5 bilh\u00e3o.<!--:--><\/p>\n","protected":false},"author":8,"featured_media":5414,"comment_status":"open","ping_status":"open","sticky":false,"template":"","format":"standard","meta":{"footnotes":"","_links_to":"","_links_to_target":""},"categories":[3],"tags":[],"calendar":[],"_links":{"self":[{"href":"https:\/\/anprotec.org.br\/site\/wp-json\/wp\/v2\/posts\/5527"}],"collection":[{"href":"https:\/\/anprotec.org.br\/site\/wp-json\/wp\/v2\/posts"}],"about":[{"href":"https:\/\/anprotec.org.br\/site\/wp-json\/wp\/v2\/types\/post"}],"author":[{"embeddable":true,"href":"https:\/\/anprotec.org.br\/site\/wp-json\/wp\/v2\/users\/8"}],"replies":[{"embeddable":true,"href":"https:\/\/anprotec.org.br\/site\/wp-json\/wp\/v2\/comments?post=5527"}],"version-history":[{"count":2,"href":"https:\/\/anprotec.org.br\/site\/wp-json\/wp\/v2\/posts\/5527\/revisions"}],"predecessor-version":[{"id":5529,"href":"https:\/\/anprotec.org.br\/site\/wp-json\/wp\/v2\/posts\/5527\/revisions\/5529"}],"wp:featuredmedia":[{"embeddable":true,"href":"https:\/\/anprotec.org.br\/site\/wp-json\/wp\/v2\/media\/5414"}],"wp:attachment":[{"href":"https:\/\/anprotec.org.br\/site\/wp-json\/wp\/v2\/media?parent=5527"}],"wp:term":[{"taxonomy":"category","embeddable":true,"href":"https:\/\/anprotec.org.br\/site\/wp-json\/wp\/v2\/categories?post=5527"},{"taxonomy":"post_tag","embeddable":true,"href":"https:\/\/anprotec.org.br\/site\/wp-json\/wp\/v2\/tags?post=5527"},{"taxonomy":"calendar","embeddable":true,"href":"https:\/\/anprotec.org.br\/site\/wp-json\/wp\/v2\/calendar?post=5527"}],"curies":[{"name":"wp","href":"https:\/\/api.w.org\/{rel}","templated":true}]}}