{"id":5523,"date":"2014-02-06T09:20:27","date_gmt":"2014-02-06T12:20:27","guid":{"rendered":"http:\/\/anprotec.org.br\/site\/?p=5523"},"modified":"2014-02-06T09:20:27","modified_gmt":"2014-02-06T12:20:27","slug":"lancada-chamada-para-tecnologias-assistivas","status":"publish","type":"post","link":"https:\/\/anprotec.org.br\/site\/2014\/02\/lancada-chamada-para-tecnologias-assistivas\/","title":{"rendered":"Lan\u00e7ada chamada para tecnologias assistivas"},"content":{"rendered":"<p><img decoding=\"async\" loading=\"lazy\" class=\"alignleft size-thumbnail wp-image-5524\" alt=\"logo_novo finep\" src=\"https:\/\/anprotec.org.br\/site\/wp-content\/uploads\/2014\/02\/logo_novo-finep-270x160.jpg\" width=\"270\" height=\"160\" \/>A Finep\u00a0 lan\u00e7ou uma chamada p\u00fablica voltada para o apoio financeiro a projetos cooperativos entre Institui\u00e7\u00f5es de Pesquisa Cient\u00edficas e Tecnol\u00f3gicas (ICTs) e empresas brasileiras, visando o desenvolvimento de tecnologias voltadas para pessoas idosas \u00a0e com necessidades especiais e mobilidade reduzida.<\/p>\n<p>As linhas tem\u00e1ticas s\u00e3o:<\/p>\n<p>&#8211; Tecnologias priorit\u00e1rias para as compras governamentais dos Minist\u00e9rios da Sa\u00fade e da Educa\u00e7\u00e3o, e solu\u00e7\u00f5es inovadoras que apresentem vantagens t\u00e9cnicas ou econ\u00f4micas.<\/p>\n<p>&#8211; Produtos assistivos inovadores, inclu\u00eddos nas seguintes categorias: Comunica\u00e7\u00e3o Aumentativa e Alternativa; Sistemas de Controle de Ambiente; Adequa\u00e7\u00e3o Postural; Adapta\u00e7\u00f5es em ve\u00edculos; Esporte e lazer<\/p>\n<p>Cada proposta deve se enquadrar entre o valor m\u00ednimo de R$ 500 mil e o m\u00e1ximo de R$ 4 milh\u00f5es. O prazo para envio \u00e9 at\u00e9 a pr\u00f3xima quarta-feira (12).<\/p>\n<p>Para acessar o edital, clique <a href=\"http:\/\/download.finep.gov.br\/chamadas\/tecnologia_assistiva\/editais\/EditalChamadaPublicaAssistiva2013ICT-Empresa_vf.pdf\">aqui<\/a><\/p>\n<p>* Com informa\u00e7\u00f5es da Finep<\/p>\n<p>&nbsp;<\/p>\n","protected":false},"excerpt":{"rendered":"<p><!--:pt-->Edital da Finep destinar\u00e1 R$ 20 milh\u00f5es em recursos n\u00e3o reembols\u00e1veis para apoio a projetos voltados para pessoas idosas, com necessidades especiais e mobilidade reduzida<!--:--><\/p>\n","protected":false},"author":8,"featured_media":5524,"comment_status":"open","ping_status":"open","sticky":false,"template":"","format":"standard","meta":{"footnotes":"","_links_to":"","_links_to_target":""},"categories":[3],"tags":[],"calendar":[],"_links":{"self":[{"href":"https:\/\/anprotec.org.br\/site\/wp-json\/wp\/v2\/posts\/5523"}],"collection":[{"href":"https:\/\/anprotec.org.br\/site\/wp-json\/wp\/v2\/posts"}],"about":[{"href":"https:\/\/anprotec.org.br\/site\/wp-json\/wp\/v2\/types\/post"}],"author":[{"embeddable":true,"href":"https:\/\/anprotec.org.br\/site\/wp-json\/wp\/v2\/users\/8"}],"replies":[{"embeddable":true,"href":"https:\/\/anprotec.org.br\/site\/wp-json\/wp\/v2\/comments?post=5523"}],"version-history":[{"count":1,"href":"https:\/\/anprotec.org.br\/site\/wp-json\/wp\/v2\/posts\/5523\/revisions"}],"predecessor-version":[{"id":5525,"href":"https:\/\/anprotec.org.br\/site\/wp-json\/wp\/v2\/posts\/5523\/revisions\/5525"}],"wp:featuredmedia":[{"embeddable":true,"href":"https:\/\/anprotec.org.br\/site\/wp-json\/wp\/v2\/media\/5524"}],"wp:attachment":[{"href":"https:\/\/anprotec.org.br\/site\/wp-json\/wp\/v2\/media?parent=5523"}],"wp:term":[{"taxonomy":"category","embeddable":true,"href":"https:\/\/anprotec.org.br\/site\/wp-json\/wp\/v2\/categories?post=5523"},{"taxonomy":"post_tag","embeddable":true,"href":"https:\/\/anprotec.org.br\/site\/wp-json\/wp\/v2\/tags?post=5523"},{"taxonomy":"calendar","embeddable":true,"href":"https:\/\/anprotec.org.br\/site\/wp-json\/wp\/v2\/calendar?post=5523"}],"curies":[{"name":"wp","href":"https:\/\/api.w.org\/{rel}","templated":true}]}}