{"id":5463,"date":"2014-01-31T14:26:05","date_gmt":"2014-01-31T17:26:05","guid":{"rendered":"http:\/\/anprotec.org.br\/site\/?p=5463"},"modified":"2014-01-31T14:28:09","modified_gmt":"2014-01-31T17:28:09","slug":"obras-avancadas-no-pqtec","status":"publish","type":"post","link":"https:\/\/anprotec.org.br\/site\/2014\/01\/obras-avancadas-no-pqtec\/","title":{"rendered":"<!--:pt-->Obras est\u00e3o avan\u00e7adas no PqTec<!--:-->"},"content":{"rendered":"<p><!--:pt--><\/p>\n<p style=\"text-align: justify\"><img decoding=\"async\" loading=\"lazy\" class=\"alignleft size-thumbnail wp-image-5464\" alt=\"image005\" src=\"https:\/\/anprotec.org.br\/site\/wp-content\/uploads\/2014\/01\/image005-270x160.jpg\" width=\"270\" height=\"160\" \/>Em opera\u00e7\u00e3o desde 2009, o Parque Tecnol\u00f3gico \u2013 S\u00e3o Jos\u00e9 dos Campos (PqTec-SJC) come\u00e7a 2014 com novas empresas e laborat\u00f3rios concluindo suas instala\u00e7\u00f5es no ambiente: Boeing, Airbus e o Laborat\u00f3rio de Estruturas Leves (LEL), iniciativa do Instituto de Pesquisas Tecnol\u00f3gicas (IPT).<\/p>\n<p style=\"text-align: justify\"><strong>Boeing<\/strong> &#8211; A \u00e1rea na qual funcionar\u00e1 o Centro de Pesquisa e Tecnologia da Boeing no Brasil dentro do N\u00facleo do Parque Tecnol\u00f3gico abrange 630 m2\u00a0 e tem previs\u00e3o de t\u00e9rmino no fim de fevereiro. Desde setembro de 2013, engenheiros da Boeing j\u00e1 trabalham em um espa\u00e7o tempor\u00e1rio dentro do Parque conduzindo pesquisas inovadoras em \u00e1reas como biocombust\u00edveis sustent\u00e1veis para avia\u00e7\u00e3o, gest\u00e3o avan\u00e7ada de tr\u00e1fego a\u00e9reo, metais e biomateriais sustent\u00e1veis avan\u00e7ados.<\/p>\n<p style=\"text-align: justify\"><strong>Laborat\u00f3rio de Estruturas Leves (LEL)<\/strong> \u2013 destinado \u00e0s ind\u00fastrias aeron\u00e1utica, automobil\u00edstica e de explora\u00e7\u00e3o de petr\u00f3leo e g\u00e1s no Brasil, entre outros setores, o laborat\u00f3rio vai desenvolver estruturas leves para fabrica\u00e7\u00e3o de pe\u00e7as, com menor peso e custo, por\u00e9m mais resistentes.<br \/>\nA obra de constru\u00e7\u00e3o da Sala Limpa (classe 9 da norma NBR ISO 14.644-1), com 1.600 metros quadrados, est\u00e1 praticamente conclu\u00edda. As obras abrangem ainda as \u00e1reas de oficinas e escrit\u00f3rios, reforma de banheiros, constru\u00e7\u00e3o de salas em drywall e pain\u00e9is navais, instala\u00e7\u00f5es el\u00e9tricas e das utilidades (ar comprimido, \u00e1gua de resfriamento e v\u00e1cuo), al\u00e9m da instala\u00e7\u00e3o das redes de combate a inc\u00eandio. Parte da subesta\u00e7\u00e3o el\u00e9trica do Parque Tecnol\u00f3gico foi modificada para atender \u00e0 implanta\u00e7\u00e3o do LEL, cujo in\u00edcio da opera\u00e7\u00e3o est\u00e1 previsto para mar\u00e7o. (foto)<\/p>\n<p style=\"text-align: justify\"><strong>Grupo Airbus<\/strong> &#8211; As obras de adequa\u00e7\u00e3o da \u00e1rea ocupada no Parque Tecnol\u00f3gico pelo Airbus Group (nova denomina\u00e7\u00e3o da European Aeronautic Defence and Space Company \u2013 EADS) tiveram in\u00edcio no m\u00eas de novembro e somam 320 metros quadrados de \u00e1rea ocupada. As obras avan\u00e7am segundo o cronograma pr\u00e9-estabelecido e a expectativa \u00e9 que a Airbus inicie opera\u00e7\u00f5es no Parque a partir de mar\u00e7o deste ano.<\/p>\n<p>* Com informa\u00e7\u00f5es e foto do Parque Tecnol\u00f3gico de S\u00e3o Jos\u00e9 de Campos<!--:--><\/p>\n","protected":false},"excerpt":{"rendered":"<p><!--:pt-->Empresas e laborat\u00f3rios est\u00e3o concluindo obras no Parque Tecnol\u00f3gico de S\u00e3o Jos\u00e9 de Campos. Funcionamento de Boeing e Airbus est\u00e1 previsto para fevereiro e mar\u00e7o. <!--:--><\/p>\n","protected":false},"author":8,"featured_media":5464,"comment_status":"open","ping_status":"open","sticky":false,"template":"","format":"standard","meta":{"footnotes":"","_links_to":"","_links_to_target":""},"categories":[3],"tags":[],"calendar":[],"_links":{"self":[{"href":"https:\/\/anprotec.org.br\/site\/wp-json\/wp\/v2\/posts\/5463"}],"collection":[{"href":"https:\/\/anprotec.org.br\/site\/wp-json\/wp\/v2\/posts"}],"about":[{"href":"https:\/\/anprotec.org.br\/site\/wp-json\/wp\/v2\/types\/post"}],"author":[{"embeddable":true,"href":"https:\/\/anprotec.org.br\/site\/wp-json\/wp\/v2\/users\/8"}],"replies":[{"embeddable":true,"href":"https:\/\/anprotec.org.br\/site\/wp-json\/wp\/v2\/comments?post=5463"}],"version-history":[{"count":4,"href":"https:\/\/anprotec.org.br\/site\/wp-json\/wp\/v2\/posts\/5463\/revisions"}],"predecessor-version":[{"id":5468,"href":"https:\/\/anprotec.org.br\/site\/wp-json\/wp\/v2\/posts\/5463\/revisions\/5468"}],"wp:featuredmedia":[{"embeddable":true,"href":"https:\/\/anprotec.org.br\/site\/wp-json\/wp\/v2\/media\/5464"}],"wp:attachment":[{"href":"https:\/\/anprotec.org.br\/site\/wp-json\/wp\/v2\/media?parent=5463"}],"wp:term":[{"taxonomy":"category","embeddable":true,"href":"https:\/\/anprotec.org.br\/site\/wp-json\/wp\/v2\/categories?post=5463"},{"taxonomy":"post_tag","embeddable":true,"href":"https:\/\/anprotec.org.br\/site\/wp-json\/wp\/v2\/tags?post=5463"},{"taxonomy":"calendar","embeddable":true,"href":"https:\/\/anprotec.org.br\/site\/wp-json\/wp\/v2\/calendar?post=5463"}],"curies":[{"name":"wp","href":"https:\/\/api.w.org\/{rel}","templated":true}]}}