{"id":5156,"date":"2013-12-18T17:07:21","date_gmt":"2013-12-18T20:07:21","guid":{"rendered":"http:\/\/anprotec.org.br\/site\/?p=5156"},"modified":"2013-12-18T17:13:09","modified_gmt":"2013-12-18T20:13:09","slug":"votacao-da-pec-29013-e-adiada","status":"publish","type":"post","link":"https:\/\/anprotec.org.br\/site\/2013\/12\/votacao-da-pec-29013-e-adiada\/","title":{"rendered":"<!--:pt-->Vota\u00e7\u00e3o da PEC 290\/13 \u00e9 adiada<!--:-->"},"content":{"rendered":"<p><!--:pt--><\/p>\n<p style=\"text-align: justify;\"><img decoding=\"async\" loading=\"lazy\" class=\"alignleft size-thumbnail wp-image-5062\" alt=\"\" src=\"https:\/\/anprotec.org.br\/site\/wp-content\/uploads\/2013\/12\/20131205-PEC-deputado-Izalci_cr\u00e9dito-Viola-Junior_C\u00e2mara-dos-Deputados-270x160.jpg\" width=\"270\" height=\"160\" \/><\/p>\n<p style=\"text-align: justify;\">A vota\u00e7\u00e3o da Proposta de Emenda \u00e0 Constitui\u00e7\u00e3o (PEC) 290\/13, que estava marcada para ontem (17) e foi transferida para esta quarta-feira (18), vai ficar para 2014. Depois de aprovada pela C\u00e2mara, ela seguir\u00e1 pela avalia\u00e7\u00e3o do Senado e, se n\u00e3o sofrer altera\u00e7\u00f5es, ser\u00e1 encaminhada para a san\u00e7\u00e3o da presidente Dilma Rousseff.<\/p>\n<p style=\"text-align: justify;\">O relat\u00f3rio da PEC, de autoria da deputada Margarida Salom\u00e3o (PT-MG), foi aprovado por unanimidade no dia 04 de dezembro, pela comiss\u00e3o especial que trata das atividades de ci\u00eancia, tecnologia e inova\u00e7\u00e3o da C\u00e2mara. O voto do deputado Izalci (PSDB-DF), relator do projeto, foi pela aprova\u00e7\u00e3o, com um substitutivo.<\/p>\n<p style=\"text-align: justify;\">A PEC 290\/13 acrescenta as express\u00f5es ci\u00eancia, tecnologia, pesquisa e inova\u00e7\u00e3o em diversos artigos da Constitui\u00e7\u00e3o, de forma a ampliar a compet\u00eancia legislativa, as pol\u00edticas p\u00fablicas e a concess\u00e3o de est\u00edmulos da Uni\u00e3o, dos estados e dos munic\u00edpios para essas \u00e1reas.<\/p>\n<p style=\"text-align: justify;\">No cap\u00edtulo da Constitui\u00e7\u00e3o destinado \u00e0 Ci\u00eancia e Tecnologia, a proposta insere tamb\u00e9m o termo \u201cinova\u00e7\u00e3o\u201d, de modo a dar a esta atividade um tratamento priorit\u00e1rio pelo Estado, como j\u00e1 ocorre para a ci\u00eancia e a tecnologia.<\/p>\n<p style=\"text-align: justify;\">A PEC prev\u00ea que o Estado dever\u00e1 promover e incentivar a inova\u00e7\u00e3o por meio do est\u00edmulo \u00e0 articula\u00e7\u00e3o entre entes p\u00fablicos ou privados. Atualmente, o texto constitucional prev\u00ea que somente a pesquisa cient\u00edfica b\u00e1sica receber\u00e1 tratamento priorit\u00e1rio do Estado.<\/p>\n<p style=\"text-align: justify;\">A proposta tamb\u00e9m cria o Sistema Nacional de Ci\u00eancia, Tecnologia e Inova\u00e7\u00e3o, em regime de colabora\u00e7\u00e3o entre os setores p\u00fablico e privado e com funcionamento a ser regulado em lei federal. O sistema j\u00e1 foi institu\u00eddo, mas, com a aprova\u00e7\u00e3o da PEC, passa a constar da Constitui\u00e7\u00e3o.<\/p>\n<p style=\"text-align: justify;\">* Com informa\u00e7\u00f5es da Ag\u00eancia C\u00e2mara. Foto: Viola Junior\/ C\u00e2mara dos Deputados<\/p>\n<p><!--:--><\/p>\n","protected":false},"excerpt":{"rendered":"<p><!--:pt-->Emenda que acrescenta express\u00f5es como ci\u00eancia, tecnologia, pesquisa e inova\u00e7\u00e3o em diversos artigos da Constitui\u00e7\u00e3o deve ser votada no plen\u00e1rio da C\u00e2mara no pr\u00f3ximo ano. <!--:--><\/p>\n","protected":false},"author":8,"featured_media":5062,"comment_status":"open","ping_status":"open","sticky":false,"template":"","format":"standard","meta":{"footnotes":"","_links_to":"","_links_to_target":""},"categories":[3],"tags":[],"calendar":[],"_links":{"self":[{"href":"https:\/\/anprotec.org.br\/site\/wp-json\/wp\/v2\/posts\/5156"}],"collection":[{"href":"https:\/\/anprotec.org.br\/site\/wp-json\/wp\/v2\/posts"}],"about":[{"href":"https:\/\/anprotec.org.br\/site\/wp-json\/wp\/v2\/types\/post"}],"author":[{"embeddable":true,"href":"https:\/\/anprotec.org.br\/site\/wp-json\/wp\/v2\/users\/8"}],"replies":[{"embeddable":true,"href":"https:\/\/anprotec.org.br\/site\/wp-json\/wp\/v2\/comments?post=5156"}],"version-history":[{"count":4,"href":"https:\/\/anprotec.org.br\/site\/wp-json\/wp\/v2\/posts\/5156\/revisions"}],"predecessor-version":[{"id":5160,"href":"https:\/\/anprotec.org.br\/site\/wp-json\/wp\/v2\/posts\/5156\/revisions\/5160"}],"wp:featuredmedia":[{"embeddable":true,"href":"https:\/\/anprotec.org.br\/site\/wp-json\/wp\/v2\/media\/5062"}],"wp:attachment":[{"href":"https:\/\/anprotec.org.br\/site\/wp-json\/wp\/v2\/media?parent=5156"}],"wp:term":[{"taxonomy":"category","embeddable":true,"href":"https:\/\/anprotec.org.br\/site\/wp-json\/wp\/v2\/categories?post=5156"},{"taxonomy":"post_tag","embeddable":true,"href":"https:\/\/anprotec.org.br\/site\/wp-json\/wp\/v2\/tags?post=5156"},{"taxonomy":"calendar","embeddable":true,"href":"https:\/\/anprotec.org.br\/site\/wp-json\/wp\/v2\/calendar?post=5156"}],"curies":[{"name":"wp","href":"https:\/\/api.w.org\/{rel}","templated":true}]}}