{"id":5150,"date":"2013-12-17T15:24:23","date_gmt":"2013-12-17T18:24:23","guid":{"rendered":"http:\/\/anprotec.org.br\/site\/?p=5150"},"modified":"2014-01-06T10:50:51","modified_gmt":"2014-01-06T13:50:51","slug":"encerradas-as-inscricoes-do-avance","status":"publish","type":"post","link":"https:\/\/anprotec.org.br\/site\/2013\/12\/encerradas-as-inscricoes-do-avance\/","title":{"rendered":"<!--:pt-->Encerradas as inscri\u00e7\u00f5es do Avance! <!--:-->"},"content":{"rendered":"<p><!--:pt--><\/p>\n<p style=\"text-align: justify;\"><img decoding=\"async\" loading=\"lazy\" class=\"alignleft size-thumbnail wp-image-4664\" alt=\"\" src=\"https:\/\/anprotec.org.br\/site\/wp-content\/uploads\/2013\/10\/Logo-Avance-Jogo-Anprotec21-270x160.jpg\" width=\"270\" height=\"160\" \/>As inscri\u00e7\u00f5es para a vers\u00e3o piloto do Avance!, destinada \u00e0s equipes de gest\u00e3o de parques tecnol\u00f3gicos e incubadoras de empresas, foram encerradas com um total de 176 participantes, representando 58 grupos de 50 entidades. O objetivo \u00e9 que eles conhe\u00e7am a plataforma e sejam capacitados para orientarem e incentivarem os empres\u00e1rios de seus ambientes, que devem participar da segunda vers\u00e3o do jogo.<\/p>\n<p style=\"text-align: justify;\">A partir de agora, toda a comunica\u00e7\u00e3o do Avance! ser\u00e1 feita pelo <a href=\"http:\/\/www.avance.anprotec.org.br\" target=\"_blank\">site oficial<\/a>, na \u00e1rea restrita de cada equipe. \u00c9 importante que todos participantes acessem, com o CPF e a senha cadastrada no momento da inscri\u00e7\u00e3o, e verifiquem os avisos e as mensagens l\u00e1. O link para iniciar o jogo estar\u00e1 dispon\u00edvel na \u00e1rea restrita da equipe a partir do dia 07 de janeiro, quando come\u00e7a a competi\u00e7\u00e3o.<\/p>\n<p style=\"text-align: justify;\">Idealizado pela Anprotec, em parceria com o <a href=\"http:\/\/www.sebrae.com.br\/\" target=\"_blank\">Sebrae<\/a>, o jogo ser\u00e1 executado pela <a href=\"http:\/\/www.incubadora.coppe.ufrj.br\/\" target=\"_blank\">Incubadora de Empresas da COPPE\/UFRJ<\/a>. O Avance trar\u00e1 aos participantes a viv\u00eancia de decis\u00f5es t\u00edpicas enfrentadas por gestores de uma pequena ou m\u00e9dia empresa em um mercado disputado por v\u00e1rios concorrentes. A ideia \u00e9 oferecer uma capacita\u00e7\u00e3o para as empresas associadas \u00e0s incubadoras e aos parques na gest\u00e3o da inova\u00e7\u00e3o e no processo de internacionaliza\u00e7\u00e3o.<\/p>\n<p>Em cada rodada, ser\u00e3o criadas situa\u00e7\u00f5es que propiciem a aprendizagem e fixa\u00e7\u00e3o de conceitos e de processos de gest\u00e3o, necess\u00e1rios \u00e0 tomada de decis\u00f5es relativas a estrat\u00e9gia, produ\u00e7\u00e3o, distribui\u00e7\u00e3o, marketing, finan\u00e7as inova\u00e7\u00e3o, internacionaliza\u00e7\u00e3o e recursos humanos. Mais do que uma ferramenta educacional voltada \u00e0 capacita\u00e7\u00e3o, o Avance! \u00e9 a grande chance de participar de uma Miss\u00e3o Internacional da Anprotec. Esse ser\u00e1 o pr\u00eamio dos vencedores: a oportunidade de, sem nenhum custo, viver uma experi\u00eancia profissional \u00fanica no exterior.<\/p>\n<p style=\"text-align: justify;\">O Jogo<br \/>\nO Avance! \u00e9 composto por ciclos de tomadas de decis\u00f5es e an\u00e1lises de resultados, seguindo um calend\u00e1rio pr\u00e9-determinado. As empresas ser\u00e3o avaliadas e, no final da competi\u00e7\u00e3o, a que tiver correspondido melhor aos crit\u00e9rios pr\u00e9-estabelecidos ser\u00e1 premiada.<\/p>\n<p style=\"text-align: justify;\">A competi\u00e7\u00e3o ser\u00e1 composta por duas fases, a classificat\u00f3ria e a final. A cada rodada, as equipes ter\u00e3o de tomar decis\u00f5es e receber os resultados para se habilitarem a participar das rodadas seguintes. Com o passar do tempo, o intervalo entre as situa\u00e7\u00f5es propostas diminuir\u00e1, fazendo com que os jogadores sejam desafiados a agir sob press\u00e3o. O jogo utilizar\u00e1 um software de gerenciamento que, durante a competi\u00e7\u00e3o, avaliar\u00e1 as decis\u00f5es das equipes em ambientes que simulam o funcionamento do mercado. Essas decis\u00f5es ser\u00e3o comparadas com as dos concorrentes, o que resultar\u00e1 em uma pontua\u00e7\u00e3o para as equipes ao final de cada rodada de decis\u00e3o.<\/p>\n<p style=\"text-align: justify;\">Com base na experi\u00eancia e na avalia\u00e7\u00e3o dos participantes da vers\u00e3o piloto do Avance!, ser\u00e1 elaborada a segunda vers\u00e3o, mais aperfei\u00e7oada.<\/p>\n<p><!--:--><\/p>\n","protected":false},"excerpt":{"rendered":"<p><!--:pt-->Gestores e colaboradores de ambientes v\u00e3o participar de vers\u00e3o piloto do jogo, que simula situa\u00e7\u00f5es t\u00edpicas de PMEs e come\u00e7a no dia 07 de janeiro. No total, foram 176 inscritos de 50 entidades.<!--:--><\/p>\n","protected":false},"author":8,"featured_media":4319,"comment_status":"open","ping_status":"open","sticky":false,"template":"","format":"standard","meta":{"footnotes":"","_links_to":"","_links_to_target":""},"categories":[3],"tags":[],"calendar":[],"_links":{"self":[{"href":"https:\/\/anprotec.org.br\/site\/wp-json\/wp\/v2\/posts\/5150"}],"collection":[{"href":"https:\/\/anprotec.org.br\/site\/wp-json\/wp\/v2\/posts"}],"about":[{"href":"https:\/\/anprotec.org.br\/site\/wp-json\/wp\/v2\/types\/post"}],"author":[{"embeddable":true,"href":"https:\/\/anprotec.org.br\/site\/wp-json\/wp\/v2\/users\/8"}],"replies":[{"embeddable":true,"href":"https:\/\/anprotec.org.br\/site\/wp-json\/wp\/v2\/comments?post=5150"}],"version-history":[{"count":7,"href":"https:\/\/anprotec.org.br\/site\/wp-json\/wp\/v2\/posts\/5150\/revisions"}],"predecessor-version":[{"id":5261,"href":"https:\/\/anprotec.org.br\/site\/wp-json\/wp\/v2\/posts\/5150\/revisions\/5261"}],"wp:featuredmedia":[{"embeddable":true,"href":"https:\/\/anprotec.org.br\/site\/wp-json\/wp\/v2\/media\/4319"}],"wp:attachment":[{"href":"https:\/\/anprotec.org.br\/site\/wp-json\/wp\/v2\/media?parent=5150"}],"wp:term":[{"taxonomy":"category","embeddable":true,"href":"https:\/\/anprotec.org.br\/site\/wp-json\/wp\/v2\/categories?post=5150"},{"taxonomy":"post_tag","embeddable":true,"href":"https:\/\/anprotec.org.br\/site\/wp-json\/wp\/v2\/tags?post=5150"},{"taxonomy":"calendar","embeddable":true,"href":"https:\/\/anprotec.org.br\/site\/wp-json\/wp\/v2\/calendar?post=5150"}],"curies":[{"name":"wp","href":"https:\/\/api.w.org\/{rel}","templated":true}]}}