{"id":5134,"date":"2013-12-16T00:14:37","date_gmt":"2013-12-16T03:14:37","guid":{"rendered":"http:\/\/anprotec.org.br\/site\/?p=5134"},"modified":"2013-12-16T00:22:09","modified_gmt":"2013-12-16T03:22:09","slug":"filme-produzido-no-sapiens-parque-estreia-nesta-semana","status":"publish","type":"post","link":"https:\/\/anprotec.org.br\/site\/2013\/12\/filme-produzido-no-sapiens-parque-estreia-nesta-semana\/","title":{"rendered":"<!--:pt-->Filme produzido no Sapiens Parque estreia dia 20<!--:-->"},"content":{"rendered":"<p><!--:pt--><\/p>\n<p style=\"text-align: justify;\"><img decoding=\"async\" loading=\"lazy\" class=\"alignleft size-full wp-image-5136\" alt=\"minhocas 2\" src=\"https:\/\/anprotec.org.br\/site\/wp-content\/uploads\/2013\/12\/minhocas-2.jpg\" width=\"270\" height=\"150\" \/>Nesta semana (20\/12) estreia o primeiro longa brasileiro em stop motion \u2013 t\u00e9cnica que utiliza objetos reais fotografados em sequ\u00eancia de movimentos. Com dire\u00e7\u00e3o de Paolo Conti e codire\u00e7\u00e3o de Arthur Nunes, o \u201cMinhocas\u201d foi produzido pela Animaking, empresa incubada no Sapiens Parque, em Florian\u00f3polis. A Fox Filmes International, Globo Filmes e Glaz Entretenimento assinam como coprodutoras.<\/p>\n<p style=\"text-align: justify;\">De acordo com Paolo Conti, diretor da Animaking, o cen\u00e1rio encontrado no Sapiens Parque propiciou o desenvolvimento de inova\u00e7\u00f5es que permitiram a idealiza\u00e7\u00e3o e realiza\u00e7\u00e3o do Minhocas. \u201cJ\u00e1 t\u00ednhamos em nosso DNA o empreendedorismo e a inova\u00e7\u00e3o. No parque encontramos os elementos que faltavam e que nos ajudaram a concretizar nossos projetos, como por exemplo, o motion control, rob\u00f4 que possibilita movimentar a c\u00e2mera de filmagem seguindo um repert\u00f3rio criado por computador\u201d, destaca.<\/p>\n<p style=\"text-align: justify;\">O diretor-executivo do empreendimento, Jos\u00e9 Eduardo Fiates, comemora o momento de proje\u00e7\u00e3o nacional e internacional, com o longa que j\u00e1 tem distribui\u00e7\u00e3o garantida na Am\u00e9rica Latina. \u201cIngressamos em uma \u00e1rea em que o pa\u00eds tem condi\u00e7\u00f5es de ser competitivo, o audiovisual infantil. \u00c9 um setor em crescimento em Santa Catarina e que pode ter o Parque como referencial\u201d, enfatiza. Fiates complementa que o espa\u00e7o \u00e9 dotado de infraestrutura e sistemas para atrair e formar talentos e empreendimentos capazes de gerar ideias e conhecimentos e transform\u00e1-los em novos produtos e servi\u00e7os para a sociedade.<\/p>\n<p style=\"text-align: justify;\">Sobre a produ\u00e7\u00e3o<\/p>\n<p style=\"text-align: justify;\">\u00a0No longa, J\u00fanior \u00e9 uma minhoca pr\u00e9-adolescente que, durante uma tentativa de se exibir, acaba capturada por uma escavadeira. Em um lugar muito longe de seus amigos, ele acaba controlado e escravizado por um tatu-bola que sonha em dominar o mundo. Com muitas trapalhadas e confus\u00f5es, J\u00fanior e seus novos amigos fazem de tudo para derrotar o vil\u00e3o e poder voltar para casa.<\/p>\n<p style=\"text-align: justify;\">Os cen\u00e1rios, bonecos e adere\u00e7os exibidos representam uma pequena parte do trabalho de uma equipe de mais de 70 artistas. Os profissionais trabalharam durante cinco anos, em atividades como desenho, cenografia, escultura, marcenaria, pintura, engenharia e arquitetura. Para dar vida \u00e0 anima\u00e7\u00e3o, os produtores criam os desenhos em papel e, em seguida, esculpem os personagens e fotografam os bonecos diversas vezes em frente aos cen\u00e1rios do filme. A exibi\u00e7\u00e3o das imagens em sequ\u00eancia \u00e9 o que garante o efeito de movimento que o p\u00fablico v\u00ea. O filme teve or\u00e7amento de R$ 10 milh\u00f5es.<\/p>\n<p style=\"text-align: justify;\">* Com informa\u00e7\u00f5es do Sapiens Parque. Imagem: divulga\u00e7\u00e3o<\/p>\n<p><!--:--><\/p>\n","protected":false},"excerpt":{"rendered":"<p><!--:pt--> \u201cMinhocas\u201d, primeiro longa em stop motion brasileiro, foi produzido pela Animaking, empresa instalada no parque. A produ\u00e7\u00e3o entra em cartaz nesta semana, nas principais salas de cinema do pa\u00eds.<!--:--><\/p>\n","protected":false},"author":8,"featured_media":5136,"comment_status":"open","ping_status":"open","sticky":false,"template":"","format":"standard","meta":{"footnotes":"","_links_to":"","_links_to_target":""},"categories":[3],"tags":[],"calendar":[],"_links":{"self":[{"href":"https:\/\/anprotec.org.br\/site\/wp-json\/wp\/v2\/posts\/5134"}],"collection":[{"href":"https:\/\/anprotec.org.br\/site\/wp-json\/wp\/v2\/posts"}],"about":[{"href":"https:\/\/anprotec.org.br\/site\/wp-json\/wp\/v2\/types\/post"}],"author":[{"embeddable":true,"href":"https:\/\/anprotec.org.br\/site\/wp-json\/wp\/v2\/users\/8"}],"replies":[{"embeddable":true,"href":"https:\/\/anprotec.org.br\/site\/wp-json\/wp\/v2\/comments?post=5134"}],"version-history":[{"count":7,"href":"https:\/\/anprotec.org.br\/site\/wp-json\/wp\/v2\/posts\/5134\/revisions"}],"predecessor-version":[{"id":5147,"href":"https:\/\/anprotec.org.br\/site\/wp-json\/wp\/v2\/posts\/5134\/revisions\/5147"}],"wp:featuredmedia":[{"embeddable":true,"href":"https:\/\/anprotec.org.br\/site\/wp-json\/wp\/v2\/media\/5136"}],"wp:attachment":[{"href":"https:\/\/anprotec.org.br\/site\/wp-json\/wp\/v2\/media?parent=5134"}],"wp:term":[{"taxonomy":"category","embeddable":true,"href":"https:\/\/anprotec.org.br\/site\/wp-json\/wp\/v2\/categories?post=5134"},{"taxonomy":"post_tag","embeddable":true,"href":"https:\/\/anprotec.org.br\/site\/wp-json\/wp\/v2\/tags?post=5134"},{"taxonomy":"calendar","embeddable":true,"href":"https:\/\/anprotec.org.br\/site\/wp-json\/wp\/v2\/calendar?post=5134"}],"curies":[{"name":"wp","href":"https:\/\/api.w.org\/{rel}","templated":true}]}}