{"id":5085,"date":"2013-12-10T09:06:47","date_gmt":"2013-12-10T12:06:47","guid":{"rendered":"http:\/\/anprotec.org.br\/site\/?p=5085"},"modified":"2013-12-10T09:06:47","modified_gmt":"2013-12-10T12:06:47","slug":"congresso-abipti-discutira-ambientes-inovadores","status":"publish","type":"post","link":"https:\/\/anprotec.org.br\/site\/2013\/12\/congresso-abipti-discutira-ambientes-inovadores\/","title":{"rendered":"<!--:pt-->Congresso Abipti discutir\u00e1 ambientes inovadores<!--:-->"},"content":{"rendered":"<p><!--:pt--><\/p>\n<p style=\"text-align: justify;\" align=\"center\"><span style=\"font-size: 13px; line-height: 19px;\"><img decoding=\"async\" loading=\"lazy\" class=\"alignleft size-thumbnail wp-image-5086\" alt=\"\" src=\"https:\/\/anprotec.org.br\/site\/wp-content\/uploads\/2013\/12\/20131210-Congresso-Abipti-270x160.jpg\" width=\"270\" height=\"160\" \/>Os protagonistas do Sistema Nacional de Ci\u00eancia, Tecnologia e Inova\u00e7\u00e3o (SNCTI) estar\u00e3o reunidos em Bras\u00edlia (DF), entre os dias 6 e 8 de maio, na oitava edi\u00e7\u00e3o do <\/span><a style=\"font-size: 13px; line-height: 19px;\" href=\"www.abipti.org.br\/congresso2014\" target=\"_blank\">Congresso da Associa\u00e7\u00e3o Brasileira das Institui\u00e7\u00f5es de Pesquisa Tecnol\u00f3gica e Inova\u00e7\u00e3o<\/a><span style=\"font-size: 13px; line-height: 19px;\">\u00a0(Abipti). A programa\u00e7\u00e3o ser\u00e1 composta por palestras, mesas redondas e apresenta\u00e7\u00f5es de trabalhos sobre o tema \u201cAmbiente inovador no Brasil: Desafios para o desenvolvimento socioecon\u00f4mico\u201d. A principal meta do evento de 2014 \u00e9 subsidiar e consolidar um cen\u00e1rio mais competitivo com a gera\u00e7\u00e3o de maior oferta e demanda de pesquisa para o desenvolvimento da tecnologia e inova\u00e7\u00e3o no pa\u00eds.<\/span><\/p>\n<p style=\"text-align: justify;\">As inscri\u00e7\u00f5es para participantes e apresentadores de trabalhos j\u00e1 est\u00e3o abertas e podem ser feitas <a href=\"http:\/\/www.abipti.org.br\/limesurvey\/index.php\/139516?lang=pt-BR&amp;newtest=Y\" target=\"_blank\">neste link<\/a>. At\u00e9 o dia 31 de mar\u00e7o, a taxa \u00e9 de R$ 350,00 para estudantes e associados da Abipti e R$ 700,00 para n\u00e3o associados. A partir do dia 1\u00b0 de abril, o investimento passar\u00e1 a ser de R$ 440,00 \u00a0e R$ 880,00 respectivamente. Os valores incluem o coquetel de abertura, os kits de participante e o certificado.<\/p>\n<p style=\"text-align: justify;\">Pesquisadores, gestores, t\u00e9cnicos e dirigentes que atuam nas entidades e empresas do SNTCI e t\u00eam interesse em apresentar trabalhos acad\u00eamicos no Congresso Abipti 2014 podem preencher o <a href=\"http:\/\/www.excelencia.abipti.org.br\/index2.php?option=com_ckforms&amp;view=ckforms&amp;id=83&amp;Itemid=217\" target=\"_blank\">formul\u00e1rio online<\/a> at\u00e9 o pr\u00f3ximo dia 10. O conte\u00fado dos trabalhos deve tratar de experi\u00eancias e resultados de projetos inovadores que atendam a um dos quatro subtemas do evento: contribui\u00e7\u00e3o das institui\u00e7\u00f5es cient\u00edficas e tecnol\u00f3gicas (ICTs) para a competitividade das empresas; a prote\u00e7\u00e3o do conhecimento no \u00e2mbito das ICTs; o uso das tecnologias sociais para o desenvolvimento regional sustent\u00e1vel; e inova\u00e7\u00e3o em sa\u00fade para o bem-estar social. Al\u00e9m da apresenta\u00e7\u00e3o no segundo dia do evento, o melhor trabalho tamb\u00e9m ser\u00e1 premiado com um tablet. O regulamento completo da chamada de trabalhos est\u00e1 dispon\u00edvel <a href=\"http:\/\/www.abipti.org.br\/congresso2014\/chamada_trabalhos_2014.pdf\" target=\"_blank\">aqui<\/a>.<\/p>\n<p style=\"text-align: justify;\">Mais informa\u00e7\u00f5es podem ser obtidas pelo telefone (61) 33483103 ou pelo e-mail congresso@abipti.org.br. Para acessar a programa\u00e7\u00e3o preliminar, <a href=\"http:\/\/www.abipti.org.br\/congresso2014\/programacao_preliminar.pdf\" target=\"_blank\">clique aqui<\/a>.<\/p>\n<p style=\"text-align: justify;\"><i style=\"font-size: 13px; line-height: 19px;\">*Com informa\u00e7\u00f5es da Ag\u00eancia Gest\u00e3o CT&amp;I<\/i><\/p>\n<p><!--:--><\/p>\n","protected":false},"excerpt":{"rendered":"<p><!--:pt-->A oitava edi\u00e7\u00e3o do Congresso da Associa\u00e7\u00e3o Brasileira das Institui\u00e7\u00f5es de Pesquisa Tecnol\u00f3gica e Inova\u00e7\u00e3o acontecer\u00e1 em Bras\u00edlia, entre os dias 6 e 8 de maio. Inscri\u00e7\u00f5es abertas.<!--:--><\/p>\n","protected":false},"author":8,"featured_media":5086,"comment_status":"open","ping_status":"open","sticky":false,"template":"","format":"standard","meta":{"footnotes":"","_links_to":"","_links_to_target":""},"categories":[3],"tags":[],"calendar":[],"_links":{"self":[{"href":"https:\/\/anprotec.org.br\/site\/wp-json\/wp\/v2\/posts\/5085"}],"collection":[{"href":"https:\/\/anprotec.org.br\/site\/wp-json\/wp\/v2\/posts"}],"about":[{"href":"https:\/\/anprotec.org.br\/site\/wp-json\/wp\/v2\/types\/post"}],"author":[{"embeddable":true,"href":"https:\/\/anprotec.org.br\/site\/wp-json\/wp\/v2\/users\/8"}],"replies":[{"embeddable":true,"href":"https:\/\/anprotec.org.br\/site\/wp-json\/wp\/v2\/comments?post=5085"}],"version-history":[{"count":2,"href":"https:\/\/anprotec.org.br\/site\/wp-json\/wp\/v2\/posts\/5085\/revisions"}],"predecessor-version":[{"id":5088,"href":"https:\/\/anprotec.org.br\/site\/wp-json\/wp\/v2\/posts\/5085\/revisions\/5088"}],"wp:featuredmedia":[{"embeddable":true,"href":"https:\/\/anprotec.org.br\/site\/wp-json\/wp\/v2\/media\/5086"}],"wp:attachment":[{"href":"https:\/\/anprotec.org.br\/site\/wp-json\/wp\/v2\/media?parent=5085"}],"wp:term":[{"taxonomy":"category","embeddable":true,"href":"https:\/\/anprotec.org.br\/site\/wp-json\/wp\/v2\/categories?post=5085"},{"taxonomy":"post_tag","embeddable":true,"href":"https:\/\/anprotec.org.br\/site\/wp-json\/wp\/v2\/tags?post=5085"},{"taxonomy":"calendar","embeddable":true,"href":"https:\/\/anprotec.org.br\/site\/wp-json\/wp\/v2\/calendar?post=5085"}],"curies":[{"name":"wp","href":"https:\/\/api.w.org\/{rel}","templated":true}]}}