{"id":5069,"date":"2013-12-06T13:43:33","date_gmt":"2013-12-06T16:43:33","guid":{"rendered":"http:\/\/anprotec.org.br\/site\/?p=5069"},"modified":"2013-12-11T21:58:26","modified_gmt":"2013-12-12T00:58:26","slug":"pesquisa-das-graduadas-e-prorrogada-para-15-de-janeiro","status":"publish","type":"post","link":"https:\/\/anprotec.org.br\/site\/2013\/12\/pesquisa-das-graduadas-e-prorrogada-para-15-de-janeiro\/","title":{"rendered":"<!--:pt-->Pesquisa das graduadas \u00e9 prorrogada <!--:-->"},"content":{"rendered":"<p><!--:pt--><\/p>\n<p style=\"text-align: justify;\" align=\"center\"><img decoding=\"async\" loading=\"lazy\" class=\"alignleft size-thumbnail wp-image-4751\" alt=\"\" src=\"https:\/\/anprotec.org.br\/site\/wp-content\/uploads\/2013\/11\/shutterstock_124525963_baixaresolu\u00e7\u00e3o-270x160.jpg\" width=\"270\" height=\"160\" \/>Foi prorrogado at\u00e9 o dia 15 de janeiro o prazo para participar da pesquisa que pretende tra\u00e7ar o perfil das empresas graduadas por incubadoras brasileiras. Realizado pela Anprotec, em parceria com o Sebrae\u00a0e com coordena\u00e7\u00e3o do\u00a0Instituto Christiano Becker de Estudos, a pesquisa servir\u00e1 para orientar a busca por pol\u00edticas e programas adequados para empresas inovadoras e que contribuem para o desenvolvimento regional e nacional.<\/p>\n<p style=\"text-align: justify;\">De 1700 empresas graduadas ativas, 13% j\u00e1 responderam ao question\u00e1rio. Os resultados preliminares foram divulgados na Reuni\u00e3o Anprotec &amp; Redes (03\/12) e j\u00e1 anteciparam alguns indicadores relevantes. A meta \u00e9 alcan\u00e7ar um m\u00ednimo de 25% de respostas.<\/p>\n<p style=\"text-align: justify;\">Os gestores desses empreendimentos precisam apenas responder ao question\u00e1rio j\u00e1 enviado pelas incubadoras ou pelo Instituto Christiano Becker de Estudos, coordenador da pesquisa. S\u00e3o cerca de 25 itens, que abordam temas diversos, tais como a participa\u00e7\u00e3o da empresa em outros neg\u00f3cios, o recebimento de investimentos de risco e de recursos de fomento, a utiliza\u00e7\u00e3o de cr\u00e9ditos, o lan\u00e7amento e desenvolvimento de produtos e servi\u00e7os, inova\u00e7\u00e3o e obst\u00e1culos. Os resultados coletados ser\u00e3o utilizados de forma geral, sem especificar os nomes e detalhes de cada empresa.<\/p>\n<p><!--:--><\/p>\n","protected":false},"excerpt":{"rendered":"<p><!--:pt-->Estudo pretende retratar universo das empresas para orientar pol\u00edticas e programas direcionados aos empreendimentos inovadores e que contribuem para o desenvolvimento regional e nacional.<br \/>\n<!--:--><\/p>\n","protected":false},"author":8,"featured_media":4751,"comment_status":"open","ping_status":"open","sticky":false,"template":"","format":"standard","meta":{"footnotes":"","_links_to":"","_links_to_target":""},"categories":[3],"tags":[],"calendar":[],"_links":{"self":[{"href":"https:\/\/anprotec.org.br\/site\/wp-json\/wp\/v2\/posts\/5069"}],"collection":[{"href":"https:\/\/anprotec.org.br\/site\/wp-json\/wp\/v2\/posts"}],"about":[{"href":"https:\/\/anprotec.org.br\/site\/wp-json\/wp\/v2\/types\/post"}],"author":[{"embeddable":true,"href":"https:\/\/anprotec.org.br\/site\/wp-json\/wp\/v2\/users\/8"}],"replies":[{"embeddable":true,"href":"https:\/\/anprotec.org.br\/site\/wp-json\/wp\/v2\/comments?post=5069"}],"version-history":[{"count":9,"href":"https:\/\/anprotec.org.br\/site\/wp-json\/wp\/v2\/posts\/5069\/revisions"}],"predecessor-version":[{"id":5107,"href":"https:\/\/anprotec.org.br\/site\/wp-json\/wp\/v2\/posts\/5069\/revisions\/5107"}],"wp:featuredmedia":[{"embeddable":true,"href":"https:\/\/anprotec.org.br\/site\/wp-json\/wp\/v2\/media\/4751"}],"wp:attachment":[{"href":"https:\/\/anprotec.org.br\/site\/wp-json\/wp\/v2\/media?parent=5069"}],"wp:term":[{"taxonomy":"category","embeddable":true,"href":"https:\/\/anprotec.org.br\/site\/wp-json\/wp\/v2\/categories?post=5069"},{"taxonomy":"post_tag","embeddable":true,"href":"https:\/\/anprotec.org.br\/site\/wp-json\/wp\/v2\/tags?post=5069"},{"taxonomy":"calendar","embeddable":true,"href":"https:\/\/anprotec.org.br\/site\/wp-json\/wp\/v2\/calendar?post=5069"}],"curies":[{"name":"wp","href":"https:\/\/api.w.org\/{rel}","templated":true}]}}