{"id":5061,"date":"2013-12-05T11:52:52","date_gmt":"2013-12-05T14:52:52","guid":{"rendered":"http:\/\/anprotec.org.br\/site\/?p=5061"},"modified":"2013-12-05T11:57:09","modified_gmt":"2013-12-05T14:57:09","slug":"relatorio-da-pec-29013-e-aprovado","status":"publish","type":"post","link":"https:\/\/anprotec.org.br\/site\/2013\/12\/relatorio-da-pec-29013-e-aprovado\/","title":{"rendered":"<!--:pt-->Relat\u00f3rio da PEC 290\/13 \u00e9 aprovado<!--:-->"},"content":{"rendered":"<p><!--:pt--><\/p>\n<p style=\"text-align: justify;\" align=\"center\"><span style=\"font-size: 13px; line-height: 19px;\"><img decoding=\"async\" loading=\"lazy\" class=\"alignleft size-thumbnail wp-image-5062\" alt=\"\" src=\"https:\/\/anprotec.org.br\/site\/wp-content\/uploads\/2013\/12\/20131205-PEC-deputado-Izalci_cr\u00e9dito-Viola-Junior_C\u00e2mara-dos-Deputados-270x160.jpg\" width=\"270\" height=\"160\" \/>Foi aprovado por unanimidade, na tarde de ontem (4), pela comiss\u00e3o especial que trata das atividades de ci\u00eancia, tecnologia e inova\u00e7\u00e3o (CT&amp;I) da C\u00e2mara dos Deputados, em Bras\u00edlia (DF), o relat\u00f3rio da <a href=\"http:\/\/www.camara.gov.br\/proposicoesWeb\/fichadetramitacao?idProposicao=586251\" target=\"_blank\">Proposta de Emenda \u00e0 Constitui\u00e7\u00e3o (PEC) 290\/13<\/a><\/span><span style=\"font-size: 13px; line-height: 19px;\">, de autoria da deputada Margarida Salom\u00e3o (PT-MG). O voto do deputado Izalci (PSDB-DF), relator do projeto, foi pela aprova\u00e7\u00e3o com um substitutivo. Agora, a PEC 290\/13 ir\u00e1 \u00e0 vota\u00e7\u00e3o no Plen\u00e1rio. Se aprovada, ela passar\u00e1 pela avalia\u00e7\u00e3o do Senado e, se n\u00e3o sofrer altera\u00e7\u00f5es, ser\u00e1 encaminhada para a san\u00e7\u00e3o da presidente Dilma Rousseff.<\/span><\/p>\n<p style=\"text-align: justify;\">Os membros da comiss\u00e3o especial pediram ao presidente da C\u00e2mara, Henrique Eduardo Alves (PMDB-RN), rapidez na vota\u00e7\u00e3o. A expectativa do grupo \u00e9 que a proposta seja votada pelo Plen\u00e1rio da Casa nos pr\u00f3ximos dias 10 ou 11, j\u00e1 em dois turnos. A proje\u00e7\u00e3o \u00e9 ter o projeto sancionado pela presidente antes das elei\u00e7\u00f5es, em outubro do ano que vem.<\/p>\n<p style=\"text-align: justify;\">A avalia\u00e7\u00e3o da comiss\u00e3o \u00e9 que a PEC dar\u00e1 um novo impulso para o setor de CT&amp;I no Pa\u00eds. \u201cEla tamb\u00e9m flexibiliza as rela\u00e7\u00f5es universidade-empresa-governo. Possibilita, inclusive, incentivos do governo, n\u00e3o s\u00f3 para pesquisador, como tamb\u00e9m para inventores\u201d, comenta Izalci (foto). \u201cAcho que foi um marco importante, um passo importante para consolidar essa legisla\u00e7\u00e3o da CT&amp;I, que vai permitir ao Brasil realmente se desenvolver\u201d, completa.<\/p>\n<p style=\"text-align: justify;\">Uma das altera\u00e7\u00f5es apresentadas no substitutivo \u00e9 no artigo 219-A. Anteriormente, ele estipulava uma contrapartida das institui\u00e7\u00f5es para se valer do apoio t\u00e9cnico ou de pessoal de institui\u00e7\u00f5es ligadas aos governos federal, estadual, municipal e do Distrito Federal. A nova reda\u00e7\u00e3o extingue a obrigatoriedade desta contrapartida.<\/p>\n<p style=\"text-align: justify;\">J\u00e1 o Artigo 219-C foi retirado da proposta da PEC 290\/13 e ser\u00e1 tratado no <a href=\"http:\/\/www.camara.gov.br\/proposicoesWeb\/fichadetramitacao?idProposicao=518068\" target=\"_blank\">Projeto de Lei (PL) 2177\/11<\/a>, que tamb\u00e9m abrange a quest\u00e3o da CT&amp;I no Brasil. O PL ser\u00e1 debatido posteriormente pela C\u00e2mara. \u201cPercebemos que do jeito que a Constitui\u00e7\u00e3o est\u00e1 \u00e9 invi\u00e1vel fazer pesquisa ou inova\u00e7\u00e3o no Brasil. Ent\u00e3o, na tramita\u00e7\u00e3o do marco regulat\u00f3rio, chegou-se \u00e0 conclus\u00e3o que precisar\u00edamos desmembr\u00e1-lo: na PEC, alguns ajustes teriam que ser feitos na Constitui\u00e7\u00e3o, al\u00e9m de diferenciar e separar alguns temas para facilitar a aprova\u00e7\u00e3o\u201d, observou Izalci.<\/p>\n<p style=\"text-align: justify;\">A expectativa \u00e9 que a aprova\u00e7\u00e3o da PEC 290\/13 encaminhe pareceres favor\u00e1veis a projetos que tamb\u00e9m tratam de temas ligados \u00e0 CT&amp;I, como o PL 2177\/11.<\/p>\n<p><i>*Com informa\u00e7\u00f5es da Ag\u00eancia Gest\u00e3o CT&amp;I e foto de Viola Junior\/C\u00e2mara dos Deputados<\/i><!--:--><\/p>\n","protected":false},"excerpt":{"rendered":"<p><!--:pt-->A comiss\u00e3o especial que trata das atividades de CT&#038;I da C\u00e2mara dos Deputados aprovou o relat\u00f3rio por unanimidade na tarde de ontem. Agora, a PEC 290\/13 ir\u00e1 \u00e0 vota\u00e7\u00e3o no Plen\u00e1rio.<!--:--><\/p>\n","protected":false},"author":8,"featured_media":5062,"comment_status":"open","ping_status":"open","sticky":false,"template":"","format":"standard","meta":{"footnotes":"","_links_to":"","_links_to_target":""},"categories":[3],"tags":[],"calendar":[],"_links":{"self":[{"href":"https:\/\/anprotec.org.br\/site\/wp-json\/wp\/v2\/posts\/5061"}],"collection":[{"href":"https:\/\/anprotec.org.br\/site\/wp-json\/wp\/v2\/posts"}],"about":[{"href":"https:\/\/anprotec.org.br\/site\/wp-json\/wp\/v2\/types\/post"}],"author":[{"embeddable":true,"href":"https:\/\/anprotec.org.br\/site\/wp-json\/wp\/v2\/users\/8"}],"replies":[{"embeddable":true,"href":"https:\/\/anprotec.org.br\/site\/wp-json\/wp\/v2\/comments?post=5061"}],"version-history":[{"count":6,"href":"https:\/\/anprotec.org.br\/site\/wp-json\/wp\/v2\/posts\/5061\/revisions"}],"predecessor-version":[{"id":5065,"href":"https:\/\/anprotec.org.br\/site\/wp-json\/wp\/v2\/posts\/5061\/revisions\/5065"}],"wp:featuredmedia":[{"embeddable":true,"href":"https:\/\/anprotec.org.br\/site\/wp-json\/wp\/v2\/media\/5062"}],"wp:attachment":[{"href":"https:\/\/anprotec.org.br\/site\/wp-json\/wp\/v2\/media?parent=5061"}],"wp:term":[{"taxonomy":"category","embeddable":true,"href":"https:\/\/anprotec.org.br\/site\/wp-json\/wp\/v2\/categories?post=5061"},{"taxonomy":"post_tag","embeddable":true,"href":"https:\/\/anprotec.org.br\/site\/wp-json\/wp\/v2\/tags?post=5061"},{"taxonomy":"calendar","embeddable":true,"href":"https:\/\/anprotec.org.br\/site\/wp-json\/wp\/v2\/calendar?post=5061"}],"curies":[{"name":"wp","href":"https:\/\/api.w.org\/{rel}","templated":true}]}}