{"id":5006,"date":"2013-12-03T18:35:34","date_gmt":"2013-12-03T21:35:34","guid":{"rendered":"http:\/\/anprotec.org.br\/site\/?p=5006"},"modified":"2018-04-10T20:22:11","modified_gmt":"2018-04-10T23:22:11","slug":"redes-discutem-integracao-do-movimento","status":"publish","type":"post","link":"https:\/\/anprotec.org.br\/site\/2013\/12\/redes-discutem-integracao-do-movimento\/","title":{"rendered":"Redes discutem integra\u00e7\u00e3o do movimento no pa\u00eds"},"content":{"rendered":"<p><!--:pt--><\/p>\n<p dir=\"ltr\" style=\"text-align: justify\">Abrindo a programa\u00e7\u00e3o de fim de ano da Anprotec, a reuni\u00e3o com coordenadores das redes estaduais e regionais de incubadoras de empresas e parques tecnol\u00f3gicos foi um momento importante para ouvir as demandas e sugest\u00f5es dessas entidades, bem como para discutir como elas podem contribuir com a\u00e7\u00f5es realizadas pela Associa\u00e7\u00e3o. \u201cO engajamento das redes \u00e9 fundamental para socializar editais de fomento, avaliar as pol\u00edticas p\u00fablicas que est\u00e3o sendo desenvolvidas e atuar de forma alinhada \u00e0s a\u00e7\u00f5es estrat\u00e9gicas da Anprotec\u201d, enfatizou a presidente, \u00a0Francilene Garcia. Participaram da reuni\u00e3o cerca de 20 representantes de redes.<\/p>\n<p dir=\"ltr\" style=\"text-align: justify\">A presidente destacou a import\u00e2ncia do feedback dos integrantes das redes para o fortalecimento do Plano Nacional de Apoio a Incubadoras de Empresas e Parques Tecnol\u00f3gicos e na consolida\u00e7\u00e3o do novo C\u00f3digo de Ci\u00eancia, Tecnologia e Inova\u00e7\u00e3o, que est\u00e1 em tramita\u00e7\u00e3o no Congresso. \u201cVamos precisar de uma a\u00e7\u00e3o mais estrat\u00e9gica das redes e, por isso, queremos abrir um canal de comunica\u00e7\u00e3o mais efetivo e constante\u201d, disse.<\/p>\n<p dir=\"ltr\" style=\"text-align: justify\">A superintendente executiva da Anprotec, Sheila Oliveira Pires, apresentou os principais projetos da Associa\u00e7\u00e3o, dentre eles o Cerne, o Land2Land e a \u00a0Matriz Educacional, programa de forma\u00e7\u00e3o cont\u00ednua voltado para gestores de incubadoras e parques tecnol\u00f3gicos, desenvolvido em parceria com o Sebrae. At\u00e9 mar\u00e7o de 2014, deve ser lan\u00e7ado edital para que parceiros da Associa\u00e7\u00e3o possam indicar suas compet\u00eancias nos cursos, disciplinas e m\u00f3dulos a serem ofertados, formando uma rede credenciada que criar\u00e1 oportunidades de forma\u00e7\u00e3o em todo o pa\u00eds.<\/p>\n<p style=\"text-align: justify\">Outro destaque da reuni\u00e3o, foi a apresenta\u00e7\u00e3o de dados preliminares dos estudos que est\u00e3o sendo produzidos pelo Instituto Crhistiano Becker sobre empresas graduadas e que atuam na \u00e1rea da sa\u00fade. \u201cDepois da fase de pesquisa, que ainda est\u00e1 sendo realizada, ser\u00e1 feito um trabalho de campo, com visita a essas empresas e, para isso, \u00a0vamos precisar da coopera\u00e7\u00e3o das redes\u201d, afirmou Sheila.<\/p>\n<p style=\"text-align: justify\"><em>*Foto: Rui Rodrigues<\/em><\/p>\n<p><!--:--><\/p>\n","protected":false},"excerpt":{"rendered":"<p><!--:pt-->Anprotec reuniu coordenadores de redes estaduais e regionais de inova\u00e7\u00e3o para apresentar a\u00e7\u00f5es e avaliar novas formas de intera\u00e7\u00e3o. Encontro foi realizado em Bras\u00edlia.<!--:--><\/p>\n","protected":false},"author":8,"featured_media":5007,"comment_status":"open","ping_status":"open","sticky":false,"template":"","format":"standard","meta":{"footnotes":"","_links_to":"","_links_to_target":""},"categories":[3],"tags":[],"calendar":[],"_links":{"self":[{"href":"https:\/\/anprotec.org.br\/site\/wp-json\/wp\/v2\/posts\/5006"}],"collection":[{"href":"https:\/\/anprotec.org.br\/site\/wp-json\/wp\/v2\/posts"}],"about":[{"href":"https:\/\/anprotec.org.br\/site\/wp-json\/wp\/v2\/types\/post"}],"author":[{"embeddable":true,"href":"https:\/\/anprotec.org.br\/site\/wp-json\/wp\/v2\/users\/8"}],"replies":[{"embeddable":true,"href":"https:\/\/anprotec.org.br\/site\/wp-json\/wp\/v2\/comments?post=5006"}],"version-history":[{"count":2,"href":"https:\/\/anprotec.org.br\/site\/wp-json\/wp\/v2\/posts\/5006\/revisions"}],"predecessor-version":[{"id":24350,"href":"https:\/\/anprotec.org.br\/site\/wp-json\/wp\/v2\/posts\/5006\/revisions\/24350"}],"wp:featuredmedia":[{"embeddable":true,"href":"https:\/\/anprotec.org.br\/site\/wp-json\/wp\/v2\/media\/5007"}],"wp:attachment":[{"href":"https:\/\/anprotec.org.br\/site\/wp-json\/wp\/v2\/media?parent=5006"}],"wp:term":[{"taxonomy":"category","embeddable":true,"href":"https:\/\/anprotec.org.br\/site\/wp-json\/wp\/v2\/categories?post=5006"},{"taxonomy":"post_tag","embeddable":true,"href":"https:\/\/anprotec.org.br\/site\/wp-json\/wp\/v2\/tags?post=5006"},{"taxonomy":"calendar","embeddable":true,"href":"https:\/\/anprotec.org.br\/site\/wp-json\/wp\/v2\/calendar?post=5006"}],"curies":[{"name":"wp","href":"https:\/\/api.w.org\/{rel}","templated":true}]}}