{"id":4991,"date":"2013-12-03T11:14:19","date_gmt":"2013-12-03T14:14:19","guid":{"rendered":"http:\/\/anprotec.org.br\/site\/?p=4991"},"modified":"2013-12-03T11:14:19","modified_gmt":"2013-12-03T14:14:19","slug":"foruns-da-abvcap-estao-com-inscricoes-abertas","status":"publish","type":"post","link":"https:\/\/anprotec.org.br\/site\/2013\/12\/foruns-da-abvcap-estao-com-inscricoes-abertas\/","title":{"rendered":"<!--:pt-->F\u00f3runs da Abvcap est\u00e3o com inscri\u00e7\u00f5es abertas<!--:-->"},"content":{"rendered":"<p><!--:pt--><\/p>\n<p style=\"text-align: justify;\" align=\"center\"><span style=\"font-size: 13px; line-height: 19px;\"><img decoding=\"async\" loading=\"lazy\" class=\"alignleft size-thumbnail wp-image-4992\" alt=\"\" src=\"https:\/\/anprotec.org.br\/site\/wp-content\/uploads\/2013\/12\/20131203-Logo-Abvcap-270x160.jpg\" width=\"270\" height=\"160\" \/>Gestores de empresas que tem interesse em apresentar seus neg\u00f3cios a investidores j\u00e1 podem se inscrever para dois f\u00f3runs da <a href=\"http:\/\/www.abvcap.com.br\/\" target=\"_blank\">Associa\u00e7\u00e3o Brasileira de Private Equity e Venture Capital<\/a> (Abvcap) que acontecer\u00e3o no pr\u00f3ximo ano. O primeiro, que ser\u00e1 realizado no dia 11 de mar\u00e7o, durante o <a href=\"http:\/\/www.riocontentmarket.com.br\/\" target=\"_blank\">Rio Content Market<\/a>, no Rio de Janeiro (RJ), tem foco em empresas do setor audiovisual e aceitar\u00e1 cadastro de empresas at\u00e9 o dia 17 de janeiro. J\u00e1 o segundo f\u00f3rum ser\u00e1 multissetorial e est\u00e1 marcado para acontecer durante o <a href=\"http:\/\/www.congressoabvcap.com.br\/portugues\/\" target=\"_blank\">Congresso da Associa\u00e7\u00e3o<\/a>, maior evento de private equity, venture e seed capital da Am\u00e9rica Latina, no dia 15 de abril, tamb\u00e9m na capital carioca. As inscri\u00e7\u00f5es para o Venture Forum do Congresso ficar\u00e3o abertas at\u00e9 dia 7 de fevereiro.<\/span><\/p>\n<p style=\"text-align: justify;\">Para participar dos processos de sele\u00e7\u00e3o, \u00e9 necess\u00e1rio que as empresas apresentem um faturamento de R$5 milh\u00f5es a R$100 milh\u00f5es no ano de 2013. Os cadastros dos planos de neg\u00f3cios devem ser feitos <a href=\"http:\/\/www.ventureforum.com.br\/\" target=\"_blank\">online<\/a> at\u00e9 as datas especificadas.<\/p>\n<p style=\"text-align: justify;\"><em>*Com informa\u00e7\u00f5es da Abvcap<\/em><\/p>\n<p><!--:--><\/p>\n","protected":false},"excerpt":{"rendered":"<p><!--:pt-->O Rio de Janeiro receber\u00e1 dois eventos da Associa\u00e7\u00e3o Brasileira de Private Equity e Venture Capital onde gestores de empresas poder\u00e3o apresentar seus neg\u00f3cios a investidores.<!--:--><\/p>\n","protected":false},"author":8,"featured_media":4992,"comment_status":"open","ping_status":"open","sticky":false,"template":"","format":"standard","meta":{"footnotes":"","_links_to":"","_links_to_target":""},"categories":[3],"tags":[],"calendar":[],"_links":{"self":[{"href":"https:\/\/anprotec.org.br\/site\/wp-json\/wp\/v2\/posts\/4991"}],"collection":[{"href":"https:\/\/anprotec.org.br\/site\/wp-json\/wp\/v2\/posts"}],"about":[{"href":"https:\/\/anprotec.org.br\/site\/wp-json\/wp\/v2\/types\/post"}],"author":[{"embeddable":true,"href":"https:\/\/anprotec.org.br\/site\/wp-json\/wp\/v2\/users\/8"}],"replies":[{"embeddable":true,"href":"https:\/\/anprotec.org.br\/site\/wp-json\/wp\/v2\/comments?post=4991"}],"version-history":[{"count":1,"href":"https:\/\/anprotec.org.br\/site\/wp-json\/wp\/v2\/posts\/4991\/revisions"}],"predecessor-version":[{"id":4993,"href":"https:\/\/anprotec.org.br\/site\/wp-json\/wp\/v2\/posts\/4991\/revisions\/4993"}],"wp:featuredmedia":[{"embeddable":true,"href":"https:\/\/anprotec.org.br\/site\/wp-json\/wp\/v2\/media\/4992"}],"wp:attachment":[{"href":"https:\/\/anprotec.org.br\/site\/wp-json\/wp\/v2\/media?parent=4991"}],"wp:term":[{"taxonomy":"category","embeddable":true,"href":"https:\/\/anprotec.org.br\/site\/wp-json\/wp\/v2\/categories?post=4991"},{"taxonomy":"post_tag","embeddable":true,"href":"https:\/\/anprotec.org.br\/site\/wp-json\/wp\/v2\/tags?post=4991"},{"taxonomy":"calendar","embeddable":true,"href":"https:\/\/anprotec.org.br\/site\/wp-json\/wp\/v2\/calendar?post=4991"}],"curies":[{"name":"wp","href":"https:\/\/api.w.org\/{rel}","templated":true}]}}