{"id":4988,"date":"2013-12-03T08:08:12","date_gmt":"2013-12-03T11:08:12","guid":{"rendered":"http:\/\/anprotec.org.br\/site\/?p=4988"},"modified":"2013-12-03T08:08:12","modified_gmt":"2013-12-03T11:08:12","slug":"inova-sustentabilidade-disponibilizara-r2-bi","status":"publish","type":"post","link":"https:\/\/anprotec.org.br\/site\/2013\/12\/inova-sustentabilidade-disponibilizara-r2-bi\/","title":{"rendered":"<!--:pt-->Inova Sustentabilidade disponibilizar\u00e1 R$2 bi<!--:-->"},"content":{"rendered":"<p><!--:pt--><\/p>\n<p style=\"text-align: justify;\" align=\"center\"><span style=\"font-size: 13px; line-height: 19px;\"><img decoding=\"async\" loading=\"lazy\" class=\"alignleft size-thumbnail wp-image-4989\" alt=\"\" src=\"https:\/\/anprotec.org.br\/site\/wp-content\/uploads\/2013\/12\/20131202-inovasustentabilidade_cr\u00e9ditoBeto-Garavello_MCTI-270x160.jpg\" width=\"270\" height=\"160\" \/>O ministro da <a href=\"http:\/\/www.mcti.gov.br\/\" target=\"_blank\">Ci\u00eancia, Tecnologia e Inova\u00e7\u00e3o<\/a> (MCTI), Marco Antonio Raupp, o presidente da <a href=\"http:\/\/www.finep.gov.br\/\" target=\"_blank\">Ag\u00eancia Brasileira da Inova\u00e7\u00e3o <\/a>(Finep), Glauco Arbix, e o presidente do <a href=\"http:\/\/www.bndes.gov.br\/SiteBNDES\/bndes\/bndes_pt\/index.html\" target=\"_blank\">Banco Nacional de Desenvolvimento Econ\u00f4mico e Social<\/a> (BNDES), Luciano Coutinho, lan\u00e7aram, no \u00faltimo dia 29, o Plano Inova Sustentabilidade. O an\u00fancio foi feito durante a reuni\u00e3o da <a href=\"http:\/\/www.inovacaonaindustria.com.br\/portal\/mei\/\" target=\"_blank\">Mobiliza\u00e7\u00e3o Empresarial pela Inova\u00e7\u00e3o<\/a> (MEI), realizada em S\u00e3o Paulo (SP). O objetivo do Plano, que tamb\u00e9m conta com a participa\u00e7\u00e3o do <a href=\"http:\/\/www.mma.gov.br\/\" target=\"_blank\">Minist\u00e9rio do Meio Ambiente<\/a> (MMA), \u00e9 incentivar a realiza\u00e7\u00e3o de investimentos na \u00e1rea ambiental, com a promo\u00e7\u00e3o de solu\u00e7\u00f5es inovadoras capazes de reduzir os impactos das atividades produtivas sobre o meio ambiente. O edital est\u00e1 previsto para ser lan\u00e7ado ainda neste m\u00eas.<\/span><\/p>\n<p style=\"text-align: justify;\"><span style=\"font-size: 13px; line-height: 19px;\">Com dota\u00e7\u00e3o or\u00e7ament\u00e1ria de R$2 bilh\u00f5es, divididos igualmente entre Finep e BNDES, para opera\u00e7\u00f5es contratadas no per\u00edodo de 2014 a 2016, o Inova Sustentabilidade ter\u00e1 quatro linhas: produ\u00e7\u00e3o sustent\u00e1vel; recupera\u00e7\u00e3o de biomas brasileiros e fomento \u00e0s atividades produtivas sustent\u00e1veis de base florestal; saneamento ambiental; e monitoramento de desastres ambientais. Ser\u00e3o financiados planos de neg\u00f3cios acima de R$ 5 milh\u00f5es, com prazo de execu\u00e7\u00e3o de at\u00e9 60 meses. A participa\u00e7\u00e3o ser\u00e1 de at\u00e9 90%.<\/span><\/p>\n<p style=\"text-align: justify;\"><span style=\"font-size: 13px; line-height: 19px;\">A fim de possibilitar o desenvolvimento de solu\u00e7\u00f5es completas no \u00e2mbito das linhas tem\u00e1ticas do Inova Sustentabilidade, ser\u00e1 estimulada a forma\u00e7\u00e3o de parcerias entre mais de uma empresa e entre empresas e Institutos de Ci\u00eancia e Tecnologia (ICTs). Tais parcerias dever\u00e3o contar com uma empresa-l\u00edder, que necessariamente dever\u00e1 ser independente ou pertencente a um grupo econ\u00f4mico que possua receita operacional bruta igual ou superior a R$16 milh\u00f5es \u00a0e patrim\u00f4nio l\u00edquido igual ou superior a R$4 milh\u00f5es no \u00faltimo exerc\u00edcio.<\/span><\/p>\n<p style=\"text-align: justify;\"><b>Inova Empresa<\/b><\/p>\n<p style=\"text-align: justify;\">O Plano Inova Sustentabilidade faz parte do <a href=\"http:\/\/www.mct.gov.br\/upd_blob\/0225\/225828.pdf\" target=\"_blank\">Plano Inova Empresa<\/a>, que prev\u00ea R$32,9 bilh\u00f5es para impulsionar a produtividade e a competitividade da economia brasileira por meio da inova\u00e7\u00e3o tecnol\u00f3gica. Para o presidente da Finep, o programa est\u00e1 trazendo investimento para importantes \u00e1reas de desenvolvimento no Brasil. \u201cAl\u00e9m do lan\u00e7amento do Inova Sustentabilidade, estamos trabalhando para a elabora\u00e7\u00e3o de outros programas, como o Inova Mobilidade, o Inova Educa\u00e7\u00e3o e o Inova Telecom, para incentivar inova\u00e7\u00f5es na \u00e1rea de comunica\u00e7\u00e3o\u201d, disse Arbix.<\/p>\n<p style=\"text-align: justify;\">De acordo com o ministro Raupp, o conselho gestor do plano far\u00e1, em breve, uma avalia\u00e7\u00e3o geral do primeiro ano de atua\u00e7\u00e3o do programa. \u201cEstamos executando o Inova Empresa com bastante efici\u00eancia, com diversos editais em andamento. Quase dois ter\u00e7os dos investimentos previstos j\u00e1 est\u00e3o sendo aplicados. Iremos realizar uma avalia\u00e7\u00e3o de todas as conquistas e realiza\u00e7\u00f5es ao longo do ano. Queremos estudar o que j\u00e1 foi feito, saber quais foram as demandas, o uso dos recursos destinados, etc\u201d, explicou.<\/p>\n<p><i>*Com informa\u00e7\u00f5es da Finep e foto de Beto Garavello\/MCTI<\/i><!--:--><\/p>\n","protected":false},"excerpt":{"rendered":"<p><!--:pt-->Lan\u00e7ado por MCTI, Finep e BNDES, o Plano tem como objetivo o incentivo a investimentos na \u00e1rea ambiental. O lan\u00e7amento do edital de sele\u00e7\u00e3o est\u00e1 previsto para este m\u00eas.<!--:--><\/p>\n","protected":false},"author":8,"featured_media":4989,"comment_status":"open","ping_status":"open","sticky":false,"template":"","format":"standard","meta":{"footnotes":"","_links_to":"","_links_to_target":""},"categories":[3],"tags":[],"calendar":[],"_links":{"self":[{"href":"https:\/\/anprotec.org.br\/site\/wp-json\/wp\/v2\/posts\/4988"}],"collection":[{"href":"https:\/\/anprotec.org.br\/site\/wp-json\/wp\/v2\/posts"}],"about":[{"href":"https:\/\/anprotec.org.br\/site\/wp-json\/wp\/v2\/types\/post"}],"author":[{"embeddable":true,"href":"https:\/\/anprotec.org.br\/site\/wp-json\/wp\/v2\/users\/8"}],"replies":[{"embeddable":true,"href":"https:\/\/anprotec.org.br\/site\/wp-json\/wp\/v2\/comments?post=4988"}],"version-history":[{"count":1,"href":"https:\/\/anprotec.org.br\/site\/wp-json\/wp\/v2\/posts\/4988\/revisions"}],"predecessor-version":[{"id":4990,"href":"https:\/\/anprotec.org.br\/site\/wp-json\/wp\/v2\/posts\/4988\/revisions\/4990"}],"wp:featuredmedia":[{"embeddable":true,"href":"https:\/\/anprotec.org.br\/site\/wp-json\/wp\/v2\/media\/4989"}],"wp:attachment":[{"href":"https:\/\/anprotec.org.br\/site\/wp-json\/wp\/v2\/media?parent=4988"}],"wp:term":[{"taxonomy":"category","embeddable":true,"href":"https:\/\/anprotec.org.br\/site\/wp-json\/wp\/v2\/categories?post=4988"},{"taxonomy":"post_tag","embeddable":true,"href":"https:\/\/anprotec.org.br\/site\/wp-json\/wp\/v2\/tags?post=4988"},{"taxonomy":"calendar","embeddable":true,"href":"https:\/\/anprotec.org.br\/site\/wp-json\/wp\/v2\/calendar?post=4988"}],"curies":[{"name":"wp","href":"https:\/\/api.w.org\/{rel}","templated":true}]}}