{"id":4984,"date":"2013-12-02T10:07:15","date_gmt":"2013-12-02T13:07:15","guid":{"rendered":"http:\/\/anprotec.org.br\/site\/?p=4984"},"modified":"2013-12-02T10:07:15","modified_gmt":"2013-12-02T13:07:15","slug":"incubadora-int-prorroga-prazo-de-inscricoes","status":"publish","type":"post","link":"https:\/\/anprotec.org.br\/site\/2013\/12\/incubadora-int-prorroga-prazo-de-inscricoes\/","title":{"rendered":"<!--:pt-->Incubadora INT prorroga prazo de inscri\u00e7\u00f5es<!--:-->"},"content":{"rendered":"<p><!--:pt--><\/p>\n<p dir=\"ltr\" style=\"text-align: justify;\"><span style=\"font-size: 13px; line-height: 19px;\"><img decoding=\"async\" loading=\"lazy\" class=\"alignleft size-thumbnail wp-image-4985\" alt=\"\" src=\"https:\/\/anprotec.org.br\/site\/wp-content\/uploads\/2013\/12\/20131202-INT-270x160.jpg\" width=\"270\" height=\"160\" \/>As inscri\u00e7\u00f5es para a sele\u00e7\u00e3o de novos empreendimentos da <a href=\"http:\/\/www.int.gov.br\/incubadora-de-empresas\/apresentacao\" target=\"_blank\">Incubadora de Empresas do Instituto Nacional de Tecnologia<\/a> do <a href=\"http:\/\/www.mcti.gov.br\/\" target=\"_blank\">Minist\u00e9rio da Ci\u00eancia, Tecnologia e Inova\u00e7\u00e3o<\/a> (Incubadora INT\/MCTI) foram prorrogadas at\u00e9 o pr\u00f3ximo dia 3 de janeiro. S\u00e3o quatro vagas para neg\u00f3cios de base tecnol\u00f3gica que desejam se instalar no pr\u00e9dio sede do Instituto, no Rio de Janeiro (RJ). O edital e a ficha de inscri\u00e7\u00e3o est\u00e3o dispon\u00edveis <a href=\"http:\/\/www.int.gov.br\/incubadora\" target=\"_blank\">online<\/a>.<\/span><\/p>\n<p dir=\"ltr\" style=\"text-align: justify;\">Os interessados devem apresentar um projeto com plano de neg\u00f3cios voltado para a inova\u00e7\u00e3o tecnol\u00f3gica, descrevendo o produto, processo ou servi\u00e7o, mercado e custos. Ser\u00e3o priorizadas as propostas com potencial de intera\u00e7\u00e3o com os focos de atua\u00e7\u00e3o do INT \u2013 petr\u00f3leo, g\u00e1s e petroqu\u00edmica; energias renov\u00e1veis; sa\u00fade; qu\u00edmica verde; tecnologias sociais; e defesa \u2013 e com suas \u00e1reas de compet\u00eancia: engenharia de avalia\u00e7\u00e3o e de produ\u00e7\u00e3o; certifica\u00e7\u00e3o de produtos; corros\u00e3o e degrada\u00e7\u00e3o; desenho industrial; energia; ensaios de materiais e produtos; informa\u00e7\u00e3o e prospec\u00e7\u00e3o tecnol\u00f3gica; processamento e caracteriza\u00e7\u00e3o de materiais; qu\u00edmica anal\u00edtica; cat\u00e1lise; e processos qu\u00edmicos.<\/p>\n<p dir=\"ltr\" style=\"text-align: justify;\">As propostas podem ser apresentadas por pessoas f\u00edsicas ou jur\u00eddicas, individualmente ou em grupo. As empresas selecionadas poder\u00e3o permanecer incubadas por 36 meses, a partir da assinatura do contrato, com possibilidade de prorroga\u00e7\u00e3o por mais 12 meses.<\/p>\n<p dir=\"ltr\" style=\"text-align: justify;\">Al\u00e9m do espa\u00e7o f\u00edsico e da infraestrutura t\u00e9cnica, administrativa e operacional, as novas empresas incubadas ter\u00e3o acesso \u00e0s tecnologias desenvolvidas no INT e poder\u00e3o contar com servi\u00e7os como internet, recep\u00e7\u00e3o, manuten\u00e7\u00e3o e limpeza das \u00e1reas comuns internas e externas, sala de reuni\u00e3o, linha telef\u00f4nica e seguran\u00e7a, entre outros.<\/p>\n<p dir=\"ltr\"><em>*Com informa\u00e7\u00f5es do INT<\/em><\/p>\n<p><!--:--><\/p>\n","protected":false},"excerpt":{"rendered":"<p><!--:pt-->As empresas de base tecnol\u00f3gica que desejam se instalar no pr\u00e9dio sede do Instituto Nacional de Tecnologia, no Rio de Janeiro, t\u00eam at\u00e9 o dia 3 de janeiro para enviar o projeto.<!--:--><\/p>\n","protected":false},"author":8,"featured_media":4985,"comment_status":"open","ping_status":"open","sticky":false,"template":"","format":"standard","meta":{"footnotes":"","_links_to":"","_links_to_target":""},"categories":[3],"tags":[],"calendar":[],"_links":{"self":[{"href":"https:\/\/anprotec.org.br\/site\/wp-json\/wp\/v2\/posts\/4984"}],"collection":[{"href":"https:\/\/anprotec.org.br\/site\/wp-json\/wp\/v2\/posts"}],"about":[{"href":"https:\/\/anprotec.org.br\/site\/wp-json\/wp\/v2\/types\/post"}],"author":[{"embeddable":true,"href":"https:\/\/anprotec.org.br\/site\/wp-json\/wp\/v2\/users\/8"}],"replies":[{"embeddable":true,"href":"https:\/\/anprotec.org.br\/site\/wp-json\/wp\/v2\/comments?post=4984"}],"version-history":[{"count":1,"href":"https:\/\/anprotec.org.br\/site\/wp-json\/wp\/v2\/posts\/4984\/revisions"}],"predecessor-version":[{"id":4986,"href":"https:\/\/anprotec.org.br\/site\/wp-json\/wp\/v2\/posts\/4984\/revisions\/4986"}],"wp:featuredmedia":[{"embeddable":true,"href":"https:\/\/anprotec.org.br\/site\/wp-json\/wp\/v2\/media\/4985"}],"wp:attachment":[{"href":"https:\/\/anprotec.org.br\/site\/wp-json\/wp\/v2\/media?parent=4984"}],"wp:term":[{"taxonomy":"category","embeddable":true,"href":"https:\/\/anprotec.org.br\/site\/wp-json\/wp\/v2\/categories?post=4984"},{"taxonomy":"post_tag","embeddable":true,"href":"https:\/\/anprotec.org.br\/site\/wp-json\/wp\/v2\/tags?post=4984"},{"taxonomy":"calendar","embeddable":true,"href":"https:\/\/anprotec.org.br\/site\/wp-json\/wp\/v2\/calendar?post=4984"}],"curies":[{"name":"wp","href":"https:\/\/api.w.org\/{rel}","templated":true}]}}