{"id":49830,"date":"2025-05-07T16:05:02","date_gmt":"2025-05-07T19:05:02","guid":{"rendered":"https:\/\/anprotec.org.br\/site\/?p=49830"},"modified":"2025-08-21T13:44:01","modified_gmt":"2025-08-21T16:44:01","slug":"faca-parte-do-comite-avaliador-da-chamada-de-trabalhos-da-conferencia-anprotec-2025","status":"publish","type":"post","link":"https:\/\/anprotec.org.br\/site\/2025\/05\/faca-parte-do-comite-avaliador-da-chamada-de-trabalhos-da-conferencia-anprotec-2025\/","title":{"rendered":"Fa\u00e7a parte do Comit\u00ea Avaliador da Chamada de Trabalhos da Confer\u00eancia Anprotec 2025"},"content":{"rendered":"<div class=\"wp-block-image\"><img decoding=\"async\" loading=\"lazy\" class=\"aligncenter wp-image-49831 size-full\" src=\"https:\/\/anprotec.org.br\/site\/wp-content\/uploads\/2025\/05\/2-e1746643988364.jpg\" alt=\"\" width=\"750\" height=\"750\" \/><\/div>\n<p>&nbsp;<\/p>\n<p><span style=\"font-weight: 400;\">A 34\u00b0 Confer\u00eancia Anprotec, realizada em S\u00e3o Jos\u00e9 dos Campos em dezembro do ano passado, contou com um n\u00famero expressivo de 153 submiss\u00f5es entre artigos e relatos de boas pr\u00e1ticas. Esse n\u00famero\u00a0 refor\u00e7a o crescimento do evento ao longo dos anos e tamb\u00e9m consolida o encontro como uma refer\u00eancia na \u00e1rea de dissemina\u00e7\u00e3o do conhecimento sobre inova\u00e7\u00e3o no pa\u00eds.\u00a0<\/span><\/p>\n<p><span style=\"font-weight: 400;\">Para 2025, a chamada de trabalhos receber\u00e1 submiss\u00f5es at\u00e9 o dia 23 de maio, e \u00e9 esperado que o n\u00famero de trabalhos supere o anterior. A Chamada de Trabalhos selecionar\u00e1 trabalhos com altos crit\u00e9rios de qualifica\u00e7\u00e3o e que mantenham o evento com o padr\u00e3o de excel\u00eancia no conhecimento.\u00a0<\/span><\/p>\n<h5><b>Convite para Avaliadores<\/b><\/h5>\n<p><span style=\"font-weight: 400;\">Para manter o alto padr\u00e3o de excel\u00eancia na sele\u00e7\u00e3o dos trabalhos, a Anprotec est\u00e1 em busca de especialistas que possam colaborar como avaliadores desta edi\u00e7\u00e3o. Se voc\u00ea \u00e9 um profissional ou acad\u00eamico com experi\u00eancia em inova\u00e7\u00e3o, empreendedorismo ou \u00e1reas correlatas, convidamos voc\u00ea a integrar o Comit\u00ea Avaliador da Confer\u00eancia Anprotec 2025.<\/span><\/p>\n<p><span style=\"font-weight: 400;\">Sua experi\u00eancia ser\u00e1 fundamental para garantir que os trabalhos selecionados estejam alinhados com a proposta tem\u00e1tica da Confer\u00eancia \u2013 Ecossistemas colaborativos e integrados \u00e0 inova\u00e7\u00e3o global \u2013 e tragam contribui\u00e7\u00f5es relevantes para os ambientes de inova\u00e7\u00e3o e suas conex\u00f5es com os desafios globais.<\/span><\/p>\n<p><span style=\"font-weight: 400;\"><a class=\"button  button_size_2 button_js\" href=\"https:\/\/docs.google.com\/forms\/d\/e\/1FAIpQLScOHDhAGw69BaMtZd0AlHKo-J2b94jbZcsyT7ca08R6UVOrDw\/viewform\" style=\"background-color:#000000!important;color:#ffffff;\" target=\"_blank\"   ><span class=\"button_label\">Seja um avaliador!<\/span><\/a>\n<\/span><\/p>\n<p><span style=\"font-weight: 400;\"><a class=\"button  button_size_2 button_js\" href=\"https:\/\/anprotec.org.br\/site\/wp-content\/uploads\/2025\/04\/Conferencia-Anprotec-2025-Chamada-de-Trabalhos.pdf\" target=\"_blank\"   ><span class=\"button_label\">Leia o edital da Chamada de Trabalhos<\/span><\/a>\n<\/span><\/p>\n<p><span style=\"font-weight: 400;\">A participa\u00e7\u00e3o no Comit\u00ea Avaliador \u00e9 volunt\u00e1ria e n\u00e3o-remunerada, mas<\/span><b> os avaliadores selecionados receber\u00e3o um desconto de 50% na sua inscri\u00e7\u00e3o para a Confer\u00eancia Anprotec 2025<\/b><span style=\"font-weight: 400;\">, al\u00e9m de um Certificado de Participa\u00e7\u00e3o, como forma de reconhecimento pela sua contribui\u00e7\u00e3o.<\/span><\/p>\n<h5><b>Detalhes da Avalia\u00e7\u00e3o<\/b><\/h5>\n<ul>\n<li style=\"font-weight: 400;\" aria-level=\"1\"><b>Per\u00edodo de avalia\u00e7\u00e3o:<\/b><span style=\"font-weight: 400;\"> junho de 2025<\/span><\/li>\n<li style=\"font-weight: 400;\" aria-level=\"1\"><b>Responsabilidade:<\/b><span style=\"font-weight: 400;\"> cada avaliador poder\u00e1 receber at\u00e9 10 trabalhos para an\u00e1lise<\/span><\/li>\n<li style=\"font-weight: 400;\" aria-level=\"1\"><b>Elegibilidade:<\/b><span style=\"font-weight: 400;\"> autores de trabalhos tamb\u00e9m podem atuar como avaliadores<\/span><\/li>\n<\/ul>\n<p><b>Submiss\u00e3o de trabalhos tamb\u00e9m est\u00e1 aberta at\u00e9 23 de maio<\/b><\/p>\n<p><span style=\"font-weight: 400;\">Pesquisadores, profissionais e representantes de empresas e institui\u00e7\u00f5es de ci\u00eancia e tecnologia ligados \u00e0 tem\u00e1tica dos ambientes de inova\u00e7\u00e3o ainda podem participar da Chamada. Os trabalhos devem ser submetidos em duas categorias:<\/span><b> artigo<\/b><span style=\"font-weight: 400;\"> in\u00e9dito (at\u00e9 4 mil palavras) e <\/span><b>relato de boas pr\u00e1ticas<\/b><span style=\"font-weight: 400;\"> (at\u00e9 2 mil palavras). Em ambos os casos, \u00e9 obrigat\u00f3rio o envio de <\/span><b>um v\u00eddeo de at\u00e9 cinco minutos<\/b><span style=\"font-weight: 400;\"> com a apresenta\u00e7\u00e3o do conte\u00fado por um dos autores.\u00a0<\/span><\/p>\n<p><span style=\"font-weight: 400;\">As<\/span><b> trilhas tem\u00e1ticas<\/b><span style=\"font-weight: 400;\"> da Confer\u00eancia 2025 s\u00e3o: Ecossistemas Colaborativos; Conectividade Global e Internacionaliza\u00e7\u00e3o; Governan\u00e7a e Sustentabilidade Financeira; Tecnologia e Desenvolvimento Sustent\u00e1vel; e Intelig\u00eancia Artificial e o Futuro da Inova\u00e7\u00e3o.<\/span><\/p>\n<p>A Confer\u00eancia Anprotec 2025 \u00e9 promovida pela Associa\u00e7\u00e3o Nacional de Entidades Promotoras de Empreendimentos Inovadores (Anprotec), em parceria com o Servi\u00e7o Brasileiro de Apoio \u00e0s Micro e Pequenas Empresas (Sebrae), e conta com a realiza\u00e7\u00e3o local da Universidade Estadual do Oeste do Paran\u00e1 (Unioeste), da Funda\u00e7\u00e3o Arauc\u00e1ria de Apoio ao Desenvolvimento Cient\u00edfico e Tecnol\u00f3gico do Estado do Paran\u00e1, do Sistema Estadual de Ambientes Promotores de Inova\u00e7\u00e3o do Paran\u00e1 (Separtec) e do Governo do Estado do Paran\u00e1.<\/p>\n<p>Acesse <a href=\"https:\/\/anprotec.org.br\/site\/wp-content\/uploads\/2025\/04\/Conferencia-Anprotec-2025-Chamada-de-Trabalhos.pdf\">aqui<\/a> a Chamada de Trabalhos !<\/p>\n","protected":false},"excerpt":{"rendered":"<p>&nbsp; A 34\u00b0 Confer\u00eancia Anprotec, realizada em S\u00e3o Jos\u00e9 dos<span class=\"excerpt-hellip\"> [\u2026]<\/span><\/p>\n","protected":false},"author":8,"featured_media":49832,"comment_status":"closed","ping_status":"closed","sticky":false,"template":"","format":"standard","meta":{"footnotes":"","_links_to":"","_links_to_target":""},"categories":[411,395,3],"tags":[],"calendar":[],"_links":{"self":[{"href":"https:\/\/anprotec.org.br\/site\/wp-json\/wp\/v2\/posts\/49830"}],"collection":[{"href":"https:\/\/anprotec.org.br\/site\/wp-json\/wp\/v2\/posts"}],"about":[{"href":"https:\/\/anprotec.org.br\/site\/wp-json\/wp\/v2\/types\/post"}],"author":[{"embeddable":true,"href":"https:\/\/anprotec.org.br\/site\/wp-json\/wp\/v2\/users\/8"}],"replies":[{"embeddable":true,"href":"https:\/\/anprotec.org.br\/site\/wp-json\/wp\/v2\/comments?post=49830"}],"version-history":[{"count":3,"href":"https:\/\/anprotec.org.br\/site\/wp-json\/wp\/v2\/posts\/49830\/revisions"}],"predecessor-version":[{"id":55797,"href":"https:\/\/anprotec.org.br\/site\/wp-json\/wp\/v2\/posts\/49830\/revisions\/55797"}],"wp:featuredmedia":[{"embeddable":true,"href":"https:\/\/anprotec.org.br\/site\/wp-json\/wp\/v2\/media\/49832"}],"wp:attachment":[{"href":"https:\/\/anprotec.org.br\/site\/wp-json\/wp\/v2\/media?parent=49830"}],"wp:term":[{"taxonomy":"category","embeddable":true,"href":"https:\/\/anprotec.org.br\/site\/wp-json\/wp\/v2\/categories?post=49830"},{"taxonomy":"post_tag","embeddable":true,"href":"https:\/\/anprotec.org.br\/site\/wp-json\/wp\/v2\/tags?post=49830"},{"taxonomy":"calendar","embeddable":true,"href":"https:\/\/anprotec.org.br\/site\/wp-json\/wp\/v2\/calendar?post=49830"}],"curies":[{"name":"wp","href":"https:\/\/api.w.org\/{rel}","templated":true}]}}