{"id":49715,"date":"2025-04-23T13:44:46","date_gmt":"2025-04-23T16:44:46","guid":{"rendered":"https:\/\/anprotec.org.br\/site\/?p=49715"},"modified":"2025-04-23T13:44:46","modified_gmt":"2025-04-23T16:44:46","slug":"livro-violeta-da-5a-conferencia-nacional-e-entregue-ao-mcti","status":"publish","type":"post","link":"https:\/\/anprotec.org.br\/site\/2025\/04\/livro-violeta-da-5a-conferencia-nacional-e-entregue-ao-mcti\/","title":{"rendered":"Livro Violeta da 5\u00aa Confer\u00eancia Nacional \u00e9 entregue ao MCTI"},"content":{"rendered":"<div>\n<div class=\"wp-block-image\"><img decoding=\"async\" loading=\"lazy\" class=\"aligncenter wp-image-49716 size-full\" src=\"https:\/\/anprotec.org.br\/site\/wp-content\/uploads\/2025\/04\/6959cf21-6187-467c-a7ef-59654ce38367.png\" alt=\"\" width=\"768\" height=\"757\" srcset=\"https:\/\/anprotec.org.br\/site\/wp-content\/uploads\/2025\/04\/6959cf21-6187-467c-a7ef-59654ce38367.png 768w, https:\/\/anprotec.org.br\/site\/wp-content\/uploads\/2025\/04\/6959cf21-6187-467c-a7ef-59654ce38367-300x296.png 300w, https:\/\/anprotec.org.br\/site\/wp-content\/uploads\/2025\/04\/6959cf21-6187-467c-a7ef-59654ce38367-148x146.png 148w, https:\/\/anprotec.org.br\/site\/wp-content\/uploads\/2025\/04\/6959cf21-6187-467c-a7ef-59654ce38367-50x50.png 50w, https:\/\/anprotec.org.br\/site\/wp-content\/uploads\/2025\/04\/6959cf21-6187-467c-a7ef-59654ce38367-76x75.png 76w, https:\/\/anprotec.org.br\/site\/wp-content\/uploads\/2025\/04\/6959cf21-6187-467c-a7ef-59654ce38367-85x85.png 85w, https:\/\/anprotec.org.br\/site\/wp-content\/uploads\/2025\/04\/6959cf21-6187-467c-a7ef-59654ce38367-80x80.png 80w\" sizes=\"(max-width: 768px) 100vw, 768px\" \/><\/div>\n<\/div>\n<div><\/div>\n<div class=\"documentDescription\">Publica\u00e7\u00e3o servir\u00e1 de inspira\u00e7\u00e3o para a formula\u00e7\u00e3o de pol\u00edticas p\u00fablicas norteadoras da a\u00e7\u00e3o do MCTI para os pr\u00f3ximos anos<\/div>\n<div>\n<div id=\"content-core\">\n<div id=\"parent-fieldname-text\" class=\"\">\n<p>Na segunda-feira (21), a ministra da Ci\u00eancia, Tecnologia e Inova\u00e7\u00e3o, Luciana Santos, recebeu o\u00a0<a class=\"external-link\" title=\"\" href=\"https:\/\/ad5cncti.cgee.org.br\/documents\/165901\/355373\/livro-violeta_5CNCTI.pdf\" target=\"_blank\" rel=\"noopener\" data-tippreview-enabled=\"false\" data-tippreview-image=\"\" data-tippreview-title=\"\">Livro Violeta<\/a>, documento referente \u00e0 5\u00aa Confer\u00eancia Nacional de Ci\u00eancia, Tecnologia e Inova\u00e7\u00e3o (5CNCTI), em reuni\u00e3o realizada em Recife com o secret\u00e1rio-geral da CNCTI, o ex-ministro Sergio Machado Rezende (UFPE), o secret\u00e1rio-geral adjunto, Anderson Gomes (CGEE e UFPE), e a coordenadora da Subcomiss\u00e3o de Sistematiza\u00e7\u00e3o e Documenta\u00e7\u00e3o, Francilene Garcia (SBPC).<\/p>\n<p>O Livro Violeta foi escrito com a colabora\u00e7\u00e3o de 35 redatores e revisores e teve sua vers\u00e3o final revisada por Francilene Garcia, Alaor Chaves (UFMG) e Luiz Ant\u00f4nio Elias (INPI). A obra foi organizada em quatro partes e tem como contexto principal o tema da confer\u00eancia: \u201cCT&amp;I para um Brasil justo, sustent\u00e1vel e desenvolvido\u201d. Tamb\u00e9m inclui cap\u00edtulos espec\u00edficos sobre o Sistema Nacional de Ci\u00eancia, Tecnologia e Inova\u00e7\u00e3o (SNCTI) e o tema da Educa\u00e7\u00e3o para a Ci\u00eancia e Populariza\u00e7\u00e3o da Ci\u00eancia. Um texto espec\u00edfico destaca o papel da voz feminina na CT&amp;I para a constru\u00e7\u00e3o de um futuro equitativo.<\/p>\n<p>Junto aos demais documentos j\u00e1 disponibilizados no site da 5\u00aa CNCTI (<a class=\"external-link\" title=\"\" href=\"https:\/\/5cncti.org.br\/\" target=\"_blank\" rel=\"noopener\" data-tippreview-enabled=\"false\" data-tippreview-image=\"\" data-tippreview-title=\"\">5cncti.org.br<\/a>), incluindo o\u00a0<a class=\"external-link\" title=\"\" href=\"https:\/\/www.gov.br\/mcti\/pt-br\/acompanhe-o-mcti\/noticias\/2024\/12\/livro-lilas-reune-recomendacoes-da-sociedade-durante-a-5a-conferencia-nacional-de-ciencia-tecnologia-e-inovacao\" target=\"_blank\" rel=\"noopener\" data-tippreview-enabled=\"false\" data-tippreview-image=\"\" data-tippreview-title=\"\">Livro Lil\u00e1s<\/a>, que relata os trabalhos realizados nos tr\u00eas dias da Confer\u00eancia Nacional (30 e 31 de julho e 1\u00ba de agosto de 2024), a publica\u00e7\u00e3o servir\u00e1 de inspira\u00e7\u00e3o para a formula\u00e7\u00e3o de pol\u00edticas p\u00fablicas norteadoras da a\u00e7\u00e3o do Minist\u00e9rio da Ci\u00eancia, Tecnologia e Inova\u00e7\u00e3o (MCTI) para os pr\u00f3ximos anos.<\/p>\n<p>O livro, em formato PDF, est\u00e1 dispon\u00edvel em:<br \/>\n<a class=\"external-link\" title=\"\" href=\"https:\/\/ad5cncti.cgee.org.br\/documents\/165901\/355373\/livro-violeta_5CNCTI.pdf\" target=\"_blank\" rel=\"noopener\" data-tippreview-enabled=\"false\" data-tippreview-image=\"\" data-tippreview-title=\"\">https:\/\/ad5cncti.cgee.org.br\/documents\/165901\/355373\/livro-violeta_5CNCTI.pdf<\/a><\/p>\n<p>Fonte: <a href=\"https:\/\/www.gov.br\/mcti\/pt-br\/acompanhe-o-mcti\/noticias\/2025\/04\/livro-violeta-da-5a-conferencia-nacional-e-entregue-ao-mcti\">Minist\u00e9rio da Ci\u00eancia, Tecnologia e Inova\u00e7\u00e3o\u00a0<\/a><\/p>\n<\/div>\n<\/div>\n<\/div>\n","protected":false},"excerpt":{"rendered":"<p>Publica\u00e7\u00e3o servir\u00e1 de inspira\u00e7\u00e3o para a formula\u00e7\u00e3o de pol\u00edticas p\u00fablicas<span class=\"excerpt-hellip\"> [\u2026]<\/span><\/p>\n","protected":false},"author":8,"featured_media":49717,"comment_status":"closed","ping_status":"closed","sticky":false,"template":"","format":"standard","meta":{"footnotes":"","_links_to":"","_links_to_target":""},"categories":[3,414],"tags":[],"calendar":[],"_links":{"self":[{"href":"https:\/\/anprotec.org.br\/site\/wp-json\/wp\/v2\/posts\/49715"}],"collection":[{"href":"https:\/\/anprotec.org.br\/site\/wp-json\/wp\/v2\/posts"}],"about":[{"href":"https:\/\/anprotec.org.br\/site\/wp-json\/wp\/v2\/types\/post"}],"author":[{"embeddable":true,"href":"https:\/\/anprotec.org.br\/site\/wp-json\/wp\/v2\/users\/8"}],"replies":[{"embeddable":true,"href":"https:\/\/anprotec.org.br\/site\/wp-json\/wp\/v2\/comments?post=49715"}],"version-history":[{"count":1,"href":"https:\/\/anprotec.org.br\/site\/wp-json\/wp\/v2\/posts\/49715\/revisions"}],"predecessor-version":[{"id":49718,"href":"https:\/\/anprotec.org.br\/site\/wp-json\/wp\/v2\/posts\/49715\/revisions\/49718"}],"wp:featuredmedia":[{"embeddable":true,"href":"https:\/\/anprotec.org.br\/site\/wp-json\/wp\/v2\/media\/49717"}],"wp:attachment":[{"href":"https:\/\/anprotec.org.br\/site\/wp-json\/wp\/v2\/media?parent=49715"}],"wp:term":[{"taxonomy":"category","embeddable":true,"href":"https:\/\/anprotec.org.br\/site\/wp-json\/wp\/v2\/categories?post=49715"},{"taxonomy":"post_tag","embeddable":true,"href":"https:\/\/anprotec.org.br\/site\/wp-json\/wp\/v2\/tags?post=49715"},{"taxonomy":"calendar","embeddable":true,"href":"https:\/\/anprotec.org.br\/site\/wp-json\/wp\/v2\/calendar?post=49715"}],"curies":[{"name":"wp","href":"https:\/\/api.w.org\/{rel}","templated":true}]}}