{"id":49683,"date":"2025-04-16T13:58:37","date_gmt":"2025-04-16T16:58:37","guid":{"rendered":"https:\/\/anprotec.org.br\/site\/?p=49683"},"modified":"2025-04-16T13:59:11","modified_gmt":"2025-04-16T16:59:11","slug":"bndes-butantan-e-finep-investirao-r-200-milhoes-em-startups-de-saude","status":"publish","type":"post","link":"https:\/\/anprotec.org.br\/site\/2025\/04\/bndes-butantan-e-finep-investirao-r-200-milhoes-em-startups-de-saude\/","title":{"rendered":"BNDES, Butantan e Finep investir\u00e3o R$ 200 milh\u00f5es em startups de sa\u00fade"},"content":{"rendered":"<div class=\"wp-block-image\"><img decoding=\"async\" loading=\"lazy\" class=\"wp-image-49684 aligncenter\" src=\"https:\/\/anprotec.org.br\/site\/wp-content\/uploads\/2025\/04\/louis-reed-pwckf7l4-no-unsplash-300x179.webp\" alt=\"\" width=\"627\" height=\"374\" srcset=\"https:\/\/anprotec.org.br\/site\/wp-content\/uploads\/2025\/04\/louis-reed-pwckf7l4-no-unsplash-300x179.webp 300w, https:\/\/anprotec.org.br\/site\/wp-content\/uploads\/2025\/04\/louis-reed-pwckf7l4-no-unsplash-1024x613.webp 1024w, https:\/\/anprotec.org.br\/site\/wp-content\/uploads\/2025\/04\/louis-reed-pwckf7l4-no-unsplash-270x160.webp 270w, https:\/\/anprotec.org.br\/site\/wp-content\/uploads\/2025\/04\/louis-reed-pwckf7l4-no-unsplash-768x459.webp 768w, https:\/\/anprotec.org.br\/site\/wp-content\/uploads\/2025\/04\/louis-reed-pwckf7l4-no-unsplash-244x146.webp 244w, https:\/\/anprotec.org.br\/site\/wp-content\/uploads\/2025\/04\/louis-reed-pwckf7l4-no-unsplash-50x30.webp 50w, https:\/\/anprotec.org.br\/site\/wp-content\/uploads\/2025\/04\/louis-reed-pwckf7l4-no-unsplash-125x75.webp 125w, https:\/\/anprotec.org.br\/site\/wp-content\/uploads\/2025\/04\/louis-reed-pwckf7l4-no-unsplash.webp 1170w\" sizes=\"(max-width: 627px) 100vw, 627px\" \/><\/div>\n<p>&nbsp;<\/p>\n<p>Tr\u00eas institui\u00e7\u00f5es p\u00fablicas de refer\u00eancia v\u00e3o investir pelo menos R$ 200 milh\u00f5es em micro, pequenas e m\u00e9dias empresas inovadoras na \u00e1rea de sa\u00fade. A parceria foi anunciada nesta segunda-feira (7) pelo Banco Nacional de Desenvolvimento Econ\u00f4mico e Social (BNDES), a Financiadora de Estudos e Projetos (Finep) e a Funda\u00e7\u00e3o Butantan, respons\u00e1vel pela gest\u00e3o de recursos do Instituto Butantan.<img decoding=\"async\" src=\"https:\/\/agenciabrasil.ebc.com.br\/ebc.png?id=1637761&amp;o=node\" \/><img decoding=\"async\" src=\"https:\/\/agenciabrasil.ebc.com.br\/ebc.gif?id=1637761&amp;o=node\" \/><\/p>\n<p><strong>O esfor\u00e7o conjunto ser\u00e1 para a cria\u00e7\u00e3o de um Fundo de Investimento em Participa\u00e7\u00e3o (FIP) que vai mirar em\u00a0<em>startups<\/em>, empresas com potencial de inova\u00e7\u00e3o e grande uso de tecnologia.\u00a0<\/strong>A inten\u00e7\u00e3o \u00e9 o fortalecimento e adensamento tecnol\u00f3gico do ecossistema de inova\u00e7\u00e3o do Complexo Econ\u00f4mico-Industrial da Sa\u00fade no Brasil, que faz parte da\u00a0<a href=\"https:\/\/agenciabrasil.ebc.com.br\/economia\/noticia\/2024-01\/governo-anuncia-nova-politica-para-desenvolvimento-da-industria\" target=\"_blank\" rel=\"noopener\">Nova Ind\u00fastria Brasil (NIB)<\/a>,\u00a0pol\u00edtica de fomento industrial do governo federal.<\/p>\n<p>Com o investimento, as tr\u00eas institui\u00e7\u00f5es buscam fortalecer a cadeia de suprimentos do Sistema \u00danico de Sa\u00fade (SUS). Um edital de chamada p\u00fablica foi lan\u00e7ado para a sele\u00e7\u00e3o do gestor e a estrutura\u00e7\u00e3o do fundo de investimento.<\/p>\n<h2>Aportes<\/h2>\n<p>O BNDES, banco p\u00fablico de fomento ligado ao Minist\u00e9rio do Desenvolvimento, Ind\u00fastria, Com\u00e9rcio e Servi\u00e7os (MDIC), deve aportar de R$ 50 milh\u00f5es a R$ 125 milh\u00f5es no FIP. O investimento ser\u00e1 por meio da BNDES Participa\u00e7\u00f5es S.A. (BNDESPar), subsidi\u00e1ria que atua como s\u00f3cia em empresas.<\/p>\n<p>A Finep, empresa p\u00fablica ligada ao Minist\u00e9rio da Ci\u00eancia, Tecnologia, Inova\u00e7\u00f5es e Comunica\u00e7\u00f5es (MCTI), destinar\u00e1 at\u00e9 R$ 60 milh\u00f5es ao FIP.<\/p>\n<p>O Butantan \u2500\u00a0maior produtor de vacinas e soros da Am\u00e9rica Latina \u2500\u00a0\u00e9 ligado ao governo de S\u00e3o Paulo e aportar\u00e1 ao menos R$ 50 milh\u00f5es.<\/p>\n<p>O fundo poder\u00e1 contar ainda com mais investidores interessados no setor. De acordo com o BNDES, a cria\u00e7\u00e3o do FIP \u00e9 uma forma de levar recursos a micro, pequenas e m\u00e9dias empresas que, \u201ccostumeiramente, t\u00eam acesso mais restrito a capital de risco\u201d.<\/p>\n<p>Ainda de acordo como banco de fomento,\u00a0<strong>por serem geridos por gestores especializados, os FIPs podem contribuir para o crescimento sustent\u00e1vel dessas companhias por meio do fortalecimento das estruturas de governan\u00e7a corporativa e introdu\u00e7\u00e3o de melhores pr\u00e1ticas de gest\u00e3o.<\/strong><\/p>\n<h2>Parceria<\/h2>\n<p>O presidente do BNDES, Aloizio Mercadante, afirma que o investimento incentiva projetos de inova\u00e7\u00e3o, ci\u00eancia e tecnologia, \u201ctransformando o resultado de pesquisas desenvolvidas no pa\u00eds em produtos e servi\u00e7os que beneficiem a popula\u00e7\u00e3o brasileira e fortale\u00e7am o Sistema \u00danico de Sa\u00fade\u201d.<\/p>\n<p>Mercadante acrescenta que a iniciativa possibilita o desenvolvimento de medicamentos, vacinas, dispositivos para sa\u00fade e solu\u00e7\u00f5es para pessoas com defici\u00eancia.<\/p>\n<p>O diretor executivo da Funda\u00e7\u00e3o Butantan, Saulo Simoni Nacif, afirmou que a parceria demonstra que a institui\u00e7\u00e3o se firma \u201ccomo polo importante para o desenvolvimento e incentivo \u00e0 inova\u00e7\u00e3o no Brasil\u201d.<\/p>\n<p>J\u00e1 o\u00a0presidente da Finep, Celso Pansera, destaca que \u201ca\u00a0parceria com o BNDES e o Butantan fortalece ainda mais o adensamento tecnol\u00f3gico do ecossistema de inova\u00e7\u00e3o do complexo da sa\u00fade no Brasil\u201d.<\/p>\n<p>Mat\u00e9ria: <a href=\"https:\/\/agenciabrasil.ebc.com.br\/economia\/noticia\/2025-04\/bndes-butantan-e-finep-investirao-r-200-milhoes-em-startups-de-saude\">https:\/\/agenciabrasil.ebc.com.br\/economia\/noticia\/2025-04\/bndes-butantan-e-finep-investirao-r-200-milhoes-em-startups-de-saude\u00a0<\/a><\/p>\n<p>Feita por:Bruno de Freitas Moura &#8211; rep\u00f3rter da Ag\u00eancia Brasil<\/p>\n","protected":false},"excerpt":{"rendered":"<p>&nbsp; Tr\u00eas institui\u00e7\u00f5es p\u00fablicas de refer\u00eancia v\u00e3o investir pelo menos<span class=\"excerpt-hellip\"> [\u2026]<\/span><\/p>\n","protected":false},"author":8,"featured_media":49684,"comment_status":"closed","ping_status":"closed","sticky":false,"template":"","format":"standard","meta":{"footnotes":"","_links_to":"","_links_to_target":""},"categories":[3,414],"tags":[],"calendar":[],"_links":{"self":[{"href":"https:\/\/anprotec.org.br\/site\/wp-json\/wp\/v2\/posts\/49683"}],"collection":[{"href":"https:\/\/anprotec.org.br\/site\/wp-json\/wp\/v2\/posts"}],"about":[{"href":"https:\/\/anprotec.org.br\/site\/wp-json\/wp\/v2\/types\/post"}],"author":[{"embeddable":true,"href":"https:\/\/anprotec.org.br\/site\/wp-json\/wp\/v2\/users\/8"}],"replies":[{"embeddable":true,"href":"https:\/\/anprotec.org.br\/site\/wp-json\/wp\/v2\/comments?post=49683"}],"version-history":[{"count":2,"href":"https:\/\/anprotec.org.br\/site\/wp-json\/wp\/v2\/posts\/49683\/revisions"}],"predecessor-version":[{"id":49687,"href":"https:\/\/anprotec.org.br\/site\/wp-json\/wp\/v2\/posts\/49683\/revisions\/49687"}],"wp:featuredmedia":[{"embeddable":true,"href":"https:\/\/anprotec.org.br\/site\/wp-json\/wp\/v2\/media\/49684"}],"wp:attachment":[{"href":"https:\/\/anprotec.org.br\/site\/wp-json\/wp\/v2\/media?parent=49683"}],"wp:term":[{"taxonomy":"category","embeddable":true,"href":"https:\/\/anprotec.org.br\/site\/wp-json\/wp\/v2\/categories?post=49683"},{"taxonomy":"post_tag","embeddable":true,"href":"https:\/\/anprotec.org.br\/site\/wp-json\/wp\/v2\/tags?post=49683"},{"taxonomy":"calendar","embeddable":true,"href":"https:\/\/anprotec.org.br\/site\/wp-json\/wp\/v2\/calendar?post=49683"}],"curies":[{"name":"wp","href":"https:\/\/api.w.org\/{rel}","templated":true}]}}