{"id":49677,"date":"2025-04-15T14:36:59","date_gmt":"2025-04-15T17:36:59","guid":{"rendered":"https:\/\/anprotec.org.br\/site\/?p=49677"},"modified":"2025-04-15T14:36:59","modified_gmt":"2025-04-15T17:36:59","slug":"virtus-cc-e-anprotec-iniciam-programa-ha-ia-2-0","status":"publish","type":"post","link":"https:\/\/anprotec.org.br\/site\/2025\/04\/virtus-cc-e-anprotec-iniciam-programa-ha-ia-2-0\/","title":{"rendered":"VIRTUS-CC e Anprotec iniciam Programa HA.IA 2.0"},"content":{"rendered":"<div class=\"wp-block-image\"><img decoding=\"async\" loading=\"lazy\" class=\"aligncenter wp-image-49678 size-full\" src=\"https:\/\/anprotec.org.br\/site\/wp-content\/uploads\/2025\/04\/Captura-de-tela-2025-03-10-175125.png\" alt=\"\" width=\"600\" height=\"422\" srcset=\"https:\/\/anprotec.org.br\/site\/wp-content\/uploads\/2025\/04\/Captura-de-tela-2025-03-10-175125.png 600w, https:\/\/anprotec.org.br\/site\/wp-content\/uploads\/2025\/04\/Captura-de-tela-2025-03-10-175125-300x211.png 300w, https:\/\/anprotec.org.br\/site\/wp-content\/uploads\/2025\/04\/Captura-de-tela-2025-03-10-175125-208x146.png 208w, https:\/\/anprotec.org.br\/site\/wp-content\/uploads\/2025\/04\/Captura-de-tela-2025-03-10-175125-50x35.png 50w, https:\/\/anprotec.org.br\/site\/wp-content\/uploads\/2025\/04\/Captura-de-tela-2025-03-10-175125-107x75.png 107w\" sizes=\"(max-width: 600px) 100vw, 600px\" \/><\/div>\n<p>&nbsp;<\/p>\n<p><span style=\"font-weight: 400;\">A Anprotec, em parceria com o Centro de Compet\u00eancia EMBRAPII VIRTUS (VIRTUS-CC), deu in\u00edcio nesta quarta-feira, 10 de abril, \u00e0 segunda fase do Projeto HA.IA Deep Techs \u2013 Hub de Acelera\u00e7\u00e3o para Incubadoras e Aceleradoras em Plataformas de Sensoriamento Inteligente para a Ind\u00fastria.<\/span><\/p>\n<p><span style=\"font-weight: 400;\">A primeira atividade do programa foi realizada online e contou com a participa\u00e7\u00e3o da diretora de Redes e Associados da Anprotec, Ma\u00edra Nobre. <\/span><span style=\"font-weight: 400;\">Com foco na capacita\u00e7\u00e3o de profissionais de incubadoras e aceleradoras associadas, o programa busca fortalecer o apoio a startups que atuam com tecnologias como Intelig\u00eancia Artificial, Internet das Coisas, Big Data e Biossensores, ampliando o impacto das inova\u00e7\u00f5es voltadas para o setor industrial.<\/span><\/p>\n<p><span style=\"font-weight: 400;\">\u201c\u00c9 um prazer para a Anprotec estar junto ao Centro de Compet\u00eancia EMBRAPII VIRTUS nesse movimento t\u00e3o importante para o pa\u00eds. Um n\u00famero maior de empresas de base tecnol\u00f3gica transforma a economia e fortalece o desenvolvimento nacional\u201d, destacou Ma\u00edra Nobre durante a abertura oficial do Programa HA.IA.<\/span><\/p>\n<p><span style=\"font-weight: 400;\">As inscri\u00e7\u00f5es para o HA.IA 2.0 ficaram abertas at\u00e9 18 de mar\u00e7o. Para participar, os ambientes de inova\u00e7\u00e3o deveriam estar adimplentes e com cadastro atualizado no InovaLink. Ao final do processo seletivo, foram escolhidos 16 ambientes de inova\u00e7\u00e3o de nove estados brasileiros (AM, PB, RN, CE, GO, SP, MG, ES e RS), representando todas as regi\u00f5es do pa\u00eds.<\/span><\/p>\n<h5><b>Primeira atividade e estrutura do programa<\/b><\/h5>\n<p><span style=\"font-weight: 400;\">No encontro inaugural, os participantes conheceram a agenda de atividades e tiveram um momento dedicado \u00e0 integra\u00e7\u00e3o e ao networking.<\/span><\/p>\n<p><span style=\"font-weight: 400;\">O HA.IA 2.0 ter\u00e1 dura\u00e7\u00e3o de quatro meses e capacitar\u00e1 31 profissionais indicados pelas incubadoras e aceleradoras selecionadas \u2014 at\u00e9 dois representantes por institui\u00e7\u00e3o. Os participantes receber\u00e3o bolsas mensais de R$ 2.000,00 (para um indicado) ou R$ 1.000,00 por participante (no caso de duas indica\u00e7\u00f5es por ambiente). Durante todo o programa, ter\u00e3o acesso \u00e0s instala\u00e7\u00f5es e ao ecossistema do VIRTUS-CC.<\/span><\/p>\n<p><span style=\"font-weight: 400;\">Como novidade desta edi\u00e7\u00e3o, o programa passa a focar diretamente em deep techs, contando com a co-participa\u00e7\u00e3o de 48 startups no programa Aceler.AI Deep Techs. Al\u00e9m disso, haver\u00e1 maior alinhamento com os neg\u00f3cios em Plataformas de Sensoriamento Inteligente para a Ind\u00fastria (PSII), ampliando o impacto e a aplicabilidade das compet\u00eancias desenvolvidas.<\/span><\/p>\n<h5><b>Ambientes de inova\u00e7\u00e3o selecionados<\/b><\/h5>\n<ul>\n<li style=\"font-weight: 400;\" aria-level=\"1\"><span style=\"font-weight: 400;\">Incubadora 14 Bis<\/span><\/li>\n<li style=\"font-weight: 400;\" aria-level=\"1\"><span style=\"font-weight: 400;\">Nutec<\/span><\/li>\n<li style=\"font-weight: 400;\" aria-level=\"1\"><span style=\"font-weight: 400;\">Tecnoparq<\/span><\/li>\n<li style=\"font-weight: 400;\" aria-level=\"1\"><span style=\"font-weight: 400;\">Itec UCS<\/span><\/li>\n<li style=\"font-weight: 400;\" aria-level=\"1\"><span style=\"font-weight: 400;\">Parque Tecnol\u00f3gico Horizontes de Inova\u00e7\u00e3o<\/span><\/li>\n<li style=\"font-weight: 400;\" aria-level=\"1\"><span style=\"font-weight: 400;\">FabriQ Aceleradora<\/span><\/li>\n<li style=\"font-weight: 400;\" aria-level=\"1\"><span style=\"font-weight: 400;\">Unifor Hub<\/span><\/li>\n<li style=\"font-weight: 400;\" aria-level=\"1\"><span style=\"font-weight: 400;\">Criatec<\/span><\/li>\n<li style=\"font-weight: 400;\" aria-level=\"1\"><span style=\"font-weight: 400;\">IF for Business<\/span><\/li>\n<li style=\"font-weight: 400;\" aria-level=\"1\"><span style=\"font-weight: 400;\">Metr\u00f3pole Parque<\/span><\/li>\n<li style=\"font-weight: 400;\" aria-level=\"1\"><span style=\"font-weight: 400;\">Unitecne<\/span><\/li>\n<li style=\"font-weight: 400;\" aria-level=\"1\"><span style=\"font-weight: 400;\">Cietec<\/span><\/li>\n<li style=\"font-weight: 400;\" aria-level=\"1\"><span style=\"font-weight: 400;\">Supera<\/span><\/li>\n<li style=\"font-weight: 400;\" aria-level=\"1\"><span style=\"font-weight: 400;\">Incubadora do IFES<\/span><\/li>\n<li style=\"font-weight: 400;\" aria-level=\"1\"><span style=\"font-weight: 400;\">Unitec<\/span><\/li>\n<li style=\"font-weight: 400;\" aria-level=\"1\"><span style=\"font-weight: 400;\">Incubadora de Empresas do IFCE<\/span><\/li>\n<\/ul>\n<h5><b>Sobre o VIRTUS-CC<\/b><\/h5>\n<p><span style=\"font-weight: 400;\">O Centro de Compet\u00eancia EMBRAPII VIRTUS est\u00e1 localizado em Campina Grande (PB) e integra a Universidade Federal de Campina Grande (UFCG). Com mais de 300 profissionais, o n\u00facleo \u00e9 especializado em pesquisa, desenvolvimento e inova\u00e7\u00e3o voltados \u00e0 ind\u00fastria.<\/span><\/p>\n<p><span style=\"font-weight: 400;\">Focado no fortalecimento de compet\u00eancias em Plataformas de Sensoriamento Inteligente para a Ind\u00fastria, o VIRTUS-CC \u00e9 uma unidade EMBRAPII dedicada a conectar conhecimento t\u00e9cnico e demandas de mercado. A parceria com a Anprotec teve in\u00edcio em 2023, quando capacitou 146 profissionais de 49 ambientes de inova\u00e7\u00e3o, com resultados expressivos e reconhecimento do ecossistema nacional.<\/span><\/p>\n","protected":false},"excerpt":{"rendered":"<p>&nbsp; A Anprotec, em parceria com o Centro de Compet\u00eancia<span class=\"excerpt-hellip\"> [\u2026]<\/span><\/p>\n","protected":false},"author":8,"featured_media":49679,"comment_status":"closed","ping_status":"closed","sticky":false,"template":"","format":"standard","meta":{"footnotes":"","_links_to":"","_links_to_target":""},"categories":[415,395,3],"tags":[],"calendar":[],"_links":{"self":[{"href":"https:\/\/anprotec.org.br\/site\/wp-json\/wp\/v2\/posts\/49677"}],"collection":[{"href":"https:\/\/anprotec.org.br\/site\/wp-json\/wp\/v2\/posts"}],"about":[{"href":"https:\/\/anprotec.org.br\/site\/wp-json\/wp\/v2\/types\/post"}],"author":[{"embeddable":true,"href":"https:\/\/anprotec.org.br\/site\/wp-json\/wp\/v2\/users\/8"}],"replies":[{"embeddable":true,"href":"https:\/\/anprotec.org.br\/site\/wp-json\/wp\/v2\/comments?post=49677"}],"version-history":[{"count":1,"href":"https:\/\/anprotec.org.br\/site\/wp-json\/wp\/v2\/posts\/49677\/revisions"}],"predecessor-version":[{"id":49680,"href":"https:\/\/anprotec.org.br\/site\/wp-json\/wp\/v2\/posts\/49677\/revisions\/49680"}],"wp:featuredmedia":[{"embeddable":true,"href":"https:\/\/anprotec.org.br\/site\/wp-json\/wp\/v2\/media\/49679"}],"wp:attachment":[{"href":"https:\/\/anprotec.org.br\/site\/wp-json\/wp\/v2\/media?parent=49677"}],"wp:term":[{"taxonomy":"category","embeddable":true,"href":"https:\/\/anprotec.org.br\/site\/wp-json\/wp\/v2\/categories?post=49677"},{"taxonomy":"post_tag","embeddable":true,"href":"https:\/\/anprotec.org.br\/site\/wp-json\/wp\/v2\/tags?post=49677"},{"taxonomy":"calendar","embeddable":true,"href":"https:\/\/anprotec.org.br\/site\/wp-json\/wp\/v2\/calendar?post=49677"}],"curies":[{"name":"wp","href":"https:\/\/api.w.org\/{rel}","templated":true}]}}