{"id":49559,"date":"2025-04-02T16:21:47","date_gmt":"2025-04-02T19:21:47","guid":{"rendered":"https:\/\/anprotec.org.br\/site\/?p=49559"},"modified":"2025-04-02T16:45:48","modified_gmt":"2025-04-02T19:45:48","slug":"primeira-capacitacao-da-trilha-anprotec-grownt-discute-oportunidades-da-lei-de-informatica-para-os-ambientes-de-inovacao","status":"publish","type":"post","link":"https:\/\/anprotec.org.br\/site\/2025\/04\/primeira-capacitacao-da-trilha-anprotec-grownt-discute-oportunidades-da-lei-de-informatica-para-os-ambientes-de-inovacao\/","title":{"rendered":"Primeira capacita\u00e7\u00e3o da trilha Anprotec-Gr\u00f6wnt discute oportunidades da Lei de Inform\u00e1tica para os ambientes de inova\u00e7\u00e3o"},"content":{"rendered":"<p>&nbsp;<\/p>\n<div class=\"wp-block-image\"><img decoding=\"async\" loading=\"lazy\" class=\"wp-image-49560 aligncenter\" src=\"https:\/\/anprotec.org.br\/site\/wp-content\/uploads\/2025\/04\/Card-Grownt_Alternativa-Final_Prancheta-3-1-e1742416628223-1-300x300.png\" alt=\"\" width=\"608\" height=\"608\" srcset=\"https:\/\/anprotec.org.br\/site\/wp-content\/uploads\/2025\/04\/Card-Grownt_Alternativa-Final_Prancheta-3-1-e1742416628223-1-300x300.png 300w, https:\/\/anprotec.org.br\/site\/wp-content\/uploads\/2025\/04\/Card-Grownt_Alternativa-Final_Prancheta-3-1-e1742416628223-1-146x146.png 146w, https:\/\/anprotec.org.br\/site\/wp-content\/uploads\/2025\/04\/Card-Grownt_Alternativa-Final_Prancheta-3-1-e1742416628223-1-50x50.png 50w, https:\/\/anprotec.org.br\/site\/wp-content\/uploads\/2025\/04\/Card-Grownt_Alternativa-Final_Prancheta-3-1-e1742416628223-1-75x75.png 75w, https:\/\/anprotec.org.br\/site\/wp-content\/uploads\/2025\/04\/Card-Grownt_Alternativa-Final_Prancheta-3-1-e1742416628223-1-85x85.png 85w, https:\/\/anprotec.org.br\/site\/wp-content\/uploads\/2025\/04\/Card-Grownt_Alternativa-Final_Prancheta-3-1-e1742416628223-1-80x80.png 80w, https:\/\/anprotec.org.br\/site\/wp-content\/uploads\/2025\/04\/Card-Grownt_Alternativa-Final_Prancheta-3-1-e1742416628223-1.png 700w\" sizes=\"(max-width: 608px) 100vw, 608px\" \/><\/div>\n<p><span style=\"font-weight: 400;\">\u00a0<\/span><\/p>\n<p><span style=\"font-weight: 400;\">Na manh\u00e3 desta quarta-feira (2\/4), a Anprotec e a Gr\u00f6wnt deram in\u00edcio \u00e0 s\u00e9rie de capacita\u00e7\u00f5es exclusivas para associados, com o tema Lei de Inform\u00e1tica. O encontro online marcou a primeira etapa da trilha que ainda abordar\u00e1 a Lei do Bem (8\/4) e o Fomento Direto (29\/4).<\/span><\/p>\n<p><span style=\"font-weight: 400;\">A abertura contou com a participa\u00e7\u00e3o de Ma\u00edra Nobre, diretora da Anprotec, que destacou a import\u00e2ncia da parceria com a Gr\u00f6wnt e a relev\u00e2ncia do tema para os ambientes de inova\u00e7\u00e3o: \u201c\u00c9 fundamental que os nossos associados conhe\u00e7am e utilizem os mecanismos dispon\u00edveis para impulsionar seus projetos e os de suas empresas residentes. Essa trilha representa um avan\u00e7o importante nesse sentido.\u201d<\/span><\/p>\n<p><span style=\"font-weight: 400;\">O conte\u00fado da primeira capacita\u00e7\u00e3o foi conduzido por Sofia Falco, especialista em Lei de Inform\u00e1tica da Gr\u00f6wnt, com contextualiza\u00e7\u00e3o de Cristiano Vicente, head de Inova\u00e7\u00e3o da empresa. Durante o encontro, os participantes puderam conhecer os fundamentos e oportunidades pr\u00e1ticas da Lei de Inform\u00e1tica, que oferece benef\u00edcios fiscais para empresas que investem em pesquisa, desenvolvimento e inova\u00e7\u00e3o (PD&amp;I) no setor de TIC \u2014 e, cada vez mais, em cadeias produtivas ampliadas.<\/span><\/p>\n<p><span style=\"font-weight: 400;\">\u201cNosso objetivo com essa capacita\u00e7\u00e3o \u00e9 mostrar que muitas empresas eleg\u00edveis n\u00e3o est\u00e3o acessando os benef\u00edcios que a Lei de Inform\u00e1tica oferece. Isso precisa mudar, e os ambientes de inova\u00e7\u00e3o t\u00eam papel estrat\u00e9gico nessa transforma\u00e7\u00e3o\u201d, afirmou Cristiano Vicente.<\/span><\/p>\n<p><span style=\"font-weight: 400;\">Sofia Falco trouxe diversos exemplos de setores que podem ser contemplados pela legisla\u00e7\u00e3o, mesmo que n\u00e3o sejam tradicionalmente ligados \u00e0 ind\u00fastria de hardware. \u201cHoje falamos de equipamentos m\u00e9dicos, sistemas de ilumina\u00e7\u00e3o inteligente e automa\u00e7\u00e3o industrial. Muitos desses produtos possuem capacidade de armazenamento e processamento de dados, e isso os torna eleg\u00edveis\u201d, explicou. Segundo a especialista, \u00e9 poss\u00edvel at\u00e9 pensar em ampliar o entendimento da norma, tratando-a como uma \u2018Lei de Hardware Inteligente\u2019, considerando os avan\u00e7os na digitaliza\u00e7\u00e3o industrial.<\/span><\/p>\n<p><span style=\"font-weight: 400;\">Al\u00e9m disso, foi destacado durante a apresenta\u00e7\u00e3o a possibilidade de incubadoras e hubs de inova\u00e7\u00e3o se credenciarem junto ao CATI (Comit\u00ea da \u00c1rea de Tecnologia da Informa\u00e7\u00e3o), tornando-se aptos a atuar diretamente com projetos incentivados pela Lei de Inform\u00e1tica. Essa possibilidade amplia o protagonismo dos ambientes de inova\u00e7\u00e3o na articula\u00e7\u00e3o de projetos, no apoio \u00e0s empresas residentes e na atra\u00e7\u00e3o de novos parceiros estrat\u00e9gicos.<\/span><\/p>\n<p><span style=\"font-weight: 400;\">Outro ponto relevante foi a \u00eanfase nas oportunidades para empresas vinculadas aos ambientes de inova\u00e7\u00e3o atuarem como prestadores de servi\u00e7os em projetos de PD&amp;I. Startups, incubadoras e hubs de inova\u00e7\u00e3o podem desenvolver projetos sob demanda para empresas benefici\u00e1rias da Lei de Inform\u00e1tica, contribuindo com componentes, subsistemas, testes de produto, testes de servi\u00e7o e t\u00e9cnicas de simula\u00e7\u00e3o. Essa atua\u00e7\u00e3o pode integrar o portf\u00f3lio de investimentos da empresa habilitada e ampliar a inser\u00e7\u00e3o dos ambientes de inova\u00e7\u00e3o nas cadeias de valor industrial.<\/span><\/p>\n<p><span style=\"font-weight: 400;\">A Lei de Inform\u00e1tica, nesse contexto, deixa de ser um benef\u00edcio exclusivo da ind\u00fastria eletr\u00f4nica tradicional e passa a ser uma ferramenta estrat\u00e9gica de pol\u00edtica industrial, com potencial para impactar positivamente todo o ecossistema.<\/span><\/p>\n<p><b>Pr\u00f3ximos encontros da trilha de capacita\u00e7\u00e3o Anprotec-Grownt:<\/b><\/p>\n<ul>\n<li><b>08\/04 \u2013 Lei do Bem<\/b><span style=\"font-weight: 400;\">, com Cristiano Vicente e Andr\u00e9 Ara\u00fajo<\/span><\/li>\n<li><b>29\/04 \u2013 Fomento Direto<\/b><span style=\"font-weight: 400;\">, com Cristiano Vicente e Ivana B\u00e9ber<\/span><\/li>\n<\/ul>\n<p><span style=\"font-weight: 400;\">As capacita\u00e7\u00f5es s\u00e3o exclusivas para associados adimplentes da Anprotec. Inscri\u00e7\u00f5es e mais informa\u00e7\u00f5es ser\u00e3o disponibilizadas no site e nas redes da Anprotec.<\/span><\/p>\n<p>&nbsp;<\/p>\n","protected":false},"excerpt":{"rendered":"<p>&nbsp; \u00a0 Na manh\u00e3 desta quarta-feira (2\/4), a Anprotec e<span class=\"excerpt-hellip\"> [\u2026]<\/span><\/p>\n","protected":false},"author":8,"featured_media":49561,"comment_status":"closed","ping_status":"closed","sticky":false,"template":"","format":"standard","meta":{"footnotes":"","_links_to":"","_links_to_target":""},"categories":[416,395,3,383],"tags":[],"calendar":[],"_links":{"self":[{"href":"https:\/\/anprotec.org.br\/site\/wp-json\/wp\/v2\/posts\/49559"}],"collection":[{"href":"https:\/\/anprotec.org.br\/site\/wp-json\/wp\/v2\/posts"}],"about":[{"href":"https:\/\/anprotec.org.br\/site\/wp-json\/wp\/v2\/types\/post"}],"author":[{"embeddable":true,"href":"https:\/\/anprotec.org.br\/site\/wp-json\/wp\/v2\/users\/8"}],"replies":[{"embeddable":true,"href":"https:\/\/anprotec.org.br\/site\/wp-json\/wp\/v2\/comments?post=49559"}],"version-history":[{"count":2,"href":"https:\/\/anprotec.org.br\/site\/wp-json\/wp\/v2\/posts\/49559\/revisions"}],"predecessor-version":[{"id":49564,"href":"https:\/\/anprotec.org.br\/site\/wp-json\/wp\/v2\/posts\/49559\/revisions\/49564"}],"wp:featuredmedia":[{"embeddable":true,"href":"https:\/\/anprotec.org.br\/site\/wp-json\/wp\/v2\/media\/49561"}],"wp:attachment":[{"href":"https:\/\/anprotec.org.br\/site\/wp-json\/wp\/v2\/media?parent=49559"}],"wp:term":[{"taxonomy":"category","embeddable":true,"href":"https:\/\/anprotec.org.br\/site\/wp-json\/wp\/v2\/categories?post=49559"},{"taxonomy":"post_tag","embeddable":true,"href":"https:\/\/anprotec.org.br\/site\/wp-json\/wp\/v2\/tags?post=49559"},{"taxonomy":"calendar","embeddable":true,"href":"https:\/\/anprotec.org.br\/site\/wp-json\/wp\/v2\/calendar?post=49559"}],"curies":[{"name":"wp","href":"https:\/\/api.w.org\/{rel}","templated":true}]}}