{"id":49550,"date":"2025-04-02T15:03:23","date_gmt":"2025-04-02T18:03:23","guid":{"rendered":"https:\/\/anprotec.org.br\/site\/?p=49550"},"modified":"2025-04-02T15:04:12","modified_gmt":"2025-04-02T18:04:12","slug":"sebrae-lanca-edicao-2025-de-iniciativa-que-premia-startups-lideradas-por-mulheres-em-paises-do-brics","status":"publish","type":"post","link":"https:\/\/anprotec.org.br\/site\/2025\/04\/sebrae-lanca-edicao-2025-de-iniciativa-que-premia-startups-lideradas-por-mulheres-em-paises-do-brics\/","title":{"rendered":"Sebrae lan\u00e7a edi\u00e7\u00e3o 2025 de iniciativa que premia startups lideradas por mulheres em pa\u00edses do BRICS"},"content":{"rendered":"<div class=\"wp-block-image\"><img decoding=\"async\" loading=\"lazy\" class=\"wp-image-49552 aligncenter\" src=\"https:\/\/anprotec.org.br\/site\/wp-content\/uploads\/2025\/04\/@vitolivr_-Startup-Day-008_p29109_cover_image_resized-300x181.webp\" alt=\"\" width=\"630\" height=\"380\" srcset=\"https:\/\/anprotec.org.br\/site\/wp-content\/uploads\/2025\/04\/@vitolivr_-Startup-Day-008_p29109_cover_image_resized-300x181.webp 300w, https:\/\/anprotec.org.br\/site\/wp-content\/uploads\/2025\/04\/@vitolivr_-Startup-Day-008_p29109_cover_image_resized-768x464.webp 768w, https:\/\/anprotec.org.br\/site\/wp-content\/uploads\/2025\/04\/@vitolivr_-Startup-Day-008_p29109_cover_image_resized-242x146.webp 242w, https:\/\/anprotec.org.br\/site\/wp-content\/uploads\/2025\/04\/@vitolivr_-Startup-Day-008_p29109_cover_image_resized-50x30.webp 50w, https:\/\/anprotec.org.br\/site\/wp-content\/uploads\/2025\/04\/@vitolivr_-Startup-Day-008_p29109_cover_image_resized-124x75.webp 124w, https:\/\/anprotec.org.br\/site\/wp-content\/uploads\/2025\/04\/@vitolivr_-Startup-Day-008_p29109_cover_image_resized.webp 814w\" sizes=\"(max-width: 630px) 100vw, 630px\" \/><\/div>\n<p><em class=\"sub-title\">\u00a0<\/em><\/p>\n<p><em class=\"sub-title\">11\u00aa edi\u00e7\u00e3o acontece no dia 22 de mar\u00e7o em 238 munic\u00edpios brasileiros. Inscri\u00e7\u00f5es est\u00e3o abertas e s\u00e3o gratuitas<\/em><\/p>\n<div class=\"author\">Por\u00a0<strong>Cibele Maciel<\/strong><\/div>\n<div class=\"text-content\">\n<p>A contagem regressiva para o maior evento colaborativo do ecossistema de startups do pa\u00eds j\u00e1 come\u00e7ou. No pr\u00f3ximo dia 22 de mar\u00e7o acontece a 11\u00aa edi\u00e7\u00e3o do Startup Day. As inscri\u00e7\u00f5es est\u00e3o abertas e podem ser feitas gratuitamente pela\u00a0<a href=\"https:\/\/www.sympla.com.br\/produtor\/startupday\" target=\"_blank\" rel=\"noopener\">plataforma Sympla<\/a>. Neste ano, o evento vai alcan\u00e7ar simultaneamente mais localidades.\u00a0<mark class=\"mark-highlight animated\">O n\u00famero de munic\u00edpios participantes passou de 184 para 238 (at\u00e9 o momento)<\/mark>. A expectativa \u00e9 atrair 30 mil pessoas interessadas em se conectar e adquirir conhecimento por meio de palestras, workshops e mentorias.<\/p>\n<p>O Sebrae \u00e9 correalizador do Startup Day junto com parceiros do ecossistema de inova\u00e7\u00e3o do pa\u00eds. Desde 2016, de forma pioneira, o evento nasceu para atender \u00e0s demandas das startups. De acordo com a head de Startups do Sebrae, Cristina Mieko, a meta \u00e9 alcan\u00e7ar cada vez mais cidades ano ap\u00f3s ano.<\/p>\n<blockquote><p><strong>&#8220;Esse crescimento refor\u00e7a o compromisso com o fomento ao empreendedorismo, conectando startups, investidores e especialistas para gerar oportunidades de neg\u00f3cios e troca de<span class=\"quote-end\"> conhecimento.&#8221;<\/span><\/strong><\/p>\n<p>&#8211; Cristina Mieko, head de Startups do Sebrae.<\/p><\/blockquote>\n<p>O Startup Day 2025 segue tr\u00eas pilares principais: fortalecer a comunidade de empreendedores, incentivando a expans\u00e3o de relacionamentos; ampliar o networking entre startups, criando conex\u00f5es estrat\u00e9gicas com investidores e potenciais parceiros e promover o empreendedorismo e a inova\u00e7\u00e3o, estimulando a cria\u00e7\u00e3o de novas ideias e neg\u00f3cios.<\/p>\n<p>No ano passado,\u00a0<mark class=\"mark-highlight animated\">o evento obteve um NPS (Net Promoter Score) de 85, considerado zona de excel\u00eancia (entre 75 e 90 pontos)<\/mark>. \u201cEssa pontua\u00e7\u00e3o indica alta satisfa\u00e7\u00e3o e fideliza\u00e7\u00e3o do p\u00fablico, fortalecendo a reputa\u00e7\u00e3o do Startup Day como um evento de refer\u00eancia e o Sebrae como um importante catalisador do ecossistema\u201d, comemora a head de Startups do Sebrae.<\/p>\n<\/div>\n<div class=\"wp-block-image\"><img decoding=\"async\" loading=\"lazy\" class=\"wp-image-49551 aligncenter\" src=\"https:\/\/anprotec.org.br\/site\/wp-content\/uploads\/2025\/04\/startup-day-2025-300x129.png\" alt=\"\" width=\"570\" height=\"245\" srcset=\"https:\/\/anprotec.org.br\/site\/wp-content\/uploads\/2025\/04\/startup-day-2025-300x129.png 300w, https:\/\/anprotec.org.br\/site\/wp-content\/uploads\/2025\/04\/startup-day-2025-260x111.png 260w, https:\/\/anprotec.org.br\/site\/wp-content\/uploads\/2025\/04\/startup-day-2025-50x21.png 50w, https:\/\/anprotec.org.br\/site\/wp-content\/uploads\/2025\/04\/startup-day-2025-150x64.png 150w, https:\/\/anprotec.org.br\/site\/wp-content\/uploads\/2025\/04\/startup-day-2025.png 600w\" sizes=\"(max-width: 570px) 100vw, 570px\" \/><\/div>\n<div class=\"wp-block-image\">\n<div class=\"wp-block-image\">\n<p><strong>Dia inteiro de atividades<\/strong><\/p>\n<p>O Startup Day \u00e9 voltado tanto para quem j\u00e1 tem uma startup, tem interesse em come\u00e7ar um neg\u00f3cio inovador ou quer se envolver no universo dos startupeiros. Cada localidade tem uma programa\u00e7\u00e3o espec\u00edfica com participa\u00e7\u00e3o de atores relevantes do ecossistema de startups, incluindo empreendedores de sucesso, investidores, heads de startups e CEOs, al\u00e9m de influenciadores digitais.<\/p>\n<p>De acordo com Mieko,\u00a0<mark class=\"mark-highlight animated\">os especialistas escolhidos contribuem de diversas formas para o engajamento do p\u00fablico participante<\/mark>, seja compartilhando conhecimento e experi\u00eancias por meio de palestras e mentorias volunt\u00e1rias (give back), seja inspirando e orientando startups em diferentes est\u00e1gios de desenvolvimento. \u201cEles tamb\u00e9m ampliam a diversidade do p\u00fablico, trazendo diferentes perspectivas para o evento\u201d, concluiu.<\/p>\n<p>Mat\u00e9ria de: https:\/\/agenciasebrae.com.br\/inovacao-e-tecnologia\/startup-day-2025-movimenta-ecossistema-de-empreendedorismo-inovador-por-todo-o-pais\/<\/p>\n<p>Imagens de: https:\/\/agenciasebrae.com.br\/inovacao-e-tecnologia\/startup-day-2025-movimenta-ecossistema-de-empreendedorismo-inovador-por-todo-o-pais\/<\/p>\n<\/div>\n<\/div>\n","protected":false},"excerpt":{"rendered":"<p>\u00a0 11\u00aa edi\u00e7\u00e3o acontece no dia 22 de mar\u00e7o em<span class=\"excerpt-hellip\"> [\u2026]<\/span><\/p>\n","protected":false},"author":8,"featured_media":49552,"comment_status":"closed","ping_status":"closed","sticky":false,"template":"","format":"standard","meta":{"footnotes":"","_links_to":"","_links_to_target":""},"categories":[3,414],"tags":[],"calendar":[],"_links":{"self":[{"href":"https:\/\/anprotec.org.br\/site\/wp-json\/wp\/v2\/posts\/49550"}],"collection":[{"href":"https:\/\/anprotec.org.br\/site\/wp-json\/wp\/v2\/posts"}],"about":[{"href":"https:\/\/anprotec.org.br\/site\/wp-json\/wp\/v2\/types\/post"}],"author":[{"embeddable":true,"href":"https:\/\/anprotec.org.br\/site\/wp-json\/wp\/v2\/users\/8"}],"replies":[{"embeddable":true,"href":"https:\/\/anprotec.org.br\/site\/wp-json\/wp\/v2\/comments?post=49550"}],"version-history":[{"count":2,"href":"https:\/\/anprotec.org.br\/site\/wp-json\/wp\/v2\/posts\/49550\/revisions"}],"predecessor-version":[{"id":49555,"href":"https:\/\/anprotec.org.br\/site\/wp-json\/wp\/v2\/posts\/49550\/revisions\/49555"}],"wp:featuredmedia":[{"embeddable":true,"href":"https:\/\/anprotec.org.br\/site\/wp-json\/wp\/v2\/media\/49552"}],"wp:attachment":[{"href":"https:\/\/anprotec.org.br\/site\/wp-json\/wp\/v2\/media?parent=49550"}],"wp:term":[{"taxonomy":"category","embeddable":true,"href":"https:\/\/anprotec.org.br\/site\/wp-json\/wp\/v2\/categories?post=49550"},{"taxonomy":"post_tag","embeddable":true,"href":"https:\/\/anprotec.org.br\/site\/wp-json\/wp\/v2\/tags?post=49550"},{"taxonomy":"calendar","embeddable":true,"href":"https:\/\/anprotec.org.br\/site\/wp-json\/wp\/v2\/calendar?post=49550"}],"curies":[{"name":"wp","href":"https:\/\/api.w.org\/{rel}","templated":true}]}}