{"id":49405,"date":"2025-03-14T12:13:59","date_gmt":"2025-03-14T15:13:59","guid":{"rendered":"https:\/\/anprotec.org.br\/site\/?p=49405"},"modified":"2025-03-14T12:17:18","modified_gmt":"2025-03-14T15:17:18","slug":"incubadora-de-empresas-de-base-tecnologica-da-unicamp-incamp-abre-edital-de-2025-para-selecao-de-startups-e-empreendedores","status":"publish","type":"post","link":"https:\/\/anprotec.org.br\/site\/2025\/03\/incubadora-de-empresas-de-base-tecnologica-da-unicamp-incamp-abre-edital-de-2025-para-selecao-de-startups-e-empreendedores\/","title":{"rendered":"Incubadora de Empresas de Base Tecnol\u00f3gica da Unicamp (Incamp) abre edital de 2025 para sele\u00e7\u00e3o de startups e empreendedores"},"content":{"rendered":"<div><img decoding=\"async\" loading=\"lazy\" class=\"wp-image-49406 aligncenter\" src=\"https:\/\/anprotec.org.br\/site\/wp-content\/uploads\/2025\/03\/Incamp-Pedro-Amatuzzi-Inova-Unicamp-1024x478-1-300x140.jpg\" alt=\"\" width=\"639\" height=\"298\" srcset=\"https:\/\/anprotec.org.br\/site\/wp-content\/uploads\/2025\/03\/Incamp-Pedro-Amatuzzi-Inova-Unicamp-1024x478-1-300x140.jpg 300w, https:\/\/anprotec.org.br\/site\/wp-content\/uploads\/2025\/03\/Incamp-Pedro-Amatuzzi-Inova-Unicamp-1024x478-1-768x359.jpg 768w, https:\/\/anprotec.org.br\/site\/wp-content\/uploads\/2025\/03\/Incamp-Pedro-Amatuzzi-Inova-Unicamp-1024x478-1-260x121.jpg 260w, https:\/\/anprotec.org.br\/site\/wp-content\/uploads\/2025\/03\/Incamp-Pedro-Amatuzzi-Inova-Unicamp-1024x478-1-50x23.jpg 50w, https:\/\/anprotec.org.br\/site\/wp-content\/uploads\/2025\/03\/Incamp-Pedro-Amatuzzi-Inova-Unicamp-1024x478-1-150x70.jpg 150w, https:\/\/anprotec.org.br\/site\/wp-content\/uploads\/2025\/03\/Incamp-Pedro-Amatuzzi-Inova-Unicamp-1024x478-1.jpg 1024w\" sizes=\"(max-width: 639px) 100vw, 639px\" \/><\/div>\n<div><\/div>\n<p>&nbsp;<\/p>\n<p><em>O edital da Incamp j\u00e1 est\u00e1 aberto com op\u00e7\u00f5es de resid\u00eancia e n\u00e3o-resid\u00eancia das empresas dentro do Parque Cient\u00edfico e Tecnol\u00f3gico da Unicamp<\/em><\/p>\n<p><b>Texto:<\/b>\u00a0Reda\u00e7\u00e3o Inova Unicamp |<b>\u00a0Foto:<\/b>\u00a0K\u00e1tia Kishi \u2013 Inova Unicamp<\/p>\n<p>A Incubadora de Empresas de Base Tecnol\u00f3gica da Unicamp (Incamp) acaba de lan\u00e7ar seu edital de 2025 para receber propostas de empreendedores e startups de todo pa\u00eds que desejam se capacitar nos seus\u00a0<b>programas de pr\u00e9-incuba\u00e7\u00e3o e incuba\u00e7\u00e3o.\u00a0<\/b>\u00a0A defini\u00e7\u00e3o para qual programa cada projeto se encaixa \u00e9 feita pela banca avaliadora, segundo a maturidade de cada proposta e equipe ou empreendedor.<\/p>\n<p>Al\u00e9m de definir suas\u00a0<b>propostas de servi\u00e7o, produto ou processo inovador<\/b>\u00a0que precise de capacita\u00e7\u00e3o e apoio da Incubadora, os candidatos devem definir tamb\u00e9m se desejam ou n\u00e3o estar presencialmente instalados em um\u00a0<b>laborat\u00f3rio, escrit\u00f3rio ou posi\u00e7\u00e3o de co-working\u00a0<\/b>dentro dos\u00a0<a href=\"https:\/\/parque.inova.unicamp.br\/salas\/\"><b>espa\u00e7os dispon\u00edveis<\/b><\/a>\u00a0nos pr\u00e9dios do\u00a0<b>Parque Cient\u00edfico e Tecnol\u00f3gico da Unicamp<\/b>, localizado no campus de Campinas.<\/p>\n<p>O edital est\u00e1 aberto a todas startups e pessoas interessadas em empreender em\u00a0<b>projetos de base tecnol\u00f3gica de todas as \u00e1reas do conhecimento<\/b>, sem necessidade de ter tido v\u00ednculo com a Unicamp.<\/p>\n<p>Os empreendedores ou startups aprovados ser\u00e3o capacitados em diferentes \u00e1reas de forma\u00e7\u00e3o da empresa, como marketing e gest\u00e3o, pela equipe da\u00a0<a href=\"https:\/\/www.inova.unicamp.br\/?utm_source=wordpress&amp;utm_medium=noticias&amp;utm_campaign=site-parque-unicamp\">Ag\u00eancia de Inova\u00e7\u00e3o Inova Unicamp<\/a>\u00a0que gerencia o Parque Cient\u00edfico e Tecnol\u00f3gico da Unicamp, e por parceiros da Incamp. Para a banca de avalia\u00e7\u00e3o do 12\/05, 13\/05, 14\/05, 15\/05 e 16\/05\u00a0(presencial), o edital receber\u00e1 propostas\u00a0<strong>at\u00e9 o dia\u00a022 de abril de 2025, \u00e0s 23h59min<\/strong><b>.\u00a0<a href=\"https:\/\/docs.google.com\/forms\/d\/e\/1FAIpQLScUrRBD8JKcJWofKuRUJGdy6Chb2GDcIFZu0Oyxqrqubqhg9Q\/viewform\">Inscreva-se aqui!<\/a><\/b><\/p>\n<p>A taxa de inscri\u00e7\u00e3o para submeter cada proposta \u00e9 de R$ 350,00 sendo que\u00a0<b>projetos finalistas das competi\u00e7\u00f5es de modelagem de neg\u00f3cios da Inova Unicamp<\/b>\u00a0(Desafio Unicamp e Inova Jovem) e ex-alunos da disciplina de empreendedorismo da Inova (com c\u00f3digos AM037 ou TP386)\u00a0<b>poder\u00e3o solicitar isen\u00e7\u00e3o do pagamento da taxa de inscri\u00e7\u00e3o<\/b>, desde que apresentem documento comprobat\u00f3rio da participa\u00e7\u00e3o na etapa final da competi\u00e7\u00e3o e da conclus\u00e3o da disciplina.<\/p>\n<p>Para saber mais sobre o edital e como submeter suas propostas e valores,\u00a0<a href=\"https:\/\/parque.inova.unicamp.br\/traga-sua-empresa\/incubadas\/#edital\"><b>acesse a p\u00e1gina da Incamp no site do Parque.<\/b><\/a><\/p>\n<p><strong>PRAZOS DE 2025 E MATERIAL DE APOIO:<\/strong><\/p>\n<ul>\n<li><strong>Webinar Tira d\u00favidas sobre o edital:<\/strong><a href=\"https:\/\/youtu.be\/mjMateE_QkU?feature=shared\" target=\"_blank\" rel=\"noopener\">\u00a0Grava\u00e7\u00e3o do Webinar de 2024 dispon\u00edvel no YouTube! O Webinar de 2025 ser\u00e1 realizado no dia 27\/03\/2025.<\/a><\/li>\n<li><strong>Prazo para submiss\u00e3o de propostas:<\/strong>\u00a022 de abril de 2025, \u00e0s 23h59min<\/li>\n<li><strong>Banca de avalia\u00e7\u00e3o:<\/strong>\u00a012\/05\/2025, 13\/05\/2025, 14\/05\/2025, 15\/05\/2025 e 16\/05\/2025 (presencial)<\/li>\n<li><strong><a href=\"https:\/\/docs.google.com\/forms\/d\/e\/1FAIpQLScUrRBD8JKcJWofKuRUJGdy6Chb2GDcIFZu0Oyxqrqubqhg9Q\/viewform\">Link para inscri\u00e7\u00e3o e submiss\u00e3o da proposta AQUI!<\/a><\/strong><\/li>\n<\/ul>\n<div>\n<p>Texto: <a href=\"https:\/\/parque.inova.unicamp.br\/incubadora-de-empresas-de-base-tecnologica-da-unicamp-incamp-abre-edital-de-2025-para-selecao-de-startups-e-empreendedores\/?utm_campaign=site-inova-unicamp&amp;utm_medium=noticias&amp;utm_source=wordpress\">https:\/\/parque.inova.unicamp.br\/incubadora-de-empresas-de-base-tecnologica-da-unicamp-incamp-abre-edital-de-2025-para-selecao-de-startups-e-empreendedores\/?utm_campaign=site-inova-unicamp&amp;utm_medium=noticias&amp;utm_source=wordpress<\/a><\/p>\n<p>Imagem:\u00a0<a href=\"https:\/\/parque.inova.unicamp.br\/incubadora-de-empresas-de-base-tecnologica-da-unicamp-incamp-abre-edital-de-2025-para-selecao-de-startups-e-empreendedores\/?utm_campaign=site-inova-unicamp&amp;utm_medium=noticias&amp;utm_source=wordpress\">https:\/\/parque.inova.unicamp.br\/incubadora-de-empresas-de-base-tecnologica-da-unicamp-incamp-abre-edital-de-2025-para-selecao-de-startups-e-empreendedores\/?utm_campaign=site-inova-unicamp&amp;utm_medium=noticias&amp;utm_source=wordpress<\/a><\/p>\n<\/div>\n","protected":false},"excerpt":{"rendered":"<p>&nbsp; O edital da Incamp j\u00e1 est\u00e1 aberto com op\u00e7\u00f5es<span class=\"excerpt-hellip\"> [\u2026]<\/span><\/p>\n","protected":false},"author":8,"featured_media":49407,"comment_status":"closed","ping_status":"closed","sticky":false,"template":"","format":"standard","meta":{"footnotes":"","_links_to":"","_links_to_target":""},"categories":[415,3,383],"tags":[],"calendar":[],"_links":{"self":[{"href":"https:\/\/anprotec.org.br\/site\/wp-json\/wp\/v2\/posts\/49405"}],"collection":[{"href":"https:\/\/anprotec.org.br\/site\/wp-json\/wp\/v2\/posts"}],"about":[{"href":"https:\/\/anprotec.org.br\/site\/wp-json\/wp\/v2\/types\/post"}],"author":[{"embeddable":true,"href":"https:\/\/anprotec.org.br\/site\/wp-json\/wp\/v2\/users\/8"}],"replies":[{"embeddable":true,"href":"https:\/\/anprotec.org.br\/site\/wp-json\/wp\/v2\/comments?post=49405"}],"version-history":[{"count":3,"href":"https:\/\/anprotec.org.br\/site\/wp-json\/wp\/v2\/posts\/49405\/revisions"}],"predecessor-version":[{"id":49417,"href":"https:\/\/anprotec.org.br\/site\/wp-json\/wp\/v2\/posts\/49405\/revisions\/49417"}],"wp:featuredmedia":[{"embeddable":true,"href":"https:\/\/anprotec.org.br\/site\/wp-json\/wp\/v2\/media\/49407"}],"wp:attachment":[{"href":"https:\/\/anprotec.org.br\/site\/wp-json\/wp\/v2\/media?parent=49405"}],"wp:term":[{"taxonomy":"category","embeddable":true,"href":"https:\/\/anprotec.org.br\/site\/wp-json\/wp\/v2\/categories?post=49405"},{"taxonomy":"post_tag","embeddable":true,"href":"https:\/\/anprotec.org.br\/site\/wp-json\/wp\/v2\/tags?post=49405"},{"taxonomy":"calendar","embeddable":true,"href":"https:\/\/anprotec.org.br\/site\/wp-json\/wp\/v2\/calendar?post=49405"}],"curies":[{"name":"wp","href":"https:\/\/api.w.org\/{rel}","templated":true}]}}