{"id":49391,"date":"2025-03-11T16:50:26","date_gmt":"2025-03-11T19:50:26","guid":{"rendered":"https:\/\/anprotec.org.br\/site\/?p=49391"},"modified":"2025-03-11T16:50:26","modified_gmt":"2025-03-11T19:50:26","slug":"estao-abertas-as-inscricoes-para-o-processo-seletivo-da-incubadora-da-coppe","status":"publish","type":"post","link":"https:\/\/anprotec.org.br\/site\/2025\/03\/estao-abertas-as-inscricoes-para-o-processo-seletivo-da-incubadora-da-coppe\/","title":{"rendered":"Est\u00e3o abertas as inscri\u00e7\u00f5es para o Processo Seletivo da Incubadora da COPPE"},"content":{"rendered":"<div class=\"wp-block-image\"><img decoding=\"async\" loading=\"lazy\" class=\"wp-image-49392 aligncenter\" src=\"https:\/\/anprotec.org.br\/site\/wp-content\/uploads\/2025\/03\/Processo-Seletivo-Incubadora-1-240x300.jpeg\" alt=\"\" width=\"405\" height=\"506\" srcset=\"https:\/\/anprotec.org.br\/site\/wp-content\/uploads\/2025\/03\/Processo-Seletivo-Incubadora-1-240x300.jpeg 240w, https:\/\/anprotec.org.br\/site\/wp-content\/uploads\/2025\/03\/Processo-Seletivo-Incubadora-1-819x1024.jpeg 819w, https:\/\/anprotec.org.br\/site\/wp-content\/uploads\/2025\/03\/Processo-Seletivo-Incubadora-1-768x960.jpeg 768w, https:\/\/anprotec.org.br\/site\/wp-content\/uploads\/2025\/03\/Processo-Seletivo-Incubadora-1-1229x1536.jpeg 1229w, https:\/\/anprotec.org.br\/site\/wp-content\/uploads\/2025\/03\/Processo-Seletivo-Incubadora-1-117x146.jpeg 117w, https:\/\/anprotec.org.br\/site\/wp-content\/uploads\/2025\/03\/Processo-Seletivo-Incubadora-1-40x50.jpeg 40w, https:\/\/anprotec.org.br\/site\/wp-content\/uploads\/2025\/03\/Processo-Seletivo-Incubadora-1-60x75.jpeg 60w, https:\/\/anprotec.org.br\/site\/wp-content\/uploads\/2025\/03\/Processo-Seletivo-Incubadora-1.jpeg 1280w\" sizes=\"(max-width: 405px) 100vw, 405px\" \/><\/div>\n<div><\/div>\n<div>\n<p><span style=\"font-weight: 400;\">Temos o prazer de comunicar que o processo de sele\u00e7\u00e3o de startups de base tecnol\u00f3gica do programa de incuba\u00e7\u00e3o da Coppe\/UFRJ est\u00e1 aberto!<\/span><\/p>\n<p><span style=\"font-weight: 400;\">O programa est\u00e1 ancorado em um m\u00e9todo de empreendedorismo sistem\u00e1tico, al\u00e9m de conex\u00f5es com grandes empresas, proximidade com know-how cient\u00edfico e tecnol\u00f3gico da UFRJ e oportunidades de internacionaliza\u00e7\u00e3o.<\/span><\/p>\n<p><span style=\"font-weight: 400;\">As startups selecionadas poder\u00e3o ter o apoio das empresas Firjan, Finep, IMB, Visagio, TCS, Microsoft, Lemobs, Nvidia, EloGroup e ESSS durante o seu desenvolvimento. O contato com a expertise e a vis\u00e3o de neg\u00f3cios desses parceiros potencializa a cria\u00e7\u00e3o das startups com foco em oportunidades reais de mercado.<\/span><\/p>\n<p><span style=\"font-weight: 400;\">Para quem tem uma proposta de startup (ou uma startup em est\u00e1gio inicial), essa \u00e9 a oportunidade para desenvolv\u00ea-la com o apoio de um centro de excel\u00eancia em empreendedorismo de base tecnol\u00f3gica.<\/span><\/p>\n<p><span style=\"font-weight: 400;\">O processo consiste em 3 etapas:<\/span><\/p>\n<p><span style=\"font-weight: 400;\">1\u00aa &#8211; Inscri\u00e7\u00e3o<\/span><\/p>\n<p><span style=\"font-weight: 400;\">2\u00aa &#8211; Entrevista Individual<\/span><\/p>\n<p><span style=\"font-weight: 400;\">3\u00aa &#8211; Apresenta\u00e7\u00e3o para o conselho<\/span><\/p>\n<p><span style=\"font-weight: 400;\">As inscri\u00e7\u00f5es v\u00e3o at\u00e9 o dia 18\/05.<\/span><\/p>\n<p><span style=\"font-weight: 400;\">O edital se encontra em anexo.\u00a0<\/span><\/p>\n<p><span style=\"font-weight: 400;\">Link para o formul\u00e1rio de inscri\u00e7\u00e3o: <a href=\"https:\/\/docs.google.com\/forms\/d\/e\/1FAIpQLSfMbhxupj7IphqAyy6XlNfkjt9NGCjsdilY_SZce-l0gSMOJA\/viewform\">Formul\u00e1rio de Inscri\u00e7\u00e3o no Processo de Sele\u00e7\u00e3o da Incubadora COPPE \/ UFRJ <\/a><\/span><\/p>\n<p><span style=\"font-weight: 400;\">Para mais informa\u00e7\u00f5es, acesse a p\u00e1gina da Incubadora de Empresas da Coppe.<\/span><\/p>\n<\/div>\n","protected":false},"excerpt":{"rendered":"<p>Temos o prazer de comunicar que o processo de sele\u00e7\u00e3o<span class=\"excerpt-hellip\"> [\u2026]<\/span><\/p>\n","protected":false},"author":8,"featured_media":49394,"comment_status":"closed","ping_status":"closed","sticky":false,"template":"","format":"standard","meta":{"footnotes":"","_links_to":"","_links_to_target":""},"categories":[415,3,383],"tags":[],"calendar":[],"_links":{"self":[{"href":"https:\/\/anprotec.org.br\/site\/wp-json\/wp\/v2\/posts\/49391"}],"collection":[{"href":"https:\/\/anprotec.org.br\/site\/wp-json\/wp\/v2\/posts"}],"about":[{"href":"https:\/\/anprotec.org.br\/site\/wp-json\/wp\/v2\/types\/post"}],"author":[{"embeddable":true,"href":"https:\/\/anprotec.org.br\/site\/wp-json\/wp\/v2\/users\/8"}],"replies":[{"embeddable":true,"href":"https:\/\/anprotec.org.br\/site\/wp-json\/wp\/v2\/comments?post=49391"}],"version-history":[{"count":2,"href":"https:\/\/anprotec.org.br\/site\/wp-json\/wp\/v2\/posts\/49391\/revisions"}],"predecessor-version":[{"id":49396,"href":"https:\/\/anprotec.org.br\/site\/wp-json\/wp\/v2\/posts\/49391\/revisions\/49396"}],"wp:featuredmedia":[{"embeddable":true,"href":"https:\/\/anprotec.org.br\/site\/wp-json\/wp\/v2\/media\/49394"}],"wp:attachment":[{"href":"https:\/\/anprotec.org.br\/site\/wp-json\/wp\/v2\/media?parent=49391"}],"wp:term":[{"taxonomy":"category","embeddable":true,"href":"https:\/\/anprotec.org.br\/site\/wp-json\/wp\/v2\/categories?post=49391"},{"taxonomy":"post_tag","embeddable":true,"href":"https:\/\/anprotec.org.br\/site\/wp-json\/wp\/v2\/tags?post=49391"},{"taxonomy":"calendar","embeddable":true,"href":"https:\/\/anprotec.org.br\/site\/wp-json\/wp\/v2\/calendar?post=49391"}],"curies":[{"name":"wp","href":"https:\/\/api.w.org\/{rel}","templated":true}]}}