{"id":49379,"date":"2025-03-11T13:42:30","date_gmt":"2025-03-11T16:42:30","guid":{"rendered":"https:\/\/anprotec.org.br\/site\/?p=49379"},"modified":"2025-03-11T13:42:30","modified_gmt":"2025-03-11T16:42:30","slug":"presidente-da-anprotec-ministra-aula-inaugural-do-curso-de-pos-graduacao-em-gestao-de-ambientes-promotores-de-inovacao","status":"publish","type":"post","link":"https:\/\/anprotec.org.br\/site\/2025\/03\/presidente-da-anprotec-ministra-aula-inaugural-do-curso-de-pos-graduacao-em-gestao-de-ambientes-promotores-de-inovacao\/","title":{"rendered":"Presidente da Anprotec ministra Aula Inaugural do Curso de P\u00f3s-Gradua\u00e7\u00e3o em Gest\u00e3o de Ambientes Promotores de Inova\u00e7\u00e3o"},"content":{"rendered":"<div class=\"wp-block-image\"><img decoding=\"async\" loading=\"lazy\" class=\"wp-image-49381 aligncenter\" src=\"https:\/\/anprotec.org.br\/site\/wp-content\/uploads\/2025\/03\/Captura-de-tela-2025-03-11-133714-300x200.png\" alt=\"\" width=\"569\" height=\"379\" srcset=\"https:\/\/anprotec.org.br\/site\/wp-content\/uploads\/2025\/03\/Captura-de-tela-2025-03-11-133714-300x200.png 300w, https:\/\/anprotec.org.br\/site\/wp-content\/uploads\/2025\/03\/Captura-de-tela-2025-03-11-133714-219x146.png 219w, https:\/\/anprotec.org.br\/site\/wp-content\/uploads\/2025\/03\/Captura-de-tela-2025-03-11-133714-50x33.png 50w, https:\/\/anprotec.org.br\/site\/wp-content\/uploads\/2025\/03\/Captura-de-tela-2025-03-11-133714-113x75.png 113w, https:\/\/anprotec.org.br\/site\/wp-content\/uploads\/2025\/03\/Captura-de-tela-2025-03-11-133714.png 601w\" sizes=\"(max-width: 569px) 100vw, 569px\" \/><\/div>\n<div>\n<p style=\"text-align: center;\"><span style=\"font-weight: 400;\">Especializa\u00e7\u00e3o em gest\u00e3o de ambientes promotores de inova\u00e7\u00e3o recebe 468 inscri\u00e7\u00f5es. Foto: Gabriel Pires\/SEI<\/span><\/p>\n<\/div>\n<p><span style=\"font-weight: 400;\">A Profa. Adriana Faria, presidente da Anprotec, ministrou ontem, 10 de mar\u00e7o, a Aula Inaugural do Curso de Especializa\u00e7\u00e3o em Gest\u00e3o de Ambientes Promotores de Inova\u00e7\u00e3o, promovido pelo Sistema Estadual de Ambientes Promotores de Inova\u00e7\u00e3o do Paran\u00e1 (Separtec) em parceria com a Universidade Estadual do Centro-Oeste (Unicentro) e a Secretaria da Ci\u00eancia, Tecnologia e Ensino Superior (Seti-PR).<\/span><\/p>\n<p><span style=\"font-weight: 400;\">O curso, que registrou 468 inscri\u00e7\u00f5es para as 140 vagas ofertadas, tem como objetivo capacitar gestores de ambientes de inova\u00e7\u00e3o, especialmente aqueles vinculados aos 490 espa\u00e7os credenciados pelo Separtec. Com dura\u00e7\u00e3o de dois anos e uma carga hor\u00e1ria de 390 horas, a p\u00f3s-gradua\u00e7\u00e3o oferecer\u00e1 12 disciplinas, abordando temas fundamentais para a gest\u00e3o de ambientes de inova\u00e7\u00e3o, como empreendedorismo, gest\u00e3o estrat\u00e9gica, lideran\u00e7a e sustentabilidade.<\/span><\/p>\n<p><span style=\"font-weight: 400;\">Durante sua apresenta\u00e7\u00e3o, Adriana Faria destacou a import\u00e2ncia da capacita\u00e7\u00e3o de gestores para o fortalecimento dos ambientes de inova\u00e7\u00e3o e o impacto transformador que esses espa\u00e7os exercem nos territ\u00f3rios onde est\u00e3o inseridos. \u201cOs ambientes de inova\u00e7\u00e3o s\u00e3o verdadeiros motores do desenvolvimento regional e nacional. A qualifica\u00e7\u00e3o dos gestores \u00e9 essencial para potencializar esse impacto, conectando ci\u00eancia, tecnologia e empreendedorismo de maneira estrat\u00e9gica\u201d, afirmou.<\/span><\/p>\n<p><span style=\"font-weight: 400;\">O coordenador do Separtec, Jos\u00e9 Maurino Oliveira Martins, tamb\u00e9m ressaltou a relev\u00e2ncia da iniciativa para o ecossistema de inova\u00e7\u00e3o do Paran\u00e1. \u201cO curso representa um passo importante para consolidar os ambientes de inova\u00e7\u00e3o como agentes transformadores, conectando ci\u00eancia, tecnologia e desenvolvimento regional. A elevada procura demonstra o interesse dos profissionais que atuam nos espa\u00e7os criativos do estado na busca pela capacita\u00e7\u00e3o\u201d, destacou.<\/span><img decoding=\"async\" loading=\"lazy\" class=\"wp-image-49382 aligncenter\" src=\"https:\/\/anprotec.org.br\/site\/wp-content\/uploads\/2025\/03\/Captura-de-tela-2025-03-11-133842-300x199.png\" alt=\"\" width=\"577\" height=\"383\" srcset=\"https:\/\/anprotec.org.br\/site\/wp-content\/uploads\/2025\/03\/Captura-de-tela-2025-03-11-133842-300x199.png 300w, https:\/\/anprotec.org.br\/site\/wp-content\/uploads\/2025\/03\/Captura-de-tela-2025-03-11-133842-220x146.png 220w, https:\/\/anprotec.org.br\/site\/wp-content\/uploads\/2025\/03\/Captura-de-tela-2025-03-11-133842-50x33.png 50w, https:\/\/anprotec.org.br\/site\/wp-content\/uploads\/2025\/03\/Captura-de-tela-2025-03-11-133842-113x75.png 113w, https:\/\/anprotec.org.br\/site\/wp-content\/uploads\/2025\/03\/Captura-de-tela-2025-03-11-133842.png 598w\" sizes=\"(max-width: 577px) 100vw, 577px\" \/><\/p>\n<p style=\"text-align: center;\"><i><span style=\"font-weight: 400;\">Adriana Faria e Jos\u00e9 Maurino celebram a escolha de Foz do Igua\u00e7u como sede da Confer\u00eancia Anprotec 2025, em assembleia realizada durante a Confer\u00eancia Anprotec 2024, em S\u00e3o Jos\u00e9 dos Campos.<\/span><\/i><\/p>\n<p style=\"text-align: left;\"><span style=\"font-weight: 400;\">Com ampla experi\u00eancia no ecossistema de inova\u00e7\u00e3o, Adriana Faria \u00e9 engenheira qu\u00edmica, mestre e doutora em Engenharia Mec\u00e2nica pela Universidade Federal de Uberl\u00e2ndia, com p\u00f3s-doutorado em Gest\u00e3o da Inova\u00e7\u00e3o na North Carolina State University. Al\u00e9m de presidir a Anprotec, ela atua como docente da Universidade Federal de Vi\u00e7osa (UFV) e \u00e9 diretora executiva do Centro Tecnol\u00f3gico de Desenvolvimento Regional de Vi\u00e7osa (CenTev\/UFV).<\/span><\/p>\n<p style=\"text-align: left;\"><span style=\"font-weight: 400;\">A realiza\u00e7\u00e3o do curso refor\u00e7a o compromisso do Paran\u00e1 com a estrutura\u00e7\u00e3o de um ecossistema de inova\u00e7\u00e3o din\u00e2mico e integrado. Recentemente, o estado consolidou esse protagonismo ao conquistar a sede da 35\u00aa Confer\u00eancia Anprotec, que acontecer\u00e1 de 13 a 16 de outubro de 2025, em Foz do Igua\u00e7u. O evento trar\u00e1 como tema central \u201cEcossistemas colaborativos e integrados \u00e0 inova\u00e7\u00e3o global\u201d, refletindo a crescente articula\u00e7\u00e3o do Paran\u00e1 na promo\u00e7\u00e3o de ambientes inovadores.<\/span><\/p>\n<p style=\"text-align: left;\"><span style=\"font-weight: 400;\">A aula inaugural marcou o in\u00edcio de uma jornada acad\u00eamica que contribuir\u00e1 significativamente para a qualifica\u00e7\u00e3o dos profissionais do setor, preparando-os para os desafios da inova\u00e7\u00e3o e do desenvolvimento tecnol\u00f3gico.<\/span><\/p>\n","protected":false},"excerpt":{"rendered":"<p>Especializa\u00e7\u00e3o em gest\u00e3o de ambientes promotores de inova\u00e7\u00e3o recebe 468<span class=\"excerpt-hellip\"> [\u2026]<\/span><\/p>\n","protected":false},"author":8,"featured_media":49381,"comment_status":"closed","ping_status":"closed","sticky":false,"template":"","format":"standard","meta":{"footnotes":"","_links_to":"","_links_to_target":""},"categories":[416,395,3],"tags":[],"calendar":[],"_links":{"self":[{"href":"https:\/\/anprotec.org.br\/site\/wp-json\/wp\/v2\/posts\/49379"}],"collection":[{"href":"https:\/\/anprotec.org.br\/site\/wp-json\/wp\/v2\/posts"}],"about":[{"href":"https:\/\/anprotec.org.br\/site\/wp-json\/wp\/v2\/types\/post"}],"author":[{"embeddable":true,"href":"https:\/\/anprotec.org.br\/site\/wp-json\/wp\/v2\/users\/8"}],"replies":[{"embeddable":true,"href":"https:\/\/anprotec.org.br\/site\/wp-json\/wp\/v2\/comments?post=49379"}],"version-history":[{"count":2,"href":"https:\/\/anprotec.org.br\/site\/wp-json\/wp\/v2\/posts\/49379\/revisions"}],"predecessor-version":[{"id":49384,"href":"https:\/\/anprotec.org.br\/site\/wp-json\/wp\/v2\/posts\/49379\/revisions\/49384"}],"wp:featuredmedia":[{"embeddable":true,"href":"https:\/\/anprotec.org.br\/site\/wp-json\/wp\/v2\/media\/49381"}],"wp:attachment":[{"href":"https:\/\/anprotec.org.br\/site\/wp-json\/wp\/v2\/media?parent=49379"}],"wp:term":[{"taxonomy":"category","embeddable":true,"href":"https:\/\/anprotec.org.br\/site\/wp-json\/wp\/v2\/categories?post=49379"},{"taxonomy":"post_tag","embeddable":true,"href":"https:\/\/anprotec.org.br\/site\/wp-json\/wp\/v2\/tags?post=49379"},{"taxonomy":"calendar","embeddable":true,"href":"https:\/\/anprotec.org.br\/site\/wp-json\/wp\/v2\/calendar?post=49379"}],"curies":[{"name":"wp","href":"https:\/\/api.w.org\/{rel}","templated":true}]}}