{"id":4937,"date":"2013-11-26T07:03:02","date_gmt":"2013-11-26T10:03:02","guid":{"rendered":"http:\/\/anprotec.org.br\/site\/?p=4937"},"modified":"2013-11-26T07:03:02","modified_gmt":"2013-11-26T10:03:02","slug":"apoio-a-mpes-rende-premio-a-sao-jose-dos-campos","status":"publish","type":"post","link":"https:\/\/anprotec.org.br\/site\/2013\/11\/apoio-a-mpes-rende-premio-a-sao-jose-dos-campos\/","title":{"rendered":"<!--:pt-->Apoio a MPEs rende pr\u00eamio a S\u00e3o Jos\u00e9 dos Campos<!--:-->"},"content":{"rendered":"<p><!--:pt--><\/p>\n<p style=\"text-align: justify;\" align=\"center\"><span style=\"font-size: 13px; line-height: 19px;\"><img decoding=\"async\" loading=\"lazy\" class=\"alignleft size-thumbnail wp-image-4939\" alt=\"\" src=\"https:\/\/anprotec.org.br\/site\/wp-content\/uploads\/2013\/11\/20131125-PqTecSJC_cr\u00e9ditoClaudio-Capucho_PMSJC_baixaresolu\u00e7\u00e3o-270x160.jpg\" width=\"270\" height=\"160\" \/>A atua\u00e7\u00e3o do <a href=\"http:\/\/www.pqtec.org.br\/\" target=\"_blank\">Parque Tecnol\u00f3gico de S\u00e3o Jos\u00e9 dos Campos<\/a> (PqTec-SJC), em S\u00e3o Paulo, no planejamento estrat\u00e9gico e de inova\u00e7\u00e3o do munic\u00edpio trouxe, \u00e0 prefeitura da cidade, uma men\u00e7\u00e3o honrosa na categoria \u201cApoio \u00e0s empresas de tamanho m\u00e9dio e pequeno\u201d do pr\u00eamio internacional IPA Innovation Awards 2013, publicado pela revista <\/span><a href=\"http:\/\/www.fdiintelligence.com\/\" target=\"_blank\"><i style=\"font-size: 13px; line-height: 19px;\">FDI Magazine<\/i><\/a><span style=\"font-size: 13px; line-height: 19px;\">. O PqTec-SJC se destacou entre as entidades mais criativas e eficientes na promo\u00e7\u00e3o de investimentos devido ao seu papel na intera\u00e7\u00e3o e coopera\u00e7\u00e3o entre institui\u00e7\u00f5es de ensino e pesquisa, empresas de base tecnol\u00f3gica, governos e entidades de fomento e investimento, propiciando empregos e gera\u00e7\u00e3o de renda para a regi\u00e3o.<\/span><\/p>\n<p style=\"text-align: justify;\">A cidade de Leipzig, localizada no leste da Alemanha, foi a vencedora da categoria. \u201cAntes da promo\u00e7\u00e3o de pequenas e m\u00e9dias empresas entrar na pauta das ag\u00eancias de desenvolvimento econ\u00f4mico, Leipzig j\u00e1 estava com os olhos voltados para este segmento do mercado\u201d, justificou a publica\u00e7\u00e3o. Na classifica\u00e7\u00e3o geral, Nova Iorque foi eleita, pela segunda vez consecutiva, Cidade do Futuro nas Am\u00e9ricas. S\u00e3o Paulo perdeu para a cidade alem\u00e3 e ficou em segundo lugar, mas no ranking da Am\u00e9rica Latina foi a grande campe\u00e3.<\/p>\n<p style=\"text-align: justify;\">A <i>FDI Magazine<\/i> \u00e9 uma publica\u00e7\u00e3o bimestral do <a href=\"http:\/\/www.ft.com\/home\/us\" target=\"_blank\"><i>Financial Times<\/i><\/a> que retrata as tend\u00eancias globais de investimento. Com tiragem de 15 mil exemplares, a revista \u00e9 lida por investidores e profissionais dos mercados financeiros de todo o mundo. Para o pr\u00eamio, a equipe da <i>FDI<\/i> coletou dados de 422 cidades, classificadas por tamanho a partir de seis categorias: Potencial Econ\u00f4mico; Recursos Humanos; Efici\u00eancia de Custos; Infraestrutura; Capacidade de Criar um Ambiente Favor\u00e1vel aos Neg\u00f3cios; e Estrat\u00e9gia para Atra\u00e7\u00e3o de Investimentos. No primeiro quesito, S\u00e3o Paulo superou Nova Iorque e apareceu na melhor coloca\u00e7\u00e3o.<\/p>\n<p style=\"text-align: justify;\"><i>*Com informa\u00e7\u00f5es da Assessoria de Comunica\u00e7\u00e3o do PqTec-SJC e foto de Claudio Capucho\/PMSJC<\/i><i><\/i><\/p>\n<p><!--:--><\/p>\n","protected":false},"excerpt":{"rendered":"<p><!--:pt-->Munic\u00edpio conquistou men\u00e7\u00e3o honrosa na categoria \u201cApoio \u00e0s empresas de tamanho m\u00e9dio e pequeno\u201d do IPA Innovation Awards 2013 devido \u00e0 atua\u00e7\u00e3o do Parque Tecnol\u00f3gico da cidade.<!--:--><\/p>\n","protected":false},"author":8,"featured_media":4939,"comment_status":"open","ping_status":"open","sticky":false,"template":"","format":"standard","meta":{"footnotes":"","_links_to":"","_links_to_target":""},"categories":[3],"tags":[],"calendar":[],"_links":{"self":[{"href":"https:\/\/anprotec.org.br\/site\/wp-json\/wp\/v2\/posts\/4937"}],"collection":[{"href":"https:\/\/anprotec.org.br\/site\/wp-json\/wp\/v2\/posts"}],"about":[{"href":"https:\/\/anprotec.org.br\/site\/wp-json\/wp\/v2\/types\/post"}],"author":[{"embeddable":true,"href":"https:\/\/anprotec.org.br\/site\/wp-json\/wp\/v2\/users\/8"}],"replies":[{"embeddable":true,"href":"https:\/\/anprotec.org.br\/site\/wp-json\/wp\/v2\/comments?post=4937"}],"version-history":[{"count":1,"href":"https:\/\/anprotec.org.br\/site\/wp-json\/wp\/v2\/posts\/4937\/revisions"}],"predecessor-version":[{"id":4940,"href":"https:\/\/anprotec.org.br\/site\/wp-json\/wp\/v2\/posts\/4937\/revisions\/4940"}],"wp:featuredmedia":[{"embeddable":true,"href":"https:\/\/anprotec.org.br\/site\/wp-json\/wp\/v2\/media\/4939"}],"wp:attachment":[{"href":"https:\/\/anprotec.org.br\/site\/wp-json\/wp\/v2\/media?parent=4937"}],"wp:term":[{"taxonomy":"category","embeddable":true,"href":"https:\/\/anprotec.org.br\/site\/wp-json\/wp\/v2\/categories?post=4937"},{"taxonomy":"post_tag","embeddable":true,"href":"https:\/\/anprotec.org.br\/site\/wp-json\/wp\/v2\/tags?post=4937"},{"taxonomy":"calendar","embeddable":true,"href":"https:\/\/anprotec.org.br\/site\/wp-json\/wp\/v2\/calendar?post=4937"}],"curies":[{"name":"wp","href":"https:\/\/api.w.org\/{rel}","templated":true}]}}