{"id":49369,"date":"2025-03-10T18:11:16","date_gmt":"2025-03-10T21:11:16","guid":{"rendered":"https:\/\/anprotec.org.br\/site\/?p=49369"},"modified":"2025-03-10T18:11:16","modified_gmt":"2025-03-10T21:11:16","slug":"anprotec-e-virtus-cc-lancam-nova-capacitacao-para-incubadoras-e-aceleradoras-em-tecnologias-de-sensoriamento-inteligente","status":"publish","type":"post","link":"https:\/\/anprotec.org.br\/site\/2025\/03\/anprotec-e-virtus-cc-lancam-nova-capacitacao-para-incubadoras-e-aceleradoras-em-tecnologias-de-sensoriamento-inteligente\/","title":{"rendered":"Anprotec e VIRTUS-CC lan\u00e7am nova capacita\u00e7\u00e3o para incubadoras e aceleradoras em tecnologias de sensoriamento inteligente"},"content":{"rendered":"<div class=\"wp-block-image\"><img decoding=\"async\" loading=\"lazy\" class=\"wp-image-49370 aligncenter\" src=\"https:\/\/anprotec.org.br\/site\/wp-content\/uploads\/2025\/03\/Captura-de-tela-2025-03-10-175125-300x211.png\" alt=\"\" width=\"518\" height=\"364\" srcset=\"https:\/\/anprotec.org.br\/site\/wp-content\/uploads\/2025\/03\/Captura-de-tela-2025-03-10-175125-300x211.png 300w, https:\/\/anprotec.org.br\/site\/wp-content\/uploads\/2025\/03\/Captura-de-tela-2025-03-10-175125-208x146.png 208w, https:\/\/anprotec.org.br\/site\/wp-content\/uploads\/2025\/03\/Captura-de-tela-2025-03-10-175125-50x35.png 50w, https:\/\/anprotec.org.br\/site\/wp-content\/uploads\/2025\/03\/Captura-de-tela-2025-03-10-175125-107x75.png 107w, https:\/\/anprotec.org.br\/site\/wp-content\/uploads\/2025\/03\/Captura-de-tela-2025-03-10-175125.png 600w\" sizes=\"(max-width: 518px) 100vw, 518px\" \/><\/div>\n<p>&nbsp;<\/p>\n<p><span style=\"font-weight: 400;\">A Anprotec, em parceria com o Centro de Compet\u00eancia EMBRAPII VIRTUS (VIRTUS-CC), est\u00e1 lan\u00e7ando a segunda fase do <\/span><i><span style=\"font-weight: 400;\">Projeto HA.IA Deep Techs &#8211; Hub de Acelera\u00e7\u00e3o para Incubadoras e Aceleradoras em Plataformas de Sensoriamento Inteligente para a Ind\u00fastria<\/span><\/i><span style=\"font-weight: 400;\">. O programa tem como objetivo capacitar profissionais de incubadoras e aceleradoras associadas para apoiar startups em tecnologias como Intelig\u00eancia Artificial, Internet das Coisas, Big Data e Biossensores, ampliando o impacto das inova\u00e7\u00f5es voltadas para a ind\u00fastria.<\/span><\/p>\n<p><span style=\"font-weight: 400;\">Nesta nova etapa, o HA.IA oferecer\u00e1 capacita\u00e7\u00f5es online s\u00edncronas e ass\u00edncronas ao longo de quatro meses, certificando at\u00e9 30 profissionais de 15 incubadoras e aceleradoras em todo o Brasil. Cada organiza\u00e7\u00e3o poder\u00e1 indicar at\u00e9 dois participantes, que receber\u00e3o bolsas mensais no valor de R$ 2.000,00 (para um participante) ou R$ 1.000,00 por representante (caso haja dois indicados).<\/span><\/p>\n<p><span style=\"font-weight: 400;\">Al\u00e9m da forma\u00e7\u00e3o tecnol\u00f3gica e empreendedora, os participantes ter\u00e3o acesso ao ecossistema VIRTUS-CC e poder\u00e3o indicar tr\u00eas startups para a <\/span><i><span style=\"font-weight: 400;\">Associa\u00e7\u00e3o Tecnol\u00f3gica<\/span><\/i><span style=\"font-weight: 400;\"> e para a trilha de acelera\u00e7\u00e3o <\/span><i><span style=\"font-weight: 400;\">Aceler.AI Deep Techs<\/span><\/i><span style=\"font-weight: 400;\">.<\/span><\/p>\n<p><span style=\"font-weight: 400;\">A Anprotec integra o Conselho Consultivo do VIRTUS-CC e refor\u00e7a a import\u00e2ncia do envolvimento das incubadoras e aceleradoras associadas no programa. Para participar, as organiza\u00e7\u00f5es precisam estar adimplentes e com cadastro atualizado na plataforma InovaLink.<\/span><\/p>\n<p><span style=\"font-weight: 400;\">As inscri\u00e7\u00f5es est\u00e3o abertas at\u00e9 <\/span><b>18 de mar\u00e7o<\/b><span style=\"font-weight: 400;\">. Mais informa\u00e7\u00f5es sobre crit\u00e9rios e etapas de ades\u00e3o est\u00e3o dispon\u00edveis no <a href=\"https:\/\/anprotec.org.br\/site\/wp-content\/uploads\/2025\/03\/Regulamento-HA.IA-2025-1.pdf\">regulamento do programa<\/a>.<\/span><\/p>\n<p><span style=\"font-weight: 400;\">Para d\u00favidas ou mais detalhes, entre em contato pelo e-mail: <\/span><b>virtus-cc-acs-hub@virtus.ufcg.edu.br<\/b><span style=\"font-weight: 400;\">.<\/span><\/p>\n<p><b>Primeira fase capacitou 49 ambientes associados \u00e0 Anprotec<\/b><\/p>\n<p><span style=\"font-weight: 400;\">O <\/span><i><span style=\"font-weight: 400;\">Projeto HA.IA Deep Techs<\/span><\/i><span style=\"font-weight: 400;\"> j\u00e1 demonstrou seu impacto na capacita\u00e7\u00e3o de ambientes de inova\u00e7\u00e3o no Brasil. A primeira edi\u00e7\u00e3o, realizada entre julho e novembro de 2023, certificou 145 profissionais de <\/span><b>49 incubadoras e aceleradoras associadas \u00e0 Anprotec<\/b><span style=\"font-weight: 400;\"> em <\/span><b>19 estados<\/b><span style=\"font-weight: 400;\">.<\/span><\/p>\n<p><span style=\"font-weight: 400;\">A iniciativa proporcionou 50 horas de aprendizado sobre temas como forma\u00e7\u00e3o em plataformas de hardware inteligente para a ind\u00fastria, automa\u00e7\u00e3o e dados, tecnologias integradas e capta\u00e7\u00e3o de recursos para inova\u00e7\u00e3o. Os participantes desenvolveram planos de a\u00e7\u00e3o voltados ao suporte de startups deep tech, com tr\u00eas iniciativas se destacando:<\/span><\/p>\n<p><span style=\"font-weight: 400;\"> <\/span><b>1\u00ba lugar:<\/b><span style=\"font-weight: 400;\"> Criatec Incubadora de Empresas de Inova\u00e7\u00e3o Tecnol\u00f3gica<\/span><\/p>\n<p><span style=\"font-weight: 400;\"> <\/span><b>2\u00ba lugar:<\/b><span style=\"font-weight: 400;\"> Polo Tecnol\u00f3gico e Criativo da UFPE \u2013 POLOTEC<\/span><\/p>\n<p><span style=\"font-weight: 400;\"> <\/span><b>3\u00ba lugar:<\/b><span style=\"font-weight: 400;\"> Programa Apollo \u2013 UPF Parque \u2013 Universidade de Passo Fundo<\/span><\/p>\n<p><span style=\"font-weight: 400;\">Os vencedores ser\u00e3o premiados durante a <\/span><b>34\u00aa Confer\u00eancia Anprotec<\/b><span style=\"font-weight: 400;\">, em dezembro.<\/span><\/p>\n<p><span style=\"font-weight: 400;\">\u201cA parceria com o VIRTUS-CC permitiu que nossos associados se capacitassem em tecnologias de ponta com foco na Ind\u00fastria 4.0. O primeiro ciclo do projeto foi um sucesso, e agora ampliamos essa oportunidade com uma nova rodada de capacita\u00e7\u00f5es\u201d, destacou <\/span><b>Ma\u00edra Nobre<\/b><span style=\"font-weight: 400;\">, diretora de Redes e Associados da Anprotec.<\/span><\/p>\n<p><span style=\"font-weight: 400;\">Com a segunda fase do <\/span><i><span style=\"font-weight: 400;\">Projeto HA.IA<\/span><\/i><span style=\"font-weight: 400;\">, a expectativa \u00e9 aprofundar ainda mais o suporte \u00e0s incubadoras e aceleradoras no desenvolvimento de startups que trabalham com tecnologia de sensoriamento inteligente para a ind\u00fastria.<\/span><\/p>\n","protected":false},"excerpt":{"rendered":"<p>&nbsp; A Anprotec, em parceria com o Centro de Compet\u00eancia<span class=\"excerpt-hellip\"> [\u2026]<\/span><\/p>\n","protected":false},"author":8,"featured_media":49370,"comment_status":"closed","ping_status":"closed","sticky":false,"template":"","format":"standard","meta":{"footnotes":"","_links_to":"","_links_to_target":""},"categories":[416,415,395,383],"tags":[],"calendar":[],"_links":{"self":[{"href":"https:\/\/anprotec.org.br\/site\/wp-json\/wp\/v2\/posts\/49369"}],"collection":[{"href":"https:\/\/anprotec.org.br\/site\/wp-json\/wp\/v2\/posts"}],"about":[{"href":"https:\/\/anprotec.org.br\/site\/wp-json\/wp\/v2\/types\/post"}],"author":[{"embeddable":true,"href":"https:\/\/anprotec.org.br\/site\/wp-json\/wp\/v2\/users\/8"}],"replies":[{"embeddable":true,"href":"https:\/\/anprotec.org.br\/site\/wp-json\/wp\/v2\/comments?post=49369"}],"version-history":[{"count":2,"href":"https:\/\/anprotec.org.br\/site\/wp-json\/wp\/v2\/posts\/49369\/revisions"}],"predecessor-version":[{"id":49372,"href":"https:\/\/anprotec.org.br\/site\/wp-json\/wp\/v2\/posts\/49369\/revisions\/49372"}],"wp:featuredmedia":[{"embeddable":true,"href":"https:\/\/anprotec.org.br\/site\/wp-json\/wp\/v2\/media\/49370"}],"wp:attachment":[{"href":"https:\/\/anprotec.org.br\/site\/wp-json\/wp\/v2\/media?parent=49369"}],"wp:term":[{"taxonomy":"category","embeddable":true,"href":"https:\/\/anprotec.org.br\/site\/wp-json\/wp\/v2\/categories?post=49369"},{"taxonomy":"post_tag","embeddable":true,"href":"https:\/\/anprotec.org.br\/site\/wp-json\/wp\/v2\/tags?post=49369"},{"taxonomy":"calendar","embeddable":true,"href":"https:\/\/anprotec.org.br\/site\/wp-json\/wp\/v2\/calendar?post=49369"}],"curies":[{"name":"wp","href":"https:\/\/api.w.org\/{rel}","templated":true}]}}