{"id":4935,"date":"2013-11-25T17:47:42","date_gmt":"2013-11-25T20:47:42","guid":{"rendered":"http:\/\/anprotec.org.br\/site\/?p=4935"},"modified":"2013-11-27T10:11:04","modified_gmt":"2013-11-27T13:11:04","slug":"prazo-para-participar-de-pesquisa-e-prorrogado","status":"publish","type":"post","link":"https:\/\/anprotec.org.br\/site\/2013\/11\/prazo-para-participar-de-pesquisa-e-prorrogado\/","title":{"rendered":"<!--:pt-->Prazo para participar de pesquisa \u00e9 prorrogado<!--:-->"},"content":{"rendered":"<p><!--:pt--><\/p>\n<p style=\"text-align: justify;\" align=\"center\"><span style=\"font-size: 13px; line-height: 19px;\"><img decoding=\"async\" loading=\"lazy\" class=\"alignleft size-thumbnail wp-image-4751\" alt=\"\" src=\"https:\/\/anprotec.org.br\/site\/wp-content\/uploads\/2013\/11\/shutterstock_124525963_baixaresolu\u00e7\u00e3o-270x160.jpg\" width=\"270\" height=\"160\" \/>Foi prorrogado, para o pr\u00f3ximo dia 2, o prazo para participar da pesquisa que pretende tra\u00e7ar o perfil das empresas graduadas por incubadoras brasileiras. Realizado pela Anprotec, em parceria com o <\/span><a href=\"http:\/\/www.sebrae.com.br\/\" target=\"_blank\"><span style=\"font-size: 13px; line-height: 19px;\">Sebrae<\/span><\/a><span style=\"font-size: 13px; line-height: 19px;\"> e com coordena\u00e7\u00e3o do <\/span><span style=\"font-size: 13px; line-height: 19px;\">Instituto Christiano Becker de Estudos sobre Desenvolvimento, Empreendedorismo e Inova\u00e7\u00e3o<\/span><span style=\"font-size: 13px; line-height: 19px;\">, o estudo servir\u00e1 para orientar a Associa\u00e7\u00e3o e o Sebrae na busca por pol\u00edticas e programas adequados para empresas inovadoras e que contribuem para o desenvolvimento regional e nacional.<\/span><\/p>\n<p style=\"text-align: justify;\">O question\u00e1rio, dispon\u00edvel online para os gestores das empresas, cont\u00e9m cerca de 25 itens, que abordam temas diversos, tais como a participa\u00e7\u00e3o da empresa em outros neg\u00f3cios, o recebimento de investimentos de risco e de recursos de fomento, a utiliza\u00e7\u00e3o de cr\u00e9ditos, o lan\u00e7amento e desenvolvimento de produtos e servi\u00e7os, inova\u00e7\u00e3o e obst\u00e1culos. Os resultados coletados ser\u00e3o utilizados de forma geral, sem especificar os nomes e detalhes de cada empresa.<\/p>\n<p><!--:--><\/p>\n","protected":false},"excerpt":{"rendered":"<p><!--:pt-->As empresas graduadas em incubadoras brasileiras ter\u00e3o at\u00e9 o pr\u00f3ximo dia 2 para responder ao question\u00e1rio do estudo que tra\u00e7ar\u00e1 o perfil desses empreendimentos.<!--:--><\/p>\n","protected":false},"author":8,"featured_media":4751,"comment_status":"open","ping_status":"open","sticky":false,"template":"","format":"standard","meta":{"footnotes":"","_links_to":"","_links_to_target":""},"categories":[3],"tags":[],"calendar":[],"_links":{"self":[{"href":"https:\/\/anprotec.org.br\/site\/wp-json\/wp\/v2\/posts\/4935"}],"collection":[{"href":"https:\/\/anprotec.org.br\/site\/wp-json\/wp\/v2\/posts"}],"about":[{"href":"https:\/\/anprotec.org.br\/site\/wp-json\/wp\/v2\/types\/post"}],"author":[{"embeddable":true,"href":"https:\/\/anprotec.org.br\/site\/wp-json\/wp\/v2\/users\/8"}],"replies":[{"embeddable":true,"href":"https:\/\/anprotec.org.br\/site\/wp-json\/wp\/v2\/comments?post=4935"}],"version-history":[{"count":4,"href":"https:\/\/anprotec.org.br\/site\/wp-json\/wp\/v2\/posts\/4935\/revisions"}],"predecessor-version":[{"id":4956,"href":"https:\/\/anprotec.org.br\/site\/wp-json\/wp\/v2\/posts\/4935\/revisions\/4956"}],"wp:featuredmedia":[{"embeddable":true,"href":"https:\/\/anprotec.org.br\/site\/wp-json\/wp\/v2\/media\/4751"}],"wp:attachment":[{"href":"https:\/\/anprotec.org.br\/site\/wp-json\/wp\/v2\/media?parent=4935"}],"wp:term":[{"taxonomy":"category","embeddable":true,"href":"https:\/\/anprotec.org.br\/site\/wp-json\/wp\/v2\/categories?post=4935"},{"taxonomy":"post_tag","embeddable":true,"href":"https:\/\/anprotec.org.br\/site\/wp-json\/wp\/v2\/tags?post=4935"},{"taxonomy":"calendar","embeddable":true,"href":"https:\/\/anprotec.org.br\/site\/wp-json\/wp\/v2\/calendar?post=4935"}],"curies":[{"name":"wp","href":"https:\/\/api.w.org\/{rel}","templated":true}]}}