{"id":49333,"date":"2025-03-06T12:55:04","date_gmt":"2025-03-06T15:55:04","guid":{"rendered":"https:\/\/anprotec.org.br\/site\/?p=49333"},"modified":"2025-03-06T12:55:04","modified_gmt":"2025-03-06T15:55:04","slug":"primeira-etapa-da-missao-internacional-fortec-anprotec-2025-na-50a-autm-destaca-conexoes-estrategicas-e-avancos-na-transferencia-de-tecnologia","status":"publish","type":"post","link":"https:\/\/anprotec.org.br\/site\/2025\/03\/primeira-etapa-da-missao-internacional-fortec-anprotec-2025-na-50a-autm-destaca-conexoes-estrategicas-e-avancos-na-transferencia-de-tecnologia\/","title":{"rendered":"Primeira etapa da Miss\u00e3o Internacional Fortec &#038; Anprotec 2025 na 50\u00aa AUTM destaca conex\u00f5es estrat\u00e9gicas e avan\u00e7os na transfer\u00eancia de tecnologia"},"content":{"rendered":"<div class=\"wp-block-image\"><img decoding=\"async\" loading=\"lazy\" class=\"aligncenter wp-image-49334 size-full\" src=\"https:\/\/anprotec.org.br\/site\/wp-content\/uploads\/2025\/03\/1-PHOTO-2025-03-04-12-25-24-scaled-e1741272677828.jpg\" alt=\"\" width=\"800\" height=\"660\" \/><\/div>\n<p>&nbsp;<\/p>\n<p><span style=\"font-weight: 400;\">A Miss\u00e3o Internacional Fortec &amp; Anprotec 2025 encerrou sua primeira etapa, ap\u00f3s uma intensa programa\u00e7\u00e3o no 50\u00ba Encontro Anual da Association of University Technology Managers (AUTM) <\/span>2025, realizado em Washington, nos Estados Unidos. A primeira etapa da Miss\u00e3o, que teve in\u00edcio no \u00faltimo domingo (2\/3) e seguiu at\u00e9 esta quarta-feira (5\/3), reuniu um grupo representativo do ecossistema de inova\u00e7\u00e3o e transfer\u00eancia de tecnologia do Brasil, composto por universidades, institutos federais, integrantes do Sistema da Confedera\u00e7\u00e3o Nacional da Ind\u00fastria (CNI), N\u00facleos de Inova\u00e7\u00e3o Tecnol\u00f3gica (NITs) e institui\u00e7\u00f5es de pesquisa.<\/p>\n<p><span style=\"font-weight: 400;\">A Miss\u00e3o, promovida pelo Fortec e Anprotec, com apoio do Sebrae, tem como objetivo principal fortalecer a presen\u00e7a brasileira no cen\u00e1rio global de inova\u00e7\u00e3o, promovendo interc\u00e2mbios, parcerias estrat\u00e9gicas e compartilhamento de boas pr\u00e1ticas com as principais institui\u00e7\u00f5es de transfer\u00eancia de tecnologia do mundo. O Programa Diplomacia da Inova\u00e7\u00e3o (PDI) do Minist\u00e9rio das Rela\u00e7\u00f5es Exteriores tamb\u00e9m apoia a iniciativa, refor\u00e7ando o compromisso com a internacionaliza\u00e7\u00e3o da inova\u00e7\u00e3o brasileira.<\/span><\/p>\n<p><b>Brasil em destaque na AUTM 2025 e programa\u00e7\u00e3o intensa<\/b><\/p>\n<p><span style=\"font-weight: 400;\">Um dos destaques desta edi\u00e7\u00e3o foi o reconhecimento da import\u00e2ncia do Brasil na transfer\u00eancia de tecnologia, com a inclus\u00e3o de tr\u00eas brasileiras no International Strategy Committee da AUTM: Betty Ritter, Shirley Coutinho e Ana L\u00facia Vitale Torkomian far\u00e3o parte da representa\u00e7\u00e3o da Am\u00e9rica do Sul e Caribe.\u00a0<\/span><\/p>\n<p><span style=\"font-weight: 400;\">Os primeiros dias do evento foram marcados por uma s\u00e9rie de atividades estrat\u00e9gicas. No domingo (2\/3), os participantes tiveram uma reuni\u00e3o de integra\u00e7\u00e3o, alinhando aspectos log\u00edsticos e organizando suas agendas para acompanhar as m\u00faltiplas trilhas tem\u00e1ticas do evento. J\u00e1 na segunda-feira (3\/3), o destaque foi a sess\u00e3o plen\u00e1ria de abertura, seguida por pain\u00e9is, mesas-redondas e momentos exclusivos para networking, como o Industry Reception e Opening Reception.<\/span><\/p>\n<p><span style=\"font-weight: 400;\">Na ter\u00e7a-feira (4\/3), os participantes acompanharam a sess\u00e3o plen\u00e1ria com o senador Thom Tillis e o representante Jake Auchincloss, que abordaram pol\u00edticas voltadas \u00e0 inova\u00e7\u00e3o e transfer\u00eancia de tecnologia. A programa\u00e7\u00e3o seguiu com sess\u00f5es educacionais, discuss\u00f5es sobre modelos de parcerias entre academia e ind\u00fastria e oportunidades para novos acordos de coopera\u00e7\u00e3o.<\/span><\/p>\n<p><b>Papel estrat\u00e9gico na Miss\u00e3o<\/b><\/p>\n<p><span style=\"font-weight: 400;\">Entre os integrantes da delega\u00e7\u00e3o brasileira, a Suframa desempenhou um papel de destaque, representada pelo superintendente-adjunto de Desenvolvimento e Inova\u00e7\u00e3o Tecnol\u00f3gica, Waldenir Vieira, a procuradora-chefe da Procuradoria Federal junto \u00e0 Suframa, Diana Azin, e a coordenadora-geral de Assuntos Institucionais, Layanne Raquel.<\/span><\/p>\n<p><span style=\"font-weight: 400;\">Para Waldenir Vieira, a participa\u00e7\u00e3o da Suframa na AUTM 2025 representa uma oportunidade \u00fanica para ampliar conex\u00f5es e fortalecer a inova\u00e7\u00e3o na regi\u00e3o Amaz\u00f4nica. \u201cAcredito que essa intera\u00e7\u00e3o vem fortalecer nossa atua\u00e7\u00e3o na valoriza\u00e7\u00e3o da pesquisa, do desenvolvimento tecnol\u00f3gico e da cria\u00e7\u00e3o de parcerias que impulsionem a transforma\u00e7\u00e3o do conhecimento em solu\u00e7\u00f5es inovadoras\u201d, destacou.<\/span><\/p>\n<p><span style=\"font-weight: 400;\">J\u00e1 o coordenador da \u00c1rea de Rela\u00e7\u00f5es Internacionais da Anprotec, Lu\u00eds Gustavo Peles, ressaltou que a participa\u00e7\u00e3o da Suframa \u00e9 crucial para atrair investimentos estrangeiros e fomentar projetos inovadores para a regi\u00e3o. \u201cEstar presente na AUTM coloca a Amaz\u00f4nia em evid\u00eancia no cen\u00e1rio global, mostrando ao mundo o potencial da regi\u00e3o para a inova\u00e7\u00e3o e a bioeconomia\u201d, afirmou.<\/span><\/p>\n<div class=\"wp-block-image\"><img decoding=\"async\" loading=\"lazy\" class=\"aligncenter wp-image-49335 size-large\" src=\"https:\/\/anprotec.org.br\/site\/wp-content\/uploads\/2025\/03\/PHOTO-2025-03-04-11-36-46-768x1024.jpg\" alt=\"\" width=\"768\" height=\"1024\" \/><\/div>\n<p><b>Pr\u00f3ximos passos da Miss\u00e3o<\/b><\/p>\n<p><span style=\"font-weight: 400;\">Com o encerramento da primeira fase da Miss\u00e3o nesta quarta-feira (5\/3), os participantes se preparam para a segunda etapa da programa\u00e7\u00e3o, que ocorrer\u00e1 nos dias 6 e 7 de mar\u00e7o. Nesta fase, a delega\u00e7\u00e3o ter\u00e1 a oportunidade de conhecer de perto o ecossistema de inova\u00e7\u00e3o de Washington, terceiro colocado no ranking global de inova\u00e7\u00e3o, de acordo com o Global Innovation Index 2024.<\/span><\/p>\n<p><span style=\"font-weight: 400;\">As visitas incluir\u00e3o ag\u00eancias governamentais, escrit\u00f3rios de transfer\u00eancia de tecnologia de universidades de refer\u00eancia e a Embaixada do Brasil nos EUA, com o objetivo de estreitar la\u00e7os internacionais, consolidar parcerias estrat\u00e9gicas e identificar oportunidades de coopera\u00e7\u00e3o em inova\u00e7\u00e3o e tecnologia. Dentre as institui\u00e7\u00f5es visitadas est\u00e3o a Johns Hopkins University, a Georgetown University e o USPTO (United States Patent and Trademark Office), proporcionando aos participantes uma imers\u00e3o nas melhores pr\u00e1ticas de gest\u00e3o da propriedade intelectual e fomento \u00e0 inova\u00e7\u00e3o.<\/span><\/p>\n<p><span style=\"font-weight: 400;\">A Miss\u00e3o Internacional Fortec &amp; Anprotec 2025 \u00e9 uma realiza\u00e7\u00e3o do Fortec e Anprotec, com o apoio do Sebrae e do Minist\u00e9rio das Rela\u00e7\u00f5es Exteriores.<\/span><\/p>\n","protected":false},"excerpt":{"rendered":"<p>&nbsp; A Miss\u00e3o Internacional Fortec &amp; Anprotec 2025 encerrou sua<span class=\"excerpt-hellip\"> [\u2026]<\/span><\/p>\n","protected":false},"author":8,"featured_media":49337,"comment_status":"closed","ping_status":"closed","sticky":false,"template":"","format":"standard","meta":{"footnotes":"","_links_to":"","_links_to_target":""},"categories":[395,3],"tags":[],"calendar":[],"_links":{"self":[{"href":"https:\/\/anprotec.org.br\/site\/wp-json\/wp\/v2\/posts\/49333"}],"collection":[{"href":"https:\/\/anprotec.org.br\/site\/wp-json\/wp\/v2\/posts"}],"about":[{"href":"https:\/\/anprotec.org.br\/site\/wp-json\/wp\/v2\/types\/post"}],"author":[{"embeddable":true,"href":"https:\/\/anprotec.org.br\/site\/wp-json\/wp\/v2\/users\/8"}],"replies":[{"embeddable":true,"href":"https:\/\/anprotec.org.br\/site\/wp-json\/wp\/v2\/comments?post=49333"}],"version-history":[{"count":2,"href":"https:\/\/anprotec.org.br\/site\/wp-json\/wp\/v2\/posts\/49333\/revisions"}],"predecessor-version":[{"id":49338,"href":"https:\/\/anprotec.org.br\/site\/wp-json\/wp\/v2\/posts\/49333\/revisions\/49338"}],"wp:featuredmedia":[{"embeddable":true,"href":"https:\/\/anprotec.org.br\/site\/wp-json\/wp\/v2\/media\/49337"}],"wp:attachment":[{"href":"https:\/\/anprotec.org.br\/site\/wp-json\/wp\/v2\/media?parent=49333"}],"wp:term":[{"taxonomy":"category","embeddable":true,"href":"https:\/\/anprotec.org.br\/site\/wp-json\/wp\/v2\/categories?post=49333"},{"taxonomy":"post_tag","embeddable":true,"href":"https:\/\/anprotec.org.br\/site\/wp-json\/wp\/v2\/tags?post=49333"},{"taxonomy":"calendar","embeddable":true,"href":"https:\/\/anprotec.org.br\/site\/wp-json\/wp\/v2\/calendar?post=49333"}],"curies":[{"name":"wp","href":"https:\/\/api.w.org\/{rel}","templated":true}]}}