{"id":49325,"date":"2025-03-06T11:42:53","date_gmt":"2025-03-06T14:42:53","guid":{"rendered":"https:\/\/anprotec.org.br\/site\/?p=49325"},"modified":"2025-03-06T11:42:53","modified_gmt":"2025-03-06T14:42:53","slug":"mcti-40-anos-comemoracoes-vao-destacar-o-legado-e-futuro-das-politicas-publicas-de-cti-no-pais","status":"publish","type":"post","link":"https:\/\/anprotec.org.br\/site\/2025\/03\/mcti-40-anos-comemoracoes-vao-destacar-o-legado-e-futuro-das-politicas-publicas-de-cti-no-pais\/","title":{"rendered":"MCTI 40 anos: comemora\u00e7\u00f5es v\u00e3o destacar o legado e futuro das pol\u00edticas p\u00fablicas de CT&#038;I no pa\u00eds"},"content":{"rendered":"<div><\/div>\n<div>\n<p><img decoding=\"async\" loading=\"lazy\" class=\"aligncenter wp-image-49326 size-full\" src=\"https:\/\/anprotec.org.br\/site\/wp-content\/uploads\/2025\/03\/698fb6b4-a33d-4042-bf5a-46acb39f5cb8.jpeg\" alt=\"\" width=\"768\" height=\"512\" srcset=\"https:\/\/anprotec.org.br\/site\/wp-content\/uploads\/2025\/03\/698fb6b4-a33d-4042-bf5a-46acb39f5cb8.jpeg 768w, https:\/\/anprotec.org.br\/site\/wp-content\/uploads\/2025\/03\/698fb6b4-a33d-4042-bf5a-46acb39f5cb8-300x200.jpeg 300w, https:\/\/anprotec.org.br\/site\/wp-content\/uploads\/2025\/03\/698fb6b4-a33d-4042-bf5a-46acb39f5cb8-219x146.jpeg 219w, https:\/\/anprotec.org.br\/site\/wp-content\/uploads\/2025\/03\/698fb6b4-a33d-4042-bf5a-46acb39f5cb8-50x33.jpeg 50w, https:\/\/anprotec.org.br\/site\/wp-content\/uploads\/2025\/03\/698fb6b4-a33d-4042-bf5a-46acb39f5cb8-113x75.jpeg 113w\" sizes=\"(max-width: 768px) 100vw, 768px\" \/><\/p>\n<p>Foto: Luara Baggi (ASCOM\/MCTI)<\/p><\/div>\n<div class=\"documentDescription\">Eventos ter\u00e3o a participa\u00e7\u00e3o de ex-ministros, acad\u00eamicos e ex-funcion\u00e1rios; Celebra\u00e7\u00f5es v\u00e3o destacar os avan\u00e7os e impactos da ci\u00eancia, tecnologia e inova\u00e7\u00e3o no Brasil<\/div>\n<div id=\"viewlet-above-content-body\">\n<div id=\"content-core\">\n<div id=\"parent-fieldname-text\" class=\"\">\n<p>No pr\u00f3ximo dia 15 de mar\u00e7o, o Minist\u00e9rio da Ci\u00eancia, Tecnologia e Inova\u00e7\u00e3o (MCTI) completa 40 anos. Para celebrar a data, o Grupo de Trabalho, formado por representantes do Sistema Nacional da Ci\u00eancia, Tecnologia e Inova\u00e7\u00e3o, come\u00e7ou a planejar o calend\u00e1rio de comemora\u00e7\u00f5es. A cria\u00e7\u00e3o da pasta foi um momento crucial para o desenvolvimento cient\u00edfico e tecnol\u00f3gico do pa\u00eds.<\/p>\n<p>O MCTI foi criado logo ap\u00f3s a redemocratiza\u00e7\u00e3o do pa\u00eds, em 1985, com o presidente Jos\u00e9 Sarney. O primeiro ministro foi o cientista Renato Archer e ao longo desses 40 anos, a pasta teve 23 ministros.<\/p>\n<p>Entre eles nomes como Eduardo Campos; o atual presidente da Finep, Celso Pansera; e S\u00e9rgio Rezende.\u00a0 A pasta surgiu com o objetivo de coordenar e fomentar pol\u00edticas p\u00fablicas que promovessem a pesquisa, a inova\u00e7\u00e3o e o avan\u00e7o tecnol\u00f3gico, essenciais para o progresso econ\u00f4mico e social do Brasil.<\/p>\n<p>Para a celebra\u00e7\u00e3o, foi criado um Grupo de Trabalho com representantes da pasta, ex-ministros, representantes das vinculadas e academia e ex-funcion\u00e1rios para organizar as comemora\u00e7\u00f5es.<\/p>\n<p>Na primeira reuni\u00e3o, liderada pela ministra Luciana Santos, foi apresentado um cronograma de a\u00e7\u00f5es com o objetivo de valorizar os feitos e as pol\u00edticas p\u00fablicas da pasta.<\/p>\n<p>\u201cNesses anos, atua\u00e7\u00e3o do MCTI tem sido decisiva para posicionar o Brasil em cen\u00e1rios globais de ci\u00eancia e tecnologia, contribuindo para o desenvolvimento sustent\u00e1vel e a competitividade do pa\u00eds\u201d, pontuou a ministra.<\/p>\n<p>S\u00e9rgio Rezende, ministro entre os anos de 2005 e 2010, e secret\u00e1rio-geral da 5\u00aa Confer\u00eancia Nacional de Ci\u00eancia, Tecnologia e Inova\u00e7\u00e3o (5CNCTI), est\u00e1 contente com o fato de o MCTI estar preparando um conjunto robusto de inciativas e eventos para as comemora\u00e7\u00f5es dos 40 anos da cria\u00e7\u00e3o do Minist\u00e9rio.<\/p>\n<p>\u201c\u00c9 um marco muito importante, pois a partir da instala\u00e7\u00e3o do minist\u00e9rio, o Brasil passou a ter os elementos institucionais para articular as entidades federais atuando em Ci\u00eancia, Tecnologia e Inova\u00e7\u00e3o (CTI) e para ter pol\u00edticas voltadas para o fortalecimento dessas \u00e1reas que s\u00e3o essenciais para nosso desenvolvimento\u201d, destacou.<\/p>\n<p>O Ibict, uma das vinculadas do MCTI, tamb\u00e9m tem um representante na Comiss\u00e3o. O diretor Tiago Braga comentou que a celebra\u00e7\u00e3o dos 40 anos \u00e9 um marco na sistematiza\u00e7\u00e3o e na estrutura\u00e7\u00e3o do sistema de ci\u00eancia, tecnologia e inova\u00e7\u00e3o no pa\u00eds.<\/p>\n<p>\u201cEla tem como fun\u00e7\u00e3o destacar os avan\u00e7os institucionais e indicar a import\u00e2ncia da pesquisa, da ci\u00eancia, da tecnologia e inova\u00e7\u00e3o enquanto insumo para o desenvolvimento social, econ\u00f4mico e ambiental do Brasil\u201d, pontuou Braga.<\/p>\n<p>Al\u00e9m dos 40 anos do MCTI, este ano tamb\u00e9m ser\u00e1 marcado como o da celebra\u00e7\u00e3o dos 50 anos do Conselho Nacional de Ci\u00eancia e Tecnologia (CCT) e dos 20 anos da Lei do Bem.<\/p>\n<p>O calend\u00e1rio de comemora\u00e7\u00e3o est\u00e1 em planejamento e deve contemplar todas as vinculadas, regi\u00f5es do pa\u00eds e grandes eventos como a COP30, em Bel\u00e9m, a Semana Nacional de Ci\u00eancia e Tecnologia e a reuni\u00e3o anual da Sociedade Brasileira para o Progresso da Ci\u00eancia (SBPC).<\/p>\n<p>Fonte: <a href=\"https:\/\/www.gov.br\/mcti\/pt-br\/acompanhe-o-mcti\/noticias\/2025\/02\/mcti-40-anos-comemoracoes-vao-destacar-o-legado-e-futuro-das-politicas-publicas-de-ct-i-no-pais\">Minist\u00e9rio da Ci\u00eancia, Tecnologia e Inova\u00e7\u00e3o<\/a><\/p>\n<\/div>\n<\/div>\n<\/div>\n","protected":false},"excerpt":{"rendered":"<p>Foto: Luara Baggi (ASCOM\/MCTI) Eventos ter\u00e3o a participa\u00e7\u00e3o de ex-ministros,<span class=\"excerpt-hellip\"> [\u2026]<\/span><\/p>\n","protected":false},"author":8,"featured_media":49328,"comment_status":"closed","ping_status":"closed","sticky":false,"template":"","format":"standard","meta":{"footnotes":"","_links_to":"","_links_to_target":""},"categories":[3],"tags":[],"calendar":[],"_links":{"self":[{"href":"https:\/\/anprotec.org.br\/site\/wp-json\/wp\/v2\/posts\/49325"}],"collection":[{"href":"https:\/\/anprotec.org.br\/site\/wp-json\/wp\/v2\/posts"}],"about":[{"href":"https:\/\/anprotec.org.br\/site\/wp-json\/wp\/v2\/types\/post"}],"author":[{"embeddable":true,"href":"https:\/\/anprotec.org.br\/site\/wp-json\/wp\/v2\/users\/8"}],"replies":[{"embeddable":true,"href":"https:\/\/anprotec.org.br\/site\/wp-json\/wp\/v2\/comments?post=49325"}],"version-history":[{"count":1,"href":"https:\/\/anprotec.org.br\/site\/wp-json\/wp\/v2\/posts\/49325\/revisions"}],"predecessor-version":[{"id":49327,"href":"https:\/\/anprotec.org.br\/site\/wp-json\/wp\/v2\/posts\/49325\/revisions\/49327"}],"wp:featuredmedia":[{"embeddable":true,"href":"https:\/\/anprotec.org.br\/site\/wp-json\/wp\/v2\/media\/49328"}],"wp:attachment":[{"href":"https:\/\/anprotec.org.br\/site\/wp-json\/wp\/v2\/media?parent=49325"}],"wp:term":[{"taxonomy":"category","embeddable":true,"href":"https:\/\/anprotec.org.br\/site\/wp-json\/wp\/v2\/categories?post=49325"},{"taxonomy":"post_tag","embeddable":true,"href":"https:\/\/anprotec.org.br\/site\/wp-json\/wp\/v2\/tags?post=49325"},{"taxonomy":"calendar","embeddable":true,"href":"https:\/\/anprotec.org.br\/site\/wp-json\/wp\/v2\/calendar?post=49325"}],"curies":[{"name":"wp","href":"https:\/\/api.w.org\/{rel}","templated":true}]}}