{"id":49288,"date":"2025-02-26T16:51:56","date_gmt":"2025-02-26T19:51:56","guid":{"rendered":"https:\/\/anprotec.org.br\/site\/?p=49288"},"modified":"2025-02-26T16:54:09","modified_gmt":"2025-02-26T19:54:09","slug":"embaixada-do-brasil-em-dublin-seleciona-startups-para-o-dts-2025","status":"publish","type":"post","link":"https:\/\/anprotec.org.br\/site\/2025\/02\/embaixada-do-brasil-em-dublin-seleciona-startups-para-o-dts-2025\/","title":{"rendered":"Embaixada do Brasil em Dublin seleciona startups  para o DTS 2025"},"content":{"rendered":"<div class=\"wp-block-image\"><img decoding=\"async\" loading=\"lazy\" class=\"aligncenter wp-image-49289 size-full\" src=\"https:\/\/anprotec.org.br\/site\/wp-content\/uploads\/2025\/02\/Missao-Startups-BR_Dublin-Tech-Summit_banner-1.png\" alt=\"\" width=\"987\" height=\"552\" srcset=\"https:\/\/anprotec.org.br\/site\/wp-content\/uploads\/2025\/02\/Missao-Startups-BR_Dublin-Tech-Summit_banner-1.png 987w, https:\/\/anprotec.org.br\/site\/wp-content\/uploads\/2025\/02\/Missao-Startups-BR_Dublin-Tech-Summit_banner-1-300x168.png 300w, https:\/\/anprotec.org.br\/site\/wp-content\/uploads\/2025\/02\/Missao-Startups-BR_Dublin-Tech-Summit_banner-1-768x430.png 768w, https:\/\/anprotec.org.br\/site\/wp-content\/uploads\/2025\/02\/Missao-Startups-BR_Dublin-Tech-Summit_banner-1-260x146.png 260w, https:\/\/anprotec.org.br\/site\/wp-content\/uploads\/2025\/02\/Missao-Startups-BR_Dublin-Tech-Summit_banner-1-50x28.png 50w, https:\/\/anprotec.org.br\/site\/wp-content\/uploads\/2025\/02\/Missao-Startups-BR_Dublin-Tech-Summit_banner-1-134x75.png 134w\" sizes=\"(max-width: 987px) 100vw, 987px\" \/><\/div>\n<p>&nbsp;<\/p>\n<p><span style=\"font-weight: 400;\">A Embaixada do Brasil em Dublin convida empreendedores brasileiros a participarem de chamada p\u00fablica que selecionar\u00e1 duas startups inovadoras a participarem como expositores da edi\u00e7\u00e3o 2025 do <\/span><b>Dublin Tech Summit 2025 (DTS 2025)<\/b><span style=\"font-weight: 400;\">. A iniciativa faz parte do Programa de Diplomacia da Inova\u00e7\u00e3o (PDI), promovido pelo Minist\u00e9rio das Rela\u00e7\u00f5es Exteriores. As inscri\u00e7\u00f5es v\u00e3o at\u00e9 <\/span><b>23 de mar\u00e7o de 2025 <\/b><span style=\"font-weight: 400;\">e o evento acontece em <\/span><b>28 e 29 de maio<\/b><span style=\"font-weight: 400;\">.\u00a0<\/span><\/p>\n<p><span style=\"font-weight: 400;\">O Dublin Tech Summit \u00e9 a feira mais importante na \u00e1rea de tecnologia na Irlanda. Em 2024, o evento recebeu cerca de 8 mil participantes, 50 expositores, 200 conferencistas e 150 startups de 70 pa\u00edses diferentes. Essa \u00e9 uma oportunidade para startups que desejam expandir as parcerias e investir na internacionaliza\u00e7\u00e3o.\u00a0<\/span><\/p>\n<p><span style=\"font-weight: 400;\">Cada startup escolhida ocupar\u00e1 um estande de expositor, al\u00e9m de receber ingressos para a feira que dar\u00e1 a possibilidade de sess\u00e3o com investidores. Os participantes ainda participar\u00e3o de eventos de networking e de competi\u00e7\u00f5es de \u201cpitch\u201d, onde ser\u00e3o premiados os primeiros colocados.\u00a0<\/span><\/p>\n<p><span style=\"font-weight: 400;\">Ser\u00e3o selecionadas 2 startups para participar do DTS entre 28 e 29 de maio de 2025. Startups de qualquer n\u00edvel de investimento podem participar desta chamada. As startups escolhidas ter\u00e3o o custo de acomoda\u00e7\u00e3o para duas pessoas cobertas pela Embaixada do Brasil em Dublin.\u00a0<\/span><\/p>\n<p><span style=\"font-weight: 400;\">Dado o perfil estrat\u00e9gico do mercado irland\u00eas, ser\u00e3o priorizadas as \u00e1reas de IA, FinTech, HealthTech e AgriTech, uma vez que oferecem maior potencial para parcerias com o Brasil. Mas inscri\u00e7\u00f5es de startups de outras \u00e1reas tamb\u00e9m s\u00e3o bem-vindas e ser\u00e3o avaliadas conforme a viabilidade e relev\u00e2ncia de suas propostas.<\/span><\/p>\n<p><span style=\"font-weight: 400;\">Acesse o regulamento e o formul\u00e1rio de inscri\u00e7\u00e3o pelo link: <\/span><a href=\"https:\/\/www.gov.br\/mre\/pt-br\/embaixada-dublin\/missao-de-startups-brasileiras-ao-dublin-tech-summit-dts\"><span style=\"font-weight: 400;\">https:\/\/www.gov.br\/mre\/pt-br\/embaixada-dublin\/missao-de-startups-brasileiras-ao-dublin-tech-summit-dts<\/span><\/a><span style=\"font-weight: 400;\"> .\u00a0<\/span><\/p>\n","protected":false},"excerpt":{"rendered":"<p>&nbsp; A Embaixada do Brasil em Dublin convida empreendedores brasileiros<span class=\"excerpt-hellip\"> [\u2026]<\/span><\/p>\n","protected":false},"author":8,"featured_media":49293,"comment_status":"closed","ping_status":"closed","sticky":false,"template":"","format":"standard","meta":{"footnotes":"","_links_to":"","_links_to_target":""},"categories":[3,383],"tags":[],"calendar":[],"_links":{"self":[{"href":"https:\/\/anprotec.org.br\/site\/wp-json\/wp\/v2\/posts\/49288"}],"collection":[{"href":"https:\/\/anprotec.org.br\/site\/wp-json\/wp\/v2\/posts"}],"about":[{"href":"https:\/\/anprotec.org.br\/site\/wp-json\/wp\/v2\/types\/post"}],"author":[{"embeddable":true,"href":"https:\/\/anprotec.org.br\/site\/wp-json\/wp\/v2\/users\/8"}],"replies":[{"embeddable":true,"href":"https:\/\/anprotec.org.br\/site\/wp-json\/wp\/v2\/comments?post=49288"}],"version-history":[{"count":2,"href":"https:\/\/anprotec.org.br\/site\/wp-json\/wp\/v2\/posts\/49288\/revisions"}],"predecessor-version":[{"id":49291,"href":"https:\/\/anprotec.org.br\/site\/wp-json\/wp\/v2\/posts\/49288\/revisions\/49291"}],"wp:featuredmedia":[{"embeddable":true,"href":"https:\/\/anprotec.org.br\/site\/wp-json\/wp\/v2\/media\/49293"}],"wp:attachment":[{"href":"https:\/\/anprotec.org.br\/site\/wp-json\/wp\/v2\/media?parent=49288"}],"wp:term":[{"taxonomy":"category","embeddable":true,"href":"https:\/\/anprotec.org.br\/site\/wp-json\/wp\/v2\/categories?post=49288"},{"taxonomy":"post_tag","embeddable":true,"href":"https:\/\/anprotec.org.br\/site\/wp-json\/wp\/v2\/tags?post=49288"},{"taxonomy":"calendar","embeddable":true,"href":"https:\/\/anprotec.org.br\/site\/wp-json\/wp\/v2\/calendar?post=49288"}],"curies":[{"name":"wp","href":"https:\/\/api.w.org\/{rel}","templated":true}]}}