{"id":49282,"date":"2025-02-26T15:34:14","date_gmt":"2025-02-26T18:34:14","guid":{"rendered":"https:\/\/anprotec.org.br\/site\/?p=49282"},"modified":"2025-02-26T15:34:14","modified_gmt":"2025-02-26T18:34:14","slug":"em-campinas-sp-mcti-finep-e-bndes-anunciam-chamada-de-r-3-bilhoes-para-apoiar-centros-de-pdi","status":"publish","type":"post","link":"https:\/\/anprotec.org.br\/site\/2025\/02\/em-campinas-sp-mcti-finep-e-bndes-anunciam-chamada-de-r-3-bilhoes-para-apoiar-centros-de-pdi\/","title":{"rendered":"Em Campinas (SP), MCTI, FINEP e BNDES anunciam chamada de R$ 3 bilh\u00f5es para apoiar Centros de PD&#038;I"},"content":{"rendered":"<div class=\"wp-block-image\">\n<div class=\"wp-block-image\"><img decoding=\"async\" loading=\"lazy\" class=\"wp-image-49283 aligncenter\" src=\"https:\/\/anprotec.org.br\/site\/wp-content\/uploads\/2025\/02\/fa2b2b74-0982-44ec-89bb-5d31bb51bc25-300x200.jpeg\" alt=\"\" width=\"563\" height=\"375\" srcset=\"https:\/\/anprotec.org.br\/site\/wp-content\/uploads\/2025\/02\/fa2b2b74-0982-44ec-89bb-5d31bb51bc25-300x200.jpeg 300w, https:\/\/anprotec.org.br\/site\/wp-content\/uploads\/2025\/02\/fa2b2b74-0982-44ec-89bb-5d31bb51bc25-219x146.jpeg 219w, https:\/\/anprotec.org.br\/site\/wp-content\/uploads\/2025\/02\/fa2b2b74-0982-44ec-89bb-5d31bb51bc25-50x33.jpeg 50w, https:\/\/anprotec.org.br\/site\/wp-content\/uploads\/2025\/02\/fa2b2b74-0982-44ec-89bb-5d31bb51bc25-113x75.jpeg 113w, https:\/\/anprotec.org.br\/site\/wp-content\/uploads\/2025\/02\/fa2b2b74-0982-44ec-89bb-5d31bb51bc25.jpeg 768w\" sizes=\"(max-width: 563px) 100vw, 563px\" \/><\/div>\n<\/div>\n<div style=\"text-align: center;\">Foto:Luara Baggi<\/div>\n<p>Iniciativa faz parte da Nova Ind\u00fastria Brasil e tem como objetivo implantar e expandir centros de pesquisa, desenvolvimento e inova\u00e7\u00e3o<\/p>\n<p>Minist\u00e9rio da Ci\u00eancia, Tecnologia e Inova\u00e7\u00e3o (MCTI) e a Finep anunciaram, nesta quinta-feira (20), em Campinas (SP), uma nova chamada p\u00fablica de R$ 3 bilh\u00f5es, em parceria com o Banco Nacional de Desenvolvimento Econ\u00f4mico e Social (BNDES), para atrair, implantar e expandir centros de pesquisa e desenvolvimento tecnol\u00f3gico no Brasil. A iniciativa faz parte da Nova Ind\u00fastria Brasil (NIB) e visa fortalecer a capacidade de inova\u00e7\u00e3o do pa\u00eds, impulsionando setores estrat\u00e9gicos como mobilidade sustent\u00e1vel, ind\u00fastria 4.0 e sistemas inteligentes para o agroneg\u00f3cio.<\/p>\n<p>O anuncio foi feito durante visita \u00e0s instala\u00e7\u00f5es da Bosch, realizada pelo vice-presidente e ministro do Desenvolvimento, Ind\u00fastria e Com\u00e9rcio (MDIC), Geraldo Alckmin, pela ministra da Ci\u00eancia, Tecnologia e Inova\u00e7\u00e3o (MCTI), Luciana Santos, pelo presidente da Financiadora de Estudos e Projetos (Finep), Celso Pansera, pelo diretor do BNDES Jos\u00e9 Luis Gordon e outras autoridades.<\/p>\n<p>A ministra do MCTI, Luciana Santos, destacou a import\u00e2ncia do investimento cont\u00ednuo do governo em inova\u00e7\u00e3o. \u201cN\u00f3s sabemos que o desenvolvimento que a gente quer \u2013 sustent\u00e1vel e inclusivo \u2013 depende da supera\u00e7\u00e3o do nosso atraso produtivo e tecnol\u00f3gico e do apoio do poder p\u00fablico \u00e0 inova\u00e7\u00e3o, sobretudo na ind\u00fastria. E \u00e9 isso que temos feito e estamos celebrando hoje aqui\u201d, afirmou.<\/p>\n<p><strong>Oportunidade para novas empresas<\/strong><\/p>\n<p>A chamada p\u00fablica tem or\u00e7amento de R$ 3 bilh\u00f5es para apoiar os centros com os instrumentos de cr\u00e9dito, participa\u00e7\u00e3o acion\u00e1ria, recursos n\u00e3o-reembols\u00e1veis para projetos cooperativos entre empresas e institui\u00e7\u00f5es tecnol\u00f3gicas e subven\u00e7\u00e3o econ\u00f4mica, operados pelo BNDES ou pela FINEP. S\u00e3o considerados Centros de PD&amp;I as instala\u00e7\u00f5es que compreendem laborat\u00f3rios, plantas-piloto, plantas de demonstra\u00e7\u00e3o e outras instala\u00e7\u00f5es de uso exclusivo para atividades de pesquisa, desenvolvimento tecnol\u00f3gico e inova\u00e7\u00e3o.<\/p>\n<p>A chamada p\u00fablica est\u00e1 aberta para empresas brasileiras e estrangeiras formalizadas no Brasil. As propostas devem contemplar a implementa\u00e7\u00e3o ou expans\u00e3o de centros de PD&amp;I para o desenvolvimento de solu\u00e7\u00f5es inovadoras em linha com as miss\u00f5es da NIB.<\/p>\n<p>Com esse cen\u00e1rio favor\u00e1vel, o pa\u00eds tem se consolidado como um polo estrat\u00e9gico para investimentos em tecnologia e sustentabilidade. O novo edital de R$ 3 bilh\u00f5es refor\u00e7a esse compromisso, destacou o vice-presidente Geraldo Alckmin. \u201cUma ind\u00fastria forte pode crescer, gerar mais empregos, impulsionar o desenvolvimento e melhorar a qualidade de vida da popula\u00e7\u00e3o. Essa iniciativa fortalece a competitividade do setor, reduz emiss\u00f5es e contribui tanto para a preserva\u00e7\u00e3o do meio ambiente quanto para a transforma\u00e7\u00e3o digital\u201d, disse.<\/p>\n<p><strong>Parceria com a Bosch<br \/>\n<\/strong><br \/>\nA Finep tem um hist\u00f3rico de investimentos na Bosch que, a partir de 2023, soma mais de R$ 600 milh\u00f5es em projetos, incluindo as contrapartidas da empresa. Esse apoio foi decisivo para a multinacional escolher o Brasil como sede do seu Centro Global de P&amp;D no Agro, superando concorrentes como Estados Unidos e \u00cdndia. O centro ir\u00e1 focar no desenvolvimento de tecnologias para mobilidade sustent\u00e1vel, seguran\u00e7a e conectividade, sistemas inteligentes para o agroneg\u00f3cio e remanufatura de componentes automotivos.<\/p>\n<p>Para o CEO da Bosch Am\u00e9rica Latina, Gast\u00f3n Diaz Perez, a parceria com o setor p\u00fablico \u00e9 essencial para impulsionar novas tecnologias e inova\u00e7\u00e3o. \u201cO Brasil possui uma ind\u00fastria automotiva forte e competitiva, com investimentos em alta tecnologia nacional. Estamos em crescimento e ganhando cada vez mais competitividade, mas \u00e9 fundamental assegurar condi\u00e7\u00f5es justas para que possamos competir de igual para igual no mercado externo\u201d.<\/p>\n<p>Na \u00faltima segunda-feira (17), a Finep aprovou um novo projeto em parceria com a Bosch, com grande potencial para inova\u00e7\u00e3o no setor de transporte. Trata-se do &#8220;Desenvolvimento de Sistema Dual-Fuel Diesel-Etanol para Caminh\u00f5es de Minera\u00e7\u00e3o&#8221;, iniciativa contemplada no Edital Mais Inova\u00e7\u00e3o Brasil \u2013 Mobilidade Urbana, com investimento total de R$ 18,4 milh\u00f5es, sendo metade financiada pela Finep e a outra metade como contrapartida da empresa.<\/p>\n<p>Outros tr\u00eas projetos est\u00e3o inseridos no programa Mais Inova\u00e7\u00e3o Brasil, voltados para cadeias agroindustriais sustent\u00e1veis e monitoramento de emiss\u00f5es de gases de efeito estufa. A Bosch tamb\u00e9m participa de duas iniciativas dentro do programa Rota 2030, que tem como objetivo modernizar a ind\u00fastria automobil\u00edstica brasileira.<\/p>\n<p>Mat\u00e9ria:https:\/\/www.gov.br\/mcti\/pt-br\/acompanhe-o-mcti\/noticias\/2025\/02\/em-campinas-sp-mcti-finep-e-bndes-anunciam-chamada-de-r-3-bilhoes-para-apoiar-centros-de-pd-i<\/p>\n","protected":false},"excerpt":{"rendered":"<p>Foto:Luara Baggi Iniciativa faz parte da Nova Ind\u00fastria Brasil e<span class=\"excerpt-hellip\"> [\u2026]<\/span><\/p>\n","protected":false},"author":8,"featured_media":49284,"comment_status":"closed","ping_status":"closed","sticky":false,"template":"","format":"standard","meta":{"footnotes":"","_links_to":"","_links_to_target":""},"categories":[415,3],"tags":[],"calendar":[],"_links":{"self":[{"href":"https:\/\/anprotec.org.br\/site\/wp-json\/wp\/v2\/posts\/49282"}],"collection":[{"href":"https:\/\/anprotec.org.br\/site\/wp-json\/wp\/v2\/posts"}],"about":[{"href":"https:\/\/anprotec.org.br\/site\/wp-json\/wp\/v2\/types\/post"}],"author":[{"embeddable":true,"href":"https:\/\/anprotec.org.br\/site\/wp-json\/wp\/v2\/users\/8"}],"replies":[{"embeddable":true,"href":"https:\/\/anprotec.org.br\/site\/wp-json\/wp\/v2\/comments?post=49282"}],"version-history":[{"count":2,"href":"https:\/\/anprotec.org.br\/site\/wp-json\/wp\/v2\/posts\/49282\/revisions"}],"predecessor-version":[{"id":49286,"href":"https:\/\/anprotec.org.br\/site\/wp-json\/wp\/v2\/posts\/49282\/revisions\/49286"}],"wp:featuredmedia":[{"embeddable":true,"href":"https:\/\/anprotec.org.br\/site\/wp-json\/wp\/v2\/media\/49284"}],"wp:attachment":[{"href":"https:\/\/anprotec.org.br\/site\/wp-json\/wp\/v2\/media?parent=49282"}],"wp:term":[{"taxonomy":"category","embeddable":true,"href":"https:\/\/anprotec.org.br\/site\/wp-json\/wp\/v2\/categories?post=49282"},{"taxonomy":"post_tag","embeddable":true,"href":"https:\/\/anprotec.org.br\/site\/wp-json\/wp\/v2\/tags?post=49282"},{"taxonomy":"calendar","embeddable":true,"href":"https:\/\/anprotec.org.br\/site\/wp-json\/wp\/v2\/calendar?post=49282"}],"curies":[{"name":"wp","href":"https:\/\/api.w.org\/{rel}","templated":true}]}}