{"id":4924,"date":"2013-11-25T13:41:14","date_gmt":"2013-11-25T16:41:14","guid":{"rendered":"http:\/\/anprotec.org.br\/site\/?p=4924"},"modified":"2013-11-25T13:50:03","modified_gmt":"2013-11-25T16:50:03","slug":"forum-tecnegocios-apresentara-empresas-incubadas","status":"publish","type":"post","link":"https:\/\/anprotec.org.br\/site\/2013\/11\/forum-tecnegocios-apresentara-empresas-incubadas\/","title":{"rendered":"<!--:pt-->F\u00f3rum apresentar\u00e1 empresas incubadas<!--:-->"},"content":{"rendered":"<p><!--:pt--><\/p>\n<p style=\"text-align: justify;\" align=\"center\"><img decoding=\"async\" loading=\"lazy\" class=\"alignleft size-thumbnail wp-image-4925\" alt=\"\" src=\"https:\/\/anprotec.org.br\/site\/wp-content\/uploads\/2013\/11\/20131125-F\u00f3rum-Tecneg\u00f3cios-270x160.jpg\" width=\"270\" height=\"160\" \/>No pr\u00f3ximo dia 28, empresas incubadas de Minas Gerais que atuam nas \u00e1reas de tecnologia e modelo de neg\u00f3cios estar\u00e3o reunidas no <a href=\"http:\/\/www.forumtecnegocios.com\/\" target=\"_blank\">F\u00f3rum TecNeg\u00f3cios<\/a>, em Uberaba (MG). Realizado pela <a href=\"http:\/\/www.centev.ufv.br\/incubadora\/\" target=\"_blank\">Incubadora de Empresas de Base Tecnol\u00f3gica do Centro Tecnol\u00f3gico de Desenvolvimento Regional de Vi\u00e7osa<\/a> (IEBT\/Centev), juntamente com o <a href=\"http:\/\/www.ciaem.org.br\/\" target=\"_blank\">Centro de Incuba\u00e7\u00e3o de Atividades Empreendedoras<\/a> (Ciaem), a <a href=\"http:\/\/www.uniube.br\/institucional\/unitecne\/unitecne.php\" target=\"_blank\">Unidade de Tecnologia e Neg\u00f3cios da Uniube<\/a> (Unitecne) e a <a href=\"http:\/\/www.rmi.org.br\/#!\/pages\/incubadoraiep\" target=\"_blank\">Incubadora de Empresas de Patos de Minas<\/a> (Iep), o encontro tem como objetivo estimular a cultura do empreendedorismo inovador e fomentar o networking, visando potencializar os resultados das empresas incubadas. As inscri\u00e7\u00f5es s\u00e3o gratuitas e podem ser feitas <a href=\"http:\/\/www.forumtecnegocios.com\/#!inscricoes\/c1fnz\" target=\"_blank\">online<\/a>\u00a0at\u00e9 amanh\u00e3.<\/p>\n<p style=\"text-align: justify;\">A programa\u00e7\u00e3o do F\u00f3rum iniciar\u00e1 \u00e0s 19h com a palestra de abertura de Roberto Viana, analista de neg\u00f3cios e l\u00edder do Comit\u00ea de Inova\u00e7\u00e3o da <a href=\"http:\/\/www.algarmidia.com.br\/\" target=\"_blank\">Algar M\u00eddia<\/a>. Na sequ\u00eancia, \u00e0s 19h45, 12 empresas previamente selecionadas ser\u00e3o apresentadas a potenciais investidores, autoridades e demais interessados em inova\u00e7\u00e3o. Para encerrar o encontro, \u00e0s 21h30, ser\u00e1 realizado um coquetel.\u00a0Todas as atividades acontecer\u00e3o no Anfiteatro do Centro de Educa\u00e7\u00e3o Ambiental (CEA), no Parque Cient\u00edfico e Tecnol\u00f3gico de Uberaba. Mais informa\u00e7\u00f5es sobre as empresas participantes podem ser obtidas <a href=\"https:\/\/www.dropbox.com\/s\/0nllgrojntgzdie\/EMPRESAS%20-%20F%C3%B3rum%20TecNeg%C3%B3cios.pdf\" target=\"_blank\">aqui<\/a>.<\/p>\n<p><!--:--><\/p>\n","protected":false},"excerpt":{"rendered":"<p><!--:pt-->O F\u00f3rum TecNeg\u00f3cios, que acontece dia 28, em Uberaba, contar\u00e1 com uma palestra, as apresenta\u00e7\u00f5es de 12 empresas e um coquetel. As inscri\u00e7\u00f5es s\u00e3o gratuitas e podem ser feitas at\u00e9 amanh\u00e3.<!--:--><\/p>\n","protected":false},"author":8,"featured_media":4925,"comment_status":"open","ping_status":"open","sticky":false,"template":"","format":"standard","meta":{"footnotes":"","_links_to":"","_links_to_target":""},"categories":[3],"tags":[],"calendar":[],"_links":{"self":[{"href":"https:\/\/anprotec.org.br\/site\/wp-json\/wp\/v2\/posts\/4924"}],"collection":[{"href":"https:\/\/anprotec.org.br\/site\/wp-json\/wp\/v2\/posts"}],"about":[{"href":"https:\/\/anprotec.org.br\/site\/wp-json\/wp\/v2\/types\/post"}],"author":[{"embeddable":true,"href":"https:\/\/anprotec.org.br\/site\/wp-json\/wp\/v2\/users\/8"}],"replies":[{"embeddable":true,"href":"https:\/\/anprotec.org.br\/site\/wp-json\/wp\/v2\/comments?post=4924"}],"version-history":[{"count":8,"href":"https:\/\/anprotec.org.br\/site\/wp-json\/wp\/v2\/posts\/4924\/revisions"}],"predecessor-version":[{"id":4933,"href":"https:\/\/anprotec.org.br\/site\/wp-json\/wp\/v2\/posts\/4924\/revisions\/4933"}],"wp:featuredmedia":[{"embeddable":true,"href":"https:\/\/anprotec.org.br\/site\/wp-json\/wp\/v2\/media\/4925"}],"wp:attachment":[{"href":"https:\/\/anprotec.org.br\/site\/wp-json\/wp\/v2\/media?parent=4924"}],"wp:term":[{"taxonomy":"category","embeddable":true,"href":"https:\/\/anprotec.org.br\/site\/wp-json\/wp\/v2\/categories?post=4924"},{"taxonomy":"post_tag","embeddable":true,"href":"https:\/\/anprotec.org.br\/site\/wp-json\/wp\/v2\/tags?post=4924"},{"taxonomy":"calendar","embeddable":true,"href":"https:\/\/anprotec.org.br\/site\/wp-json\/wp\/v2\/calendar?post=4924"}],"curies":[{"name":"wp","href":"https:\/\/api.w.org\/{rel}","templated":true}]}}