{"id":49238,"date":"2025-02-20T13:41:23","date_gmt":"2025-02-20T16:41:23","guid":{"rendered":"https:\/\/anprotec.org.br\/site\/?p=49238"},"modified":"2025-02-21T18:07:19","modified_gmt":"2025-02-21T21:07:19","slug":"parques-tecnologicos-de-9-estados-vao-receber-r-100-milhoes-do-mcti-e-finep","status":"publish","type":"post","link":"https:\/\/anprotec.org.br\/site\/2025\/02\/parques-tecnologicos-de-9-estados-vao-receber-r-100-milhoes-do-mcti-e-finep\/","title":{"rendered":"Parques tecnol\u00f3gicos de 9 estados v\u00e3o receber R$ 100 milh\u00f5es do MCTI e Finep"},"content":{"rendered":"<p>&nbsp;<\/p>\n<div class=\"wp-block-image\"><img decoding=\"async\" loading=\"lazy\" class=\"wp-image-49239 aligncenter\" src=\"https:\/\/anprotec.org.br\/site\/wp-content\/uploads\/2025\/02\/d7b3407f-9d9c-4fe4-a13a-508d1ae25c30-300x200.png\" alt=\"\" width=\"635\" height=\"423\" srcset=\"https:\/\/anprotec.org.br\/site\/wp-content\/uploads\/2025\/02\/d7b3407f-9d9c-4fe4-a13a-508d1ae25c30-300x200.png 300w, https:\/\/anprotec.org.br\/site\/wp-content\/uploads\/2025\/02\/d7b3407f-9d9c-4fe4-a13a-508d1ae25c30-219x146.png 219w, https:\/\/anprotec.org.br\/site\/wp-content\/uploads\/2025\/02\/d7b3407f-9d9c-4fe4-a13a-508d1ae25c30-50x33.png 50w, https:\/\/anprotec.org.br\/site\/wp-content\/uploads\/2025\/02\/d7b3407f-9d9c-4fe4-a13a-508d1ae25c30-113x75.png 113w, https:\/\/anprotec.org.br\/site\/wp-content\/uploads\/2025\/02\/d7b3407f-9d9c-4fe4-a13a-508d1ae25c30.png 768w\" sizes=\"(max-width: 635px) 100vw, 635px\" \/><\/div>\n<div style=\"text-align: center;\">\n<div id=\"viewlet-above-content-body\">\n<div id=\"media\">\n<p class=\"discreet\">Parque de Inova\u00e7\u00e3o Tecnol\u00f3gica S\u00e3o Jos\u00e9 dos Campos (SP) &#8211; Divulga\u00e7\u00e3o<\/p>\n<p style=\"text-align: left;\">Resultado final da chamada p\u00fablica contempla 17 propostas para receber os investimentos, a maioria em estados das Regi\u00f5es Norte e Nordeste<\/p>\n<\/div>\n<p style=\"text-align: left;\">Para estimular o desenvolvimento tecnol\u00f3gico e reduzir as desigualdades regionais, um investimento no valor de R$ 100 milh\u00f5es vai apoiar a implanta\u00e7\u00e3o ou opera\u00e7\u00e3o de parques tecnol\u00f3gicos em nove estados do Brasil, principalmente nas Regi\u00f5es Norte e Nordeste. O <a class=\"external-link\" title=\"\" href=\"http:\/\/www.finep.gov.br\/images\/chamadas-publicas\/2025\/17_02_2025_PT_2024_Resultado_Final_Habilitacao.pdf\" target=\"_blank\" rel=\"noopener\" data-tippreview-enabled=\"false\" data-tippreview-image=\"\" data-tippreview-title=\"\">resultado final<\/a>\u00a0da chamada p\u00fablica do Minist\u00e9rio da Ci\u00eancia, Tecnologia\u00a0 e Inova\u00e7\u00e3o (MCTI) e da Financiadora de Estudos e Projetos (Finep) foi publicado na segunda-feira (17).<\/p>\n<p style=\"text-align: left;\">Os R$ 100 milh\u00f5es em recursos do Fundo Nacional de Desenvolvimento Cient\u00edfico e Tecnol\u00f3gico (FNDCT) n\u00e3o-reembols\u00e1veis ser\u00e3o aplicados em 17 parques tecnol\u00f3gicos distribu\u00eddos por nove estados: Amazonas (4), Tocantins (2), Amap\u00e1 (1) e Rond\u00f4nia (1), na Regi\u00e3o Norte; Sergipe (3), Alagoas (2) e Maranh\u00e3o (2), no Nordeste; Mato Grosso (1), no Centro-Oeste; e Esp\u00edrito Santo (1), no Sudeste (veja a lista de institui\u00e7\u00f5es abaixo).<\/p>\n<p style=\"text-align: left;\">\u201cN\u00f3s assumimos um compromisso de reduzir as assimetrias regionais do nossos pa\u00eds, levando desenvolvimento para todos os brasileiros. E \u00e9 isso que temos buscado em nossos editais\u201d, destaca a ministra da Ci\u00eancia, Tecnologia e Inova\u00e7\u00e3o, Luciana Santos.<\/p>\n<p style=\"text-align: left;\">A ministra refor\u00e7a a import\u00e2ncia da chamada para estimular a coopera\u00e7\u00e3o entre os diferentes setores que atuam em pesquisa, desenvolvimento e inova\u00e7\u00e3o. \u201cPrecisamos fortalecer a integra\u00e7\u00e3o entre academia, setor produtivo e governo. Os parques tecnol\u00f3gicos promovem justamente essa liga\u00e7\u00e3o, fomentando a inova\u00e7\u00e3o e o desenvolvimento cient\u00edfico\u201d, afirma.<\/p>\n<p style=\"text-align: left;\">Com o financiamento \u00e0 implanta\u00e7\u00e3o ou opera\u00e7\u00e3o de parques tecnol\u00f3gicos, MCTI e Finep buscam fomentar o desenvolvimento tecnol\u00f3gico local e regional, o aumento da competitividade e a promo\u00e7\u00e3o de ecossistemas de Inova\u00e7\u00e3o e da sociedade do conhecimento.<\/p>\n<p style=\"text-align: left;\">O investimento nesses ecossistemas de inova\u00e7\u00e3o se reflete no desenvolvimento econ\u00f4mico regional, na gera\u00e7\u00e3o de novas patentes, na abertura de novas empresas e em oportunidades de trabalho, tanto para rec\u00e9m-formados quando para profissionais qualificados.\u00a0 Parques tecnol\u00f3gicos t\u00eam se consolidado como elementos essenciais para impulsionar a pesquisa, o desenvolvimento e a aplica\u00e7\u00e3o de novas tecnologias, o que leva ao aumento da competitividade regional e tamb\u00e9m nacional.<\/p>\n<p style=\"text-align: left;\"><strong>Crit\u00e9rios<br \/>\n<\/strong><br \/>\nLan\u00e7ada em outubro de 2024, a chamada p\u00fablica tem por objetivo apoiar a implanta\u00e7\u00e3o ou opera\u00e7\u00e3o de Parques Tecnol\u00f3gicos em estados que n\u00e3o haviam sido contemplados em um edital anterior, de 2021. O edital recebeu o total de 25 propostas, provenientes de 9 estados, tendo 17 delas sido habilitadas.<\/p>\n<p style=\"text-align: left;\">Para aceitar a proposta, a Finep analisou crit\u00e9rios como a contribui\u00e7\u00e3o para o desenvolvimento local, a vincula\u00e7\u00e3o ao Plano de Inova\u00e7\u00e3o da regi\u00e3o e parcerias com universidades, empresas e outros hubs de inova\u00e7\u00e3o. O valor solicitado por cada proposta foi estabelecido entre R$ 4 milh\u00f5es e R$ 15 milh\u00f5es.<\/p>\n<p style=\"text-align: left;\">De acordo com a plataforma\u00a0<a class=\"external-link\" title=\"\" href=\"https:\/\/www.inovalink.org\/\" target=\"_blank\" rel=\"noopener\" data-tippreview-enabled=\"false\" data-tippreview-image=\"\" data-tippreview-title=\"\">Inovalink<\/a>, atualmente, existem 64 parques tecnol\u00f3gicos em opera\u00e7\u00e3o no pa\u00eds, 42 sendo implantados e sete ainda em fase de planejamento. A plataforma \u00e9 uma parceria entre o MCTI, o Servi\u00e7o Brasileiro de Apoio \u00e0s Micro e Pequenas Empresas (Sebrae), Universidade Federal de Vi\u00e7osa (UFV) e Associa\u00e7\u00e3o Nacional de Entidades Promotoras de Empreendimentos Inovadores (Anprotec).<\/p>\n<p style=\"text-align: left;\">Confira as informa\u00e7\u00f5es e o resultado final da\u00a0<a class=\"external-link\" title=\"\" href=\"http:\/\/www.finep.gov.br\/chamadas-publicas\/chamadapublica\/750\" target=\"_blank\" rel=\"noopener\" data-tippreview-enabled=\"false\" data-tippreview-image=\"\" data-tippreview-title=\"\">Chamada P\u00fablica MCTI\/Finep\/FNDCT-Verde Amarelo\/Parques Tecnol\u00f3gicos\u201301\/2024<\/a>.<\/p>\n<p style=\"text-align: left;\">Veja a lista de propostas selecionadas:<\/p>\n<div class=\"wp-block-image\"><img decoding=\"async\" loading=\"lazy\" class=\"alignnone wp-image-49240\" src=\"https:\/\/anprotec.org.br\/site\/wp-content\/uploads\/2025\/02\/fa074c26-84b2-4d0c-8b6e-3743bd4a48c9-300x220.png\" alt=\"\" width=\"678\" height=\"497\" srcset=\"https:\/\/anprotec.org.br\/site\/wp-content\/uploads\/2025\/02\/fa074c26-84b2-4d0c-8b6e-3743bd4a48c9-300x220.png 300w, https:\/\/anprotec.org.br\/site\/wp-content\/uploads\/2025\/02\/fa074c26-84b2-4d0c-8b6e-3743bd4a48c9-1024x750.png 1024w, https:\/\/anprotec.org.br\/site\/wp-content\/uploads\/2025\/02\/fa074c26-84b2-4d0c-8b6e-3743bd4a48c9-768x562.png 768w, https:\/\/anprotec.org.br\/site\/wp-content\/uploads\/2025\/02\/fa074c26-84b2-4d0c-8b6e-3743bd4a48c9-199x146.png 199w, https:\/\/anprotec.org.br\/site\/wp-content\/uploads\/2025\/02\/fa074c26-84b2-4d0c-8b6e-3743bd4a48c9-50x37.png 50w, https:\/\/anprotec.org.br\/site\/wp-content\/uploads\/2025\/02\/fa074c26-84b2-4d0c-8b6e-3743bd4a48c9-102x75.png 102w, https:\/\/anprotec.org.br\/site\/wp-content\/uploads\/2025\/02\/fa074c26-84b2-4d0c-8b6e-3743bd4a48c9.png 1128w\" sizes=\"(max-width: 678px) 100vw, 678px\" \/><\/div>\n<div>Divulga\u00e7\u00e3o Finep<\/div>\n<\/div>\n<div style=\"text-align: left;\">Not\u00edcia publicada originalmente pelo MCTI<\/div>\n<\/div>\n","protected":false},"excerpt":{"rendered":"<p>&nbsp; Parque de Inova\u00e7\u00e3o Tecnol\u00f3gica S\u00e3o Jos\u00e9 dos Campos (SP)<span class=\"excerpt-hellip\"> [\u2026]<\/span><\/p>\n","protected":false},"author":8,"featured_media":49239,"comment_status":"closed","ping_status":"closed","sticky":false,"template":"","format":"standard","meta":{"footnotes":"","_links_to":"","_links_to_target":""},"categories":[3,414],"tags":[],"calendar":[],"_links":{"self":[{"href":"https:\/\/anprotec.org.br\/site\/wp-json\/wp\/v2\/posts\/49238"}],"collection":[{"href":"https:\/\/anprotec.org.br\/site\/wp-json\/wp\/v2\/posts"}],"about":[{"href":"https:\/\/anprotec.org.br\/site\/wp-json\/wp\/v2\/types\/post"}],"author":[{"embeddable":true,"href":"https:\/\/anprotec.org.br\/site\/wp-json\/wp\/v2\/users\/8"}],"replies":[{"embeddable":true,"href":"https:\/\/anprotec.org.br\/site\/wp-json\/wp\/v2\/comments?post=49238"}],"version-history":[{"count":3,"href":"https:\/\/anprotec.org.br\/site\/wp-json\/wp\/v2\/posts\/49238\/revisions"}],"predecessor-version":[{"id":49242,"href":"https:\/\/anprotec.org.br\/site\/wp-json\/wp\/v2\/posts\/49238\/revisions\/49242"}],"wp:featuredmedia":[{"embeddable":true,"href":"https:\/\/anprotec.org.br\/site\/wp-json\/wp\/v2\/media\/49239"}],"wp:attachment":[{"href":"https:\/\/anprotec.org.br\/site\/wp-json\/wp\/v2\/media?parent=49238"}],"wp:term":[{"taxonomy":"category","embeddable":true,"href":"https:\/\/anprotec.org.br\/site\/wp-json\/wp\/v2\/categories?post=49238"},{"taxonomy":"post_tag","embeddable":true,"href":"https:\/\/anprotec.org.br\/site\/wp-json\/wp\/v2\/tags?post=49238"},{"taxonomy":"calendar","embeddable":true,"href":"https:\/\/anprotec.org.br\/site\/wp-json\/wp\/v2\/calendar?post=49238"}],"curies":[{"name":"wp","href":"https:\/\/api.w.org\/{rel}","templated":true}]}}