{"id":49204,"date":"2025-02-14T14:11:01","date_gmt":"2025-02-14T17:11:01","guid":{"rendered":"https:\/\/anprotec.org.br\/site\/?p=49204"},"modified":"2025-02-14T14:11:01","modified_gmt":"2025-02-14T17:11:01","slug":"startups-e-pmes-podem-concorrer-ao-wipo-global-awards-2025","status":"publish","type":"post","link":"https:\/\/anprotec.org.br\/site\/2025\/02\/startups-e-pmes-podem-concorrer-ao-wipo-global-awards-2025\/","title":{"rendered":"Startups e PMEs podem concorrer ao WIPO Global Awards 2025"},"content":{"rendered":"<div class=\"wp-block-image\"><img decoding=\"async\" loading=\"lazy\" class=\"wp-image-49205 aligncenter\" src=\"https:\/\/anprotec.org.br\/site\/wp-content\/uploads\/2025\/02\/transferir-3-300x158.jpg\" alt=\"\" width=\"545\" height=\"287\" srcset=\"https:\/\/anprotec.org.br\/site\/wp-content\/uploads\/2025\/02\/transferir-3-300x158.jpg 300w, https:\/\/anprotec.org.br\/site\/wp-content\/uploads\/2025\/02\/transferir-3-260x137.jpg 260w, https:\/\/anprotec.org.br\/site\/wp-content\/uploads\/2025\/02\/transferir-3-50x26.jpg 50w, https:\/\/anprotec.org.br\/site\/wp-content\/uploads\/2025\/02\/transferir-3-143x75.jpg 143w, https:\/\/anprotec.org.br\/site\/wp-content\/uploads\/2025\/02\/transferir-3.jpg 310w\" sizes=\"(max-width: 545px) 100vw, 545px\" \/><\/div>\n<p><span style=\"font-weight: 400;\">A Organiza\u00e7\u00e3o Mundial de Propriedade Intelectual (OMPI) abriu as inscri\u00e7\u00f5es para a edi\u00e7\u00e3o de 2025 do pr\u00eamio WIPO Global Awards, que reconhece pequenas e m\u00e9dias empresas, startups e institui\u00e7\u00f5es acad\u00eamicas que se destacam no uso estrat\u00e9gico da propriedade intelectual para gerar impactos socioecon\u00f4micos positivos.<\/span><\/p>\n<p><span style=\"font-weight: 400;\">As inscri\u00e7\u00f5es est\u00e3o abertas at\u00e9 31 de mar\u00e7o de 2025 e podem ser feitas diretamente no site da premia\u00e7\u00e3o:<\/span><a href=\"https:\/\/www.wipo.int\/en\/web\/awards\/global\/how-to-apply\"> <span style=\"font-weight: 400;\">WIPO Global Awards<\/span><\/a><span style=\"font-weight: 400;\">. Al\u00e9m do reconhecimento internacional, os vencedores ter\u00e3o acesso a um programa de mentoria personalizada da OMPI em propriedade intelectual e financiamento para cobrir os custos de viagem para a cerim\u00f4nia de premia\u00e7\u00e3o em Genebra, Su\u00ed\u00e7a.<\/span><\/p>\n<p><b>Destaques da edi\u00e7\u00e3o 2025<\/b><\/p>\n<p><span style=\"font-weight: 400;\">Este ano, o pr\u00eamio trar\u00e1 men\u00e7\u00f5es especiais para a melhor mulher empreendedora e o melhor jovem empreendedor, ampliando as oportunidades de visibilidade para lideran\u00e7as inovadoras.<\/span><\/p>\n<p><span style=\"font-weight: 400;\">A iniciativa conta com o apoio do Minist\u00e9rio das Rela\u00e7\u00f5es Exteriores (MRE) e da Anprotec na promo\u00e7\u00e3o do pr\u00eamio no Brasil, refor\u00e7ando a import\u00e2ncia da propriedade intelectual como motor da inova\u00e7\u00e3o e do desenvolvimento econ\u00f4mico.\u00a0<\/span><\/p>\n<p><span style=\"font-weight: 400;\">Para mais informa\u00e7\u00f5es sobre o regulamento, acesse o documento oficial da OMPI:<\/span><a href=\"https:\/\/www.wipo.int\/documents\/d\/awards\/docs-en-wipo-global-awards-rules.pdf\"> <span style=\"font-weight: 400;\">Regras do WIPO Global Awards<\/span><\/a><span style=\"font-weight: 400;\">.<\/span><\/p>\n<p>&nbsp;<\/p>\n","protected":false},"excerpt":{"rendered":"<p>A Organiza\u00e7\u00e3o Mundial de Propriedade Intelectual (OMPI) abriu as inscri\u00e7\u00f5es<span class=\"excerpt-hellip\"> [\u2026]<\/span><\/p>\n","protected":false},"author":8,"featured_media":49205,"comment_status":"closed","ping_status":"closed","sticky":false,"template":"","format":"standard","meta":{"footnotes":"","_links_to":"","_links_to_target":""},"categories":[383],"tags":[],"calendar":[],"_links":{"self":[{"href":"https:\/\/anprotec.org.br\/site\/wp-json\/wp\/v2\/posts\/49204"}],"collection":[{"href":"https:\/\/anprotec.org.br\/site\/wp-json\/wp\/v2\/posts"}],"about":[{"href":"https:\/\/anprotec.org.br\/site\/wp-json\/wp\/v2\/types\/post"}],"author":[{"embeddable":true,"href":"https:\/\/anprotec.org.br\/site\/wp-json\/wp\/v2\/users\/8"}],"replies":[{"embeddable":true,"href":"https:\/\/anprotec.org.br\/site\/wp-json\/wp\/v2\/comments?post=49204"}],"version-history":[{"count":1,"href":"https:\/\/anprotec.org.br\/site\/wp-json\/wp\/v2\/posts\/49204\/revisions"}],"predecessor-version":[{"id":49206,"href":"https:\/\/anprotec.org.br\/site\/wp-json\/wp\/v2\/posts\/49204\/revisions\/49206"}],"wp:featuredmedia":[{"embeddable":true,"href":"https:\/\/anprotec.org.br\/site\/wp-json\/wp\/v2\/media\/49205"}],"wp:attachment":[{"href":"https:\/\/anprotec.org.br\/site\/wp-json\/wp\/v2\/media?parent=49204"}],"wp:term":[{"taxonomy":"category","embeddable":true,"href":"https:\/\/anprotec.org.br\/site\/wp-json\/wp\/v2\/categories?post=49204"},{"taxonomy":"post_tag","embeddable":true,"href":"https:\/\/anprotec.org.br\/site\/wp-json\/wp\/v2\/tags?post=49204"},{"taxonomy":"calendar","embeddable":true,"href":"https:\/\/anprotec.org.br\/site\/wp-json\/wp\/v2\/calendar?post=49204"}],"curies":[{"name":"wp","href":"https:\/\/api.w.org\/{rel}","templated":true}]}}